{"id":47652,"date":"2022-08-30T19:45:37","date_gmt":"2022-08-30T19:45:37","guid":{"rendered":"https:\/\/www.ole.com.ar\/futbol-internacional\/matias-monito-vargas-oficial-shanghai-china_0_SI4ksRwekL.html"},"modified":"2022-08-30T19:45:37","modified_gmt":"2022-08-30T19:45:37","slug":"el-monito-vargas-fue-presentado-en-el-shanghai-port-fc-de-china","status":"publish","type":"post","link":"http:\/\/hoycordobaweb.com\/index.php\/2022\/08\/30\/el-monito-vargas-fue-presentado-en-el-shanghai-port-fc-de-china\/","title":{"rendered":"El Monito Vargas fue presentado en el Shanghai Port FC de China"},"content":{"rendered":"<p><img src=\"http:\/\/hoycordobaweb.com\/wp-content\/uploads\/2022\/08\/el-monito-vargas-fue-presentado-en-el-shanghai-port-fc-de-china.jpg\"><\/p>\n<p><strong><a alt=\"matias-vargas\" class=\"slug\" href=\"https:\/\/www.ole.com.ar\/tema\/matias-vargas.html\" target=\"_blank\" title=\"matias-vargas\" rel=\"noopener noreferrer\">Mat\u00edas Vargas<\/a><\/strong> abandon\u00f3 la ciudad de Barcelona y&nbsp;vol\u00f3 hacia China, donde continuar\u00e1 su carrera: <strong>el Monito fue presentado en el Shanghai Port Football Club<\/strong> luego del acuerdo definitivo on el Espanyol.<\/p>\n<div class=\"sp__Normal\">\n<div class=\"image-embeb image-trigger\" readability=\"6\">\n<picture><source media=\"(min-width: 720px)\" srcset=\"http:\/\/hoycordobaweb.com\/wp-content\/uploads\/2022\/08\/el-monito-vargas-fue-presentado-en-el-shanghai-port-fc-de-china-2.jpg\"><img itemprop=\"image\" src=\"http:\/\/hoycordobaweb.com\/wp-content\/uploads\/2022\/08\/el-monito-vargas-fue-presentado-en-el-shanghai-port-fc-de-china-2.jpg\" loading=\"lazy\" alt=\"El Monito Vargas fue presentado en el Shanghai Port FC de China.\">\n<\/picture><figcaption readability=\"2\">\n<p>El Monito Vargas fue presentado en el Shanghai Port FC de China.\n<\/p>\n<\/figcaption><\/div>\n<\/div>\n<p>Vargas, de 25 a\u00f1os, jug\u00f3 la temporada pasada a pr\u00e9stamo para el Adana Demirspor de Turqu\u00eda, pero al no ser tenido en cuenta por el entrenador del Espanyol, Diego Mart\u00ednez, acept\u00f3 la oferta del f\u00fatbol chino.<\/p>\n<div class=\"sp__SM\">\n<div class=\"content-new \">\n<span class=\"tit-mobile\">Mir\u00e1 tambi\u00e9n<\/span><\/p>\n<div class=\"mg\">\n<div class=\"wrap-figure\">\n<picture>\n<a href=\"https:\/\/www.ole.com.ar\/velez\/bizarrap-matias-vargas-barcelona-pena_0_WUqnZ26nzH.html\" target=\"_self\" rel=\"noopener noreferrer\"><br \/>\n<img class=\"img-responsive\" alt=\"Bizarrap y el Monito Vargas ya palpitan la semifinal con Flamengo en Barcelona\" src=\"http:\/\/hoycordobaweb.com\/wp-content\/uploads\/2022\/08\/el-monito-vargas-fue-presentado-en-el-shanghai-port-fc-de-china-3.jpg\" loading=\"lazy\"><br \/>\n<\/a>\n<\/picture>\n<\/div>\n<\/div><\/div>\n<\/div>\n<p>\u00abLuego de una negociaci\u00f3n amistosa, el jugador argentino Mat\u00edas Vargas se incorpor\u00f3 oficialmente al Shanghai Haigang Football Club\u00bb, anunci\u00f3 el club chino en su p\u00e1gina oficial.<\/p>\n<div class=\"sp__Normal\">\n<div class=\"image-embeb image-trigger\" readability=\"6.5\">\n<picture><source media=\"(min-width: 720px)\" srcset=\"http:\/\/hoycordobaweb.com\/wp-content\/uploads\/2022\/08\/el-monito-vargas-fue-presentado-en-el-shanghai-port-fc-de-china-4.jpg\"><img itemprop=\"image\" src=\"http:\/\/hoycordobaweb.com\/wp-content\/uploads\/2022\/08\/el-monito-vargas-fue-presentado-en-el-shanghai-port-fc-de-china-4.jpg\" loading=\"lazy\" alt=\"El Monito Mat\u00edas Vargas, rumbo a China.\">\n<\/picture><figcaption readability=\"3\">\n<p>El Monito Mat\u00edas Vargas, rumbo a China.\n<\/p>\n<\/figcaption><\/div>\n<\/div>\n<h2><strong>EL MONITO VARGAS, ANTES DE VOLAR A CHINA, ESTUVO CON BIZARRAP Y LA PE\u00d1A DE V\u00c9LEZ EN BARCELONA<\/strong><\/h2>\n<div class=\"sp__SM\">\n<div class=\"content-new \">\n<span class=\"tit-mobile\">Mir\u00e1 tambi\u00e9n<\/span><\/p>\n<div class=\"mg\">\n<div class=\"wrap-figure\">\n<picture>\n<a href=\"https:\/\/www.ole.com.ar\/velez\/velez-flamengo-copa-libertadores_0_iHTOd4IAlv.html\" target=\"_self\" rel=\"noopener noreferrer\"><br \/>\n<img class=\"img-responsive\" alt=\"El equipo que diagrama Medina pensando en Flamengo\" src=\"http:\/\/hoycordobaweb.com\/wp-content\/uploads\/2022\/08\/el-monito-vargas-fue-presentado-en-el-shanghai-port-fc-de-china-5.jpg\" loading=\"lazy\"><br \/>\n<\/a>\n<\/picture>\n<\/div>\n<\/div><\/div>\n<\/div>\n<div class=\"sp__SM\">\n<div class=\"content-new \">\n<span class=\"tit-mobile\">Mir\u00e1 tambi\u00e9n<\/span><\/p>\n<div class=\"mg\">\n<div class=\"wrap-figure\">\n<picture>\n<a href=\"https:\/\/www.ole.com.ar\/futbol-internacional\/libertadores\/flamengo-david-luiz-velez-copa_0_8vkenSJPOl.html\" target=\"_self\" rel=\"noopener noreferrer\"><br \/>\n<img class=\"img-responsive\" alt=\"Lleg\u00f3 Flamengo con una sorpresa\" src=\"http:\/\/hoycordobaweb.com\/wp-content\/uploads\/2022\/08\/el-monito-vargas-fue-presentado-en-el-shanghai-port-fc-de-china-6.jpg\" loading=\"lazy\"><br \/>\n<\/a>\n<\/picture>\n<\/div>\n<\/div><\/div>\n<\/div>\n<div class=\"entry-tags\">\n<h2>TEMAS QUE APARECEN EN ESTA NOTA<\/h2>\n<\/p><\/div>\n","protected":false},"excerpt":{"rendered":"<p>Mat\u00edas Vargas abandon\u00f3 la ciudad de Barcelona y&nbsp;vol\u00f3 hacia China, donde continuar\u00e1 su carrera: el Monito fue presentado en el Shanghai Port Football Club luego del acuerdo definitivo on el Espanyol. El Monito Vargas fue presentado en el Shanghai Port FC de China. Vargas, de 25 a\u00f1os, jug\u00f3 la temporada pasada a pr\u00e9stamo para el [&hellip;]<\/p>\n","protected":false},"author":1,"featured_media":47653,"comment_status":"open","ping_status":"closed","sticky":false,"template":"","format":"standard","meta":[],"categories":[16],"tags":[],"_links":{"self":[{"href":"http:\/\/hoycordobaweb.com\/index.php\/wp-json\/wp\/v2\/posts\/47652"}],"collection":[{"href":"http:\/\/hoycordobaweb.com\/index.php\/wp-json\/wp\/v2\/posts"}],"about":[{"href":"http:\/\/hoycordobaweb.com\/index.php\/wp-json\/wp\/v2\/types\/post"}],"author":[{"embeddable":true,"href":"http:\/\/hoycordobaweb.com\/index.php\/wp-json\/wp\/v2\/users\/1"}],"replies":[{"embeddable":true,"href":"http:\/\/hoycordobaweb.com\/index.php\/wp-json\/wp\/v2\/comments?post=47652"}],"version-history":[{"count":0,"href":"http:\/\/hoycordobaweb.com\/index.php\/wp-json\/wp\/v2\/posts\/47652\/revisions"}],"wp:featuredmedia":[{"embeddable":true,"href":"http:\/\/hoycordobaweb.com\/index.php\/wp-json\/wp\/v2\/media\/47653"}],"wp:attachment":[{"href":"http:\/\/hoycordobaweb.com\/index.php\/wp-json\/wp\/v2\/media?parent=47652"}],"wp:term":[{"taxonomy":"category","embeddable":true,"href":"http:\/\/hoycordobaweb.com\/index.php\/wp-json\/wp\/v2\/categories?post=47652"},{"taxonomy":"post_tag","embeddable":true,"href":"http:\/\/hoycordobaweb.com\/index.php\/wp-json\/wp\/v2\/tags?post=47652"}],"curies":[{"name":"wp","href":"https:\/\/api.w.org\/{rel}","templated":true}]}}