{"id":47638,"date":"2022-08-29T21:43:13","date_gmt":"2022-08-29T21:43:13","guid":{"rendered":"https:\/\/ladecimaweb.com\/?p=14264"},"modified":"2022-08-29T21:43:13","modified_gmt":"2022-08-29T21:43:13","slug":"mas-de-53-mil-vecinos-votaron-para-elegir-a-las-autoridades-de-su-barrio","status":"publish","type":"post","link":"http:\/\/hoycordobaweb.com\/index.php\/2022\/08\/29\/mas-de-53-mil-vecinos-votaron-para-elegir-a-las-autoridades-de-su-barrio\/","title":{"rendered":"M\u00e1s de 53 mil vecinos votaron para elegir a las autoridades de su barrio"},"content":{"rendered":"<div class=\"boldgrid-section\">\n<div class=\"container\">\n<div class=\"row\">\n<div class=\"col-md-12 col-xs-12 col-sm-12\">\n<p class=\"\">El pasado domingo se realiz\u00f3 el quinto de siete turnos del cronograma electoral establecido por la Municipalidad de C\u00f3rdoba, a trav\u00e9s de la Direcci\u00f3n de Centros Vecinales de la Secretar\u00eda de la Mujer, G\u00e9neros, Diversidad y Gesti\u00f3n Vecinal.<\/p>\n<p class=\"\"><strong>Hasta el momento, las elecciones convocaron un total de 53.263, destac\u00e1ndose en esta oportunidad 11.263 votantes.<\/strong><\/p>\n<p class=\"\">A trav\u00e9s de la ordenanza N\u00b0 10.713 y su decreto reglamentario N\u00b0 2.653\/4, este domingo renovaron sus autoridades 48 centros vecinales, de los cuales 23 tuvieron elecciones y los otros 25 se presentaron listas \u00fanicas.<\/p>\n<p class=\"\">Al respecto, la secretaria de G\u00e9neros, Diversidad y Gesti\u00f3n Vecinal, Sandra Trigo, manifest\u00f3: \u201cHemos concluido el quinto cronograma electoral. Fue una elecci\u00f3n de mucha participaci\u00f3n, con respeto a la pluralidad y en un marco de absoluto compromiso c\u00edvico, respetando la democracia barrial\u201d<\/p>\n<p>Adem\u00e1s, Trigo aprovech\u00f3 la oportunidad para destacar el compromiso barrial ante las elecciones m\u00e1s all\u00e1 del n\u00famero de votantes \u201cEs importante destacar que, en el barrio San Jos\u00e9 Sudeste, que tiene poca cantidad de vecinos, se acerc\u00f3 a votar el 100% del padr\u00f3n, demostrando el elevado nivel de compromiso de cada uno de ellos para con su lugar.\u201d<\/p>\n<p class=\"\">Los centros vecinales que desarrollaron sus comicios en \u00e9sta oportunidad fueron: Colinas de V\u00e9lez Sarsfield, 16 de noviembre, Nuestro Hogar 3, Palmar- Villa Claudina, Villa Urquiza, Colonia Lola- Miralta, Villa Rivera Indarte, Nuestro Hogar 2, Los Boulevares.<\/p>\n<p>Tambi\u00e9n lo hicieron el centro vecinal de Los \u00c1lamos, General Artigas, Villa Revol, Jos\u00e9 Hern\u00e1ndez, SEP, Villa Uni\u00f3n, San Jos\u00e9 Sudeste, Ciudad Evita, Los Andes El Renuevo, Alberdi, Cabildo, San Javier, Villa Alberdi, y Benjam\u00edn Cabral- Talleres Sud.<\/p>\n<p class=\"\">Las elecciones se llevaron a cabo en escuelas municipales y provinciales de la ciudad, facilitados estos \u00faltimos por el Gobierno de la Provincia de C\u00f3rdoba a trav\u00e9s de un convenio de trabajo con el Ministerio de Educaci\u00f3n.<\/p>\n<p>Los centros vecinales que presentaron lista \u00fanica son Juniors, Brigadier San Mart\u00edn, 12 de Julio, La Floresta Sur, 4 de Febrero CSE, VICOR, Patricios, Emanuel, Jockey Club, El Mirador- Villa Argentina, Ampliaci\u00f3n Palmar, San Lucas y Remo Copello.<\/p>\n<p>Del mismo modo lo hicieron los centros vecinales de Parque V\u00e9lez Sarsfield, Spilimbergo Norte, 1\u00b0 Junta, Las Lilas, Hogar Clase Rosedal, Parque De\u00e1n Funes, Altos de San Mart\u00edn, Crisol Sur- Nueva C\u00f3rdoba Anexo, Parque Capital, Carrara de Horizonte, Las Huertillas, y Parque Alameda.<\/p>\n<p>Es importante recalcar que m\u00e1s all\u00e1 de que la ordenanza lo establece, un elevado n\u00famero de mujeres est\u00e1 encabezando listas, lo que demuestra la madurez y responsabilidad de cada uno de los barrios para conseguir y lograr no solo la democracia barrial, sino tambi\u00e9n la igualdad pol\u00edtica en la composici\u00f3n de las listas.<\/p>\n<p class=\"\">Se debe resaltar la participaci\u00f3n de todos los centros vecinales que, aun present\u00e1ndose con listas \u00fanicas, empiezan a encontrar objetivos en com\u00fan con respecto a las necesidades de cada uno de sus barrios, unificando criterios y formando una comisi\u00f3n totalmente plural en por de su barrio.<\/p>\n<p class=\"\">El cronograma electoral contin\u00faa y finaliza el pr\u00f3ximo domingo 18 de setiembre, donde se unificar\u00e1n los turnos 6 y 7 en una \u00fanica jornada, de la que participar\u00e1n 70 centros vecinales.<\/p>\n<p class=\"\">\n<div class=\"ubm_banner\"><a href=\"https:\/\/www.cba.gov.ar\" target=\"_blank\" rel=\"dofollow noopener noreferrer\"><img src=\"http:\/\/hoycordobaweb.com\/wp-content\/uploads\/2022\/08\/mas-de-53-mil-vecinos-votaron-para-elegir-a-las-autoridades-de-su-barrio.gif\" alt=\"\"><\/a><\/div>\n<\/div>\n<\/div>\n<\/div>\n<\/div>\n<p>La entrada <a rel=\"nofollow\" href=\"https:\/\/ladecimaweb.com\/mas-de-11-mil-vecinos-votaron-para-elegir-las-autoridades-de-su-barrio\/\">M\u00e1s de 53 mil vecinos votaron para elegir a las autoridades de su barrio<\/a> se public\u00f3 primero en <a rel=\"nofollow\" href=\"https:\/\/ladecimaweb.com\">LaDecima<\/a>.<\/p>\n","protected":false},"excerpt":{"rendered":"<p>El pasado domingo se realiz\u00f3 el quinto de siete turnos del cronograma electoral establecido por la Municipalidad de C\u00f3rdoba, a trav\u00e9s de la Direcci\u00f3n de Centros Vecinales de la Secretar\u00eda de la Mujer, G\u00e9neros, Diversidad y Gesti\u00f3n Vecinal. Hasta el momento, las elecciones convocaron un total de 53.263, destac\u00e1ndose en esta oportunidad 11.263 votantes. A [&hellip;]<\/p>\n","protected":false},"author":1,"featured_media":47639,"comment_status":"closed","ping_status":"closed","sticky":false,"template":"","format":"standard","meta":[],"categories":[19],"tags":[],"_links":{"self":[{"href":"http:\/\/hoycordobaweb.com\/index.php\/wp-json\/wp\/v2\/posts\/47638"}],"collection":[{"href":"http:\/\/hoycordobaweb.com\/index.php\/wp-json\/wp\/v2\/posts"}],"about":[{"href":"http:\/\/hoycordobaweb.com\/index.php\/wp-json\/wp\/v2\/types\/post"}],"author":[{"embeddable":true,"href":"http:\/\/hoycordobaweb.com\/index.php\/wp-json\/wp\/v2\/users\/1"}],"replies":[{"embeddable":true,"href":"http:\/\/hoycordobaweb.com\/index.php\/wp-json\/wp\/v2\/comments?post=47638"}],"version-history":[{"count":0,"href":"http:\/\/hoycordobaweb.com\/index.php\/wp-json\/wp\/v2\/posts\/47638\/revisions"}],"wp:featuredmedia":[{"embeddable":true,"href":"http:\/\/hoycordobaweb.com\/index.php\/wp-json\/wp\/v2\/media\/47639"}],"wp:attachment":[{"href":"http:\/\/hoycordobaweb.com\/index.php\/wp-json\/wp\/v2\/media?parent=47638"}],"wp:term":[{"taxonomy":"category","embeddable":true,"href":"http:\/\/hoycordobaweb.com\/index.php\/wp-json\/wp\/v2\/categories?post=47638"},{"taxonomy":"post_tag","embeddable":true,"href":"http:\/\/hoycordobaweb.com\/index.php\/wp-json\/wp\/v2\/tags?post=47638"}],"curies":[{"name":"wp","href":"https:\/\/api.w.org\/{rel}","templated":true}]}}