{"id":47629,"date":"2022-08-30T11:25:34","date_gmt":"2022-08-30T11:25:34","guid":{"rendered":"http:\/\/hoycordobaweb.com\/index.php\/2022\/08\/30\/el-motivo-por-el-que-el-cacique-medina-descarto-a-godin-para-la-copa-libertadores\/"},"modified":"2022-08-30T11:25:34","modified_gmt":"2022-08-30T11:25:34","slug":"el-motivo-por-el-que-el-cacique-medina-descarto-a-godin-para-la-copa-libertadores","status":"publish","type":"post","link":"http:\/\/hoycordobaweb.com\/index.php\/2022\/08\/30\/el-motivo-por-el-que-el-cacique-medina-descarto-a-godin-para-la-copa-libertadores\/","title":{"rendered":"El motivo por el que el Cacique Medina descart\u00f3 a God\u00edn para la Copa Libertadores"},"content":{"rendered":"<p>Para God\u00edn se tratar\u00e1 del und\u00e9cimo partido que queda afuera de la lista de convocados desde su arribo al <b>f\u00fatbol argentino<\/b>. Hasta el momento jug\u00f3&nbsp;&#8230; <\/p>\n","protected":false},"excerpt":{"rendered":"<p>Para God\u00edn se tratar\u00e1 del und\u00e9cimo partido que queda afuera de la lista de convocados desde su arribo al f\u00fatbol argentino. Hasta el momento jug\u00f3&nbsp;&#8230;<\/p>\n","protected":false},"author":1,"featured_media":0,"comment_status":"closed","ping_status":"closed","sticky":false,"template":"","format":"standard","meta":[],"categories":[22],"tags":[],"_links":{"self":[{"href":"http:\/\/hoycordobaweb.com\/index.php\/wp-json\/wp\/v2\/posts\/47629"}],"collection":[{"href":"http:\/\/hoycordobaweb.com\/index.php\/wp-json\/wp\/v2\/posts"}],"about":[{"href":"http:\/\/hoycordobaweb.com\/index.php\/wp-json\/wp\/v2\/types\/post"}],"author":[{"embeddable":true,"href":"http:\/\/hoycordobaweb.com\/index.php\/wp-json\/wp\/v2\/users\/1"}],"replies":[{"embeddable":true,"href":"http:\/\/hoycordobaweb.com\/index.php\/wp-json\/wp\/v2\/comments?post=47629"}],"version-history":[{"count":0,"href":"http:\/\/hoycordobaweb.com\/index.php\/wp-json\/wp\/v2\/posts\/47629\/revisions"}],"wp:attachment":[{"href":"http:\/\/hoycordobaweb.com\/index.php\/wp-json\/wp\/v2\/media?parent=47629"}],"wp:term":[{"taxonomy":"category","embeddable":true,"href":"http:\/\/hoycordobaweb.com\/index.php\/wp-json\/wp\/v2\/categories?post=47629"},{"taxonomy":"post_tag","embeddable":true,"href":"http:\/\/hoycordobaweb.com\/index.php\/wp-json\/wp\/v2\/tags?post=47629"}],"curies":[{"name":"wp","href":"https:\/\/api.w.org\/{rel}","templated":true}]}}