{"id":47595,"date":"2022-08-29T21:39:42","date_gmt":"2022-08-29T21:39:42","guid":{"rendered":"https:\/\/www.ole.com.ar\/autos\/hamilton-alonso-f1-respuesta-insultos_0_Pe4gkHhcoH.html"},"modified":"2022-08-29T21:39:42","modified_gmt":"2022-08-29T21:39:42","slug":"la-respuesta-de-hamilton-a-alonso-tras-los-insultos-ahora-se-lo-que-piensa-de-mi","status":"publish","type":"post","link":"http:\/\/hoycordobaweb.com\/index.php\/2022\/08\/29\/la-respuesta-de-hamilton-a-alonso-tras-los-insultos-ahora-se-lo-que-piensa-de-mi\/","title":{"rendered":"La respuesta de Hamilton a Alonso tras los insultos: \u00abAhora s\u00e9 lo que piensa de mi\u00bb"},"content":{"rendered":"<p><img src=\"http:\/\/hoycordobaweb.com\/wp-content\/uploads\/2022\/08\/la-respuesta-de-hamilton-a-alonso-tras-los-insultos-ahora-se-lo-que-piensa-de-mi.jpg\"><\/p>\n<p>El pasado domingo, en el <strong>Gran Premio de B\u00e9lgica<\/strong>, la salida se vio convulsionada tras una mala maniobra de <a data-cke-saved-href=\"https:\/\/www.ole.com.ar\/tema\/lewis-hamilton.html\" target=\"_blank\" href=\"https:\/\/www.ole.com.ar\/tema\/lewis-hamilton.html\" rel=\"noopener noreferrer\">Lewis&nbsp;Hamilton<\/a>, que se le meti\u00f3 en una curva a <a alt=\"fernando-alonso\" class=\"slug\" href=\"https:\/\/www.ole.com.ar\/tema\/fernando-alonso.html\" target=\"_blank\" title=\"fernando-alonso\" rel=\"noopener noreferrer\">Fernando Alonso<\/a>, lo hizo frenar&nbsp;y se produjo un toque entre ambos que dej\u00f3 al brit\u00e1nico fuera de la carrera que termin\u00f3 ganando&nbsp;<a alt=\"max-verstappen\" class=\"slug\" href=\"https:\/\/www.ole.com.ar\/tema\/max-verstappen.html\" target=\"_blank\" title=\"max-verstappen\" rel=\"noopener noreferrer\">Max Verstappen<\/a>.<strong> <\/strong><a href=\"https:\/\/www.ole.com.ar\/autos\/alonso-hamilton-formula-1-conducir_0_c1VV3Dmael.html\" target=\"_blank\" rel=\"noopener noreferrer\"><strong>El espa\u00f1ol declar\u00f3 muy enojado al finalizar la carrera<\/strong><\/a> y el siete veces campe\u00f3n&nbsp;no se qued\u00f3 callado<strong>. <\/strong><\/p>\n<div class=\"sp__Normal\">\n<div class=\"image-embeb image-trigger\" readability=\"6\">\n<picture><source media=\"(min-width: 720px)\" srcset=\"http:\/\/hoycordobaweb.com\/wp-content\/uploads\/2022\/08\/la-respuesta-de-hamilton-a-alonso-tras-los-insultos-ahora-se-lo-que-piensa-de-mi-2.jpg\"><img itemprop=\"image\" src=\"http:\/\/hoycordobaweb.com\/wp-content\/uploads\/2022\/08\/la-respuesta-de-hamilton-a-alonso-tras-los-insultos-ahora-se-lo-que-piensa-de-mi-2.jpg\" loading=\"lazy\" alt=\"El momento del accidente en Spa. (AFP)\">\n<\/picture><figcaption readability=\"2\">\n<p>El momento del accidente en Spa. (AFP)\n<\/p>\n<\/figcaption><\/div>\n<\/div>\n<p>El audio de la radio del conductor de <a alt=\"alpine\" class=\"slug\" href=\"https:\/\/www.ole.com.ar\/tema\/alpine.html\" target=\"_blank\" title=\"alpine\" rel=\"noopener noreferrer\">Alpine<\/a> se viraliz\u00f3 r\u00e1pidamente en las redes, que tras el accidente manifest\u00f3 su bronca con el siete veces ganador de la F1: \u00ab<strong>\u00a1Qu\u00e9 idiota!<\/strong> \u00a1Cerrando la puerta desde el exterior! Tuvimos una mega salida pero este hombre<strong> solo sabe pilotar yendo primero<\/strong>!\u00bb, exclam\u00f3 enfurecido el bicampe\u00f3n del Mundo.<\/p>\n<p>El piloto de <a alt=\"mercedes-benz\" class=\"slug\" href=\"https:\/\/www.ole.com.ar\/tema\/mercedes-benz.html\" target=\"_blank\" title=\"mercedes-benz\" rel=\"noopener noreferrer\">Mercedes<\/a> se tom\u00f3 con humor los insultos del espa\u00f1ol: \u00abTodo el mundo me dijo lo que \u00e9l estuvo diciendo.<strong> Ahora por lo menos s\u00e9 lo que piensa de mi<\/strong>. Pero no me importa mucho\u00bb, admiti\u00f3 en un tono de risas y rest\u00e1ndole importancia a la furia de Alonso, que continu\u00f3 la carrera luego de un safety car y <strong>termin\u00f3 quinto en Spa-Francorchamps<\/strong><\/p>\n<p>Luego de esto,&nbsp;Hamilton se defendi\u00f3, asumi\u00f3 su error y lament\u00f3 lo sucedido tras escuchar a su colega que estaba muy enojado: \u00abHe ido por el exterior e intent\u00e9 hacer una maniobra. No le deje espacio, pensaba que si. <strong>Un error f\u00e1cil de cometer y he pagado el precio<\/strong>\u00ab, reconoci\u00f3.<\/p>\n<div class=\"sp__SM\">\n<div class=\"content-new \">\n<span class=\"tit-mobile\">Mir\u00e1 tambi\u00e9n<\/span><\/p>\n<div class=\"mg\">\n<div class=\"wrap-figure\">\n<picture>\n<a href=\"https:\/\/www.ole.com.ar\/ecuador\/otros-deportes\/alonso-apunto-hamilton-gp-belgica-formula-1_0_E1K7YbmpdU.html\" target=\"_self\" rel=\"noopener noreferrer\"><br \/>\n<img class=\"img-responsive\" alt=\"Alonso le dijo de todo a Hamilton\" src=\"http:\/\/hoycordobaweb.com\/wp-content\/uploads\/2022\/08\/la-respuesta-de-hamilton-a-alonso-tras-los-insultos-ahora-se-lo-que-piensa-de-mi-3.jpg\" loading=\"lazy\"><br \/>\n<\/a>\n<\/picture>\n<\/div>\n<\/div><\/div>\n<\/div>\n<h2><strong>EL MOMENTO DEL ACCIDENTE ENTRE ALONSO Y HAMILTON<\/strong><\/h2>\n<p>Hay que remontarse al a\u00f1o 2007 para encontrar<strong> el or\u00edgen de esta gran rivalidad <\/strong>entre campeones del mundo, en donde ambos pilotos (compa\u00f1eros de equipo en ese entonces), vivieron un a\u00f1o super tenso y lleno de problemas en la escuder\u00eda McLaren. 15&nbsp;a\u00f1os despu\u00e9s, con una extensa historia en la m\u00e1xima categor\u00eda del automovilismo, estos dos monstruos al volante<strong> siguen dando de que hablar.<\/strong><\/p>\n<div class=\"sp__SM\">\n<div class=\"content-new \">\n<span class=\"tit-mobile\">Mir\u00e1 tambi\u00e9n<\/span><\/p>\n<div class=\"mg\">\n<div class=\"wrap-figure\">\n<picture>\n<a href=\"https:\/\/www.ole.com.ar\/autos\/max-verstappen-f1-triunfo-spa_0_01ne0JY7nT.html\" target=\"_self\" rel=\"noopener noreferrer\"><br \/>\n<img class=\"img-responsive\" alt=\"Verstappen imparable: gan\u00f3 en Spa tras haber largado 14\u00ba\" src=\"http:\/\/hoycordobaweb.com\/wp-content\/uploads\/2022\/08\/la-respuesta-de-hamilton-a-alonso-tras-los-insultos-ahora-se-lo-que-piensa-de-mi-4.jpg\" loading=\"lazy\"><br \/>\n<\/a>\n<\/picture>\n<\/div>\n<\/div><\/div>\n<\/div>\n<div class=\"entry-tags\">\n<h2>TEMAS QUE APARECEN EN ESTA NOTA<\/h2>\n<\/p><\/div>\n","protected":false},"excerpt":{"rendered":"<p>El pasado domingo, en el Gran Premio de B\u00e9lgica, la salida se vio convulsionada tras una mala maniobra de Lewis&nbsp;Hamilton, que se le meti\u00f3 en una curva a Fernando Alonso, lo hizo frenar&nbsp;y se produjo un toque entre ambos que dej\u00f3 al brit\u00e1nico fuera de la carrera que termin\u00f3 ganando&nbsp;Max Verstappen. El espa\u00f1ol declar\u00f3 muy [&hellip;]<\/p>\n","protected":false},"author":1,"featured_media":47596,"comment_status":"open","ping_status":"closed","sticky":false,"template":"","format":"standard","meta":[],"categories":[16],"tags":[],"_links":{"self":[{"href":"http:\/\/hoycordobaweb.com\/index.php\/wp-json\/wp\/v2\/posts\/47595"}],"collection":[{"href":"http:\/\/hoycordobaweb.com\/index.php\/wp-json\/wp\/v2\/posts"}],"about":[{"href":"http:\/\/hoycordobaweb.com\/index.php\/wp-json\/wp\/v2\/types\/post"}],"author":[{"embeddable":true,"href":"http:\/\/hoycordobaweb.com\/index.php\/wp-json\/wp\/v2\/users\/1"}],"replies":[{"embeddable":true,"href":"http:\/\/hoycordobaweb.com\/index.php\/wp-json\/wp\/v2\/comments?post=47595"}],"version-history":[{"count":0,"href":"http:\/\/hoycordobaweb.com\/index.php\/wp-json\/wp\/v2\/posts\/47595\/revisions"}],"wp:featuredmedia":[{"embeddable":true,"href":"http:\/\/hoycordobaweb.com\/index.php\/wp-json\/wp\/v2\/media\/47596"}],"wp:attachment":[{"href":"http:\/\/hoycordobaweb.com\/index.php\/wp-json\/wp\/v2\/media?parent=47595"}],"wp:term":[{"taxonomy":"category","embeddable":true,"href":"http:\/\/hoycordobaweb.com\/index.php\/wp-json\/wp\/v2\/categories?post=47595"},{"taxonomy":"post_tag","embeddable":true,"href":"http:\/\/hoycordobaweb.com\/index.php\/wp-json\/wp\/v2\/tags?post=47595"}],"curies":[{"name":"wp","href":"https:\/\/api.w.org\/{rel}","templated":true}]}}