{"id":47521,"date":"2022-08-28T15:33:00","date_gmt":"2022-08-28T15:33:00","guid":{"rendered":"http:\/\/hoycordobaweb.com\/index.php\/2022\/08\/28\/verstappen-gano-el-gp-de-belgica-con-una-gran-remontada\/"},"modified":"2022-08-28T15:33:00","modified_gmt":"2022-08-28T15:33:00","slug":"verstappen-gano-el-gp-de-belgica-con-una-gran-remontada","status":"publish","type":"post","link":"http:\/\/hoycordobaweb.com\/index.php\/2022\/08\/28\/verstappen-gano-el-gp-de-belgica-con-una-gran-remontada\/","title":{"rendered":"Verstappen gan\u00f3 el GP de B\u00e9lgica con una gran remontada"},"content":{"rendered":"<p><img src=\"http:\/\/hoycordobaweb.com\/wp-content\/uploads\/2022\/08\/verstappen-gano-el-gp-de-belgica-con-una-gran-remontada.jpg\"><\/p>\n<figure class=\"mb-3\"><img loading=\"lazy\" src=\"http:\/\/hoycordobaweb.com\/wp-content\/uploads\/2022\/08\/verstappen-gano-el-gp-de-belgica-con-una-gran-remontada-2.jpg\" width=\"100%\" height=\"100%\" alt=\"Foto AFP\"><figcaption> Foto: AFP <\/figcaption><\/figure>\n<p>El campe\u00f3n mundial de F\u00f3rmula 1, el neerland\u00e9s Max Verstappen, se impuso este domingo en el Gran Premio de B\u00e9lgica, tras partir del decimocuarto lugar en el circuito de Spa Francorchamps.<\/p>\n<p>Verstappen, l\u00edder de la clasificaci\u00f3n general, logr\u00f3 su novena victoria en la temporada, escoltado por su compa\u00f1ero de escuder\u00eda Red Bull, el mexicano Sergio P\u00e9rez, y el espa\u00f1ol Carlos Sainz Jr. (Ferrari).<\/p>\n<p>En apenas nueve vueltas desde la salida, el neerland\u00e9s alcanz\u00f3 la primera colocaci\u00f3n y lleg\u00f3 a la meta despu\u00e9s de recorrer las 44 vueltas del circuito belga, donde marc\u00f3 la vuelta r\u00e1pida y se impuso por segundo a\u00f1o consecutivo.<\/p>\n<p>El GP de B\u00e9lgica, decimocuarta fecha del calendario, marc\u00f3 el reinicio de la actividad luego del receso del verano europeo, que se extendi\u00f3 desde el 31 de julio tras la carrera de Hungr\u00eda.<\/p>\n<p>Con la victoria de hoy, Verstappen se alej\u00f3 a 118 puntos de su perseguidor, el monegasco Charles Leclerc (Ferrari), que finaliz\u00f3 en el sexto puesto detr\u00e1s del brit\u00e1nico George Russel (Mercedes), cuarto, y el espa\u00f1ol Fernando Alonso (Alpine Renault), quinto.<\/p>\n<figure class=\"mb-3\"><img loading=\"lazy\" src=\"http:\/\/hoycordobaweb.com\/wp-content\/uploads\/2022\/08\/verstappen-gano-el-gp-de-belgica-con-una-gran-remontada-3.jpg\" width=\"100%\" height=\"100%\" alt=\"Foto AFP\"><figcaption> Foto: AFP <\/figcaption><\/figure>\n<p>El piloto asturiano, bicampe\u00f3n de F1 (2005-2006), protagoniz\u00f3 una colisi\u00f3n en el comienzo que dej\u00f3 fuera de competencia al s\u00e9ptuple campe\u00f3n, el brit\u00e1nico Lewis Hamilton (Mercedes), quien as\u00ed interrumpi\u00f3 una racha de cinco podios consecutivos desde el GP de Canad\u00e1 en junio.<\/p>\n<p>Los puestos de puntuaci\u00f3n, del s\u00e9ptimo al d\u00e9cimo lugar, los ocuparon el franc\u00e9s Esteban Ocon (Alpine Renault), el alem\u00e1n Sebastian Vettel (Aston Martin), el franc\u00e9s Pierre Gasly (Alpha Tauri) y el tailand\u00e9s Alexander Albon (Williams).<\/p>\n<p>M\u00e1s atr\u00e1s llegaron el canadiense Lance Stroll (Aston Martin), el brit\u00e1nico Lando Norris (McLaren), el japon\u00e9s Yuki Tsunoda (AlphaTauri), el chino Zhou Guanyu (Alfa Romeo), el australiano Daniel Ricciardo (McLaren), el dan\u00e9s Kevin Magnussen (Haas), el alem\u00e1n Mick Schumacher (Haas) y el canadiense Nicholas Latifi (Williams).<\/p>\n<p>Junto a la de Hamilton, la otra deserci\u00f3n en B\u00e9lgica le correspondi\u00f3 a su excoequiper en Mercedes, el finland\u00e9s Valtteri Bottas, actual piloto de Alfa Romeo.<\/p>\n<p>La pr\u00f3xima fecha se correr\u00e1 el domingo 4 de septiembre en el circuito de Zandvoort, sede del Gran Premio de Pa\u00edses Bajos, donde el l\u00edder ser\u00e1 local y buscar\u00e1 repetir la victoria de 2021. <\/p>\n","protected":false},"excerpt":{"rendered":"<p>Foto: AFP El campe\u00f3n mundial de F\u00f3rmula 1, el neerland\u00e9s Max Verstappen, se impuso este domingo en el Gran Premio de B\u00e9lgica, tras partir del decimocuarto lugar en el circuito de Spa Francorchamps. Verstappen, l\u00edder de la clasificaci\u00f3n general, logr\u00f3 su novena victoria en la temporada, escoltado por su compa\u00f1ero de escuder\u00eda Red Bull, el [&hellip;]<\/p>\n","protected":false},"author":1,"featured_media":47522,"comment_status":"open","ping_status":"closed","sticky":false,"template":"","format":"standard","meta":[],"categories":[16],"tags":[],"_links":{"self":[{"href":"http:\/\/hoycordobaweb.com\/index.php\/wp-json\/wp\/v2\/posts\/47521"}],"collection":[{"href":"http:\/\/hoycordobaweb.com\/index.php\/wp-json\/wp\/v2\/posts"}],"about":[{"href":"http:\/\/hoycordobaweb.com\/index.php\/wp-json\/wp\/v2\/types\/post"}],"author":[{"embeddable":true,"href":"http:\/\/hoycordobaweb.com\/index.php\/wp-json\/wp\/v2\/users\/1"}],"replies":[{"embeddable":true,"href":"http:\/\/hoycordobaweb.com\/index.php\/wp-json\/wp\/v2\/comments?post=47521"}],"version-history":[{"count":0,"href":"http:\/\/hoycordobaweb.com\/index.php\/wp-json\/wp\/v2\/posts\/47521\/revisions"}],"wp:featuredmedia":[{"embeddable":true,"href":"http:\/\/hoycordobaweb.com\/index.php\/wp-json\/wp\/v2\/media\/47522"}],"wp:attachment":[{"href":"http:\/\/hoycordobaweb.com\/index.php\/wp-json\/wp\/v2\/media?parent=47521"}],"wp:term":[{"taxonomy":"category","embeddable":true,"href":"http:\/\/hoycordobaweb.com\/index.php\/wp-json\/wp\/v2\/categories?post=47521"},{"taxonomy":"post_tag","embeddable":true,"href":"http:\/\/hoycordobaweb.com\/index.php\/wp-json\/wp\/v2\/tags?post=47521"}],"curies":[{"name":"wp","href":"https:\/\/api.w.org\/{rel}","templated":true}]}}