{"id":47515,"date":"2022-08-27T16:31:06","date_gmt":"2022-08-27T16:31:06","guid":{"rendered":"https:\/\/www.trendencias.com\/shopping\/blusa-boho-firma-espanola-que-perfectamente-podria-estar-armario-sara-carbonero-rebajada-a-mitad-precio-corte-ingles"},"modified":"2022-08-27T16:31:06","modified_gmt":"2022-08-27T16:31:06","slug":"la-blusa-boho-de-firma-espanola-que-perfectamente-podria-estar-en-el-armario-de-sara-carbonero-rebajada-a-mitad-de-precio-en-el-corte-ingles","status":"publish","type":"post","link":"http:\/\/hoycordobaweb.com\/index.php\/2022\/08\/27\/la-blusa-boho-de-firma-espanola-que-perfectamente-podria-estar-en-el-armario-de-sara-carbonero-rebajada-a-mitad-de-precio-en-el-corte-ingles\/","title":{"rendered":"La blusa boho de firma espa\u00f1ola que perfectamente podr\u00eda estar en el armario de Sara Carbonero, rebajada a mitad de precio en El Corte Ingl\u00e9s"},"content":{"rendered":"<p>Es ver alguna <strong>prenda que tenga un cierto aire de estilo boho chic<\/strong> y que a nuestra mente autom\u00e1ticamente venga una persona: <strong>Sara Carbonero<\/strong>. La presentadora es el m\u00e1ximo icono de este estilo de nuestro pa\u00eds y vamos a ser sinceras, es un estilo que le queda como anillo al dedo. <a href=\"https:\/\/www.trendencias.com\/shopping\/sara-carbonero-como-sombrero-puede-ser-clave-nuestro-looks\">Sombreros<\/a> para completar <em>looks<\/em>, <a href=\"https:\/\/www.trendencias.com\/marcas\/sara-carbonero-como-mantener-a-raya-melenas-largas-verano-nada-mejor-que-panuelo-a-modo-diadema\">pa\u00f1uelos a modo de diadema<\/a>, <a href=\"https:\/\/www.trendencias.com\/shopping\/vestido-ibicenco-boho-sara-carbonero-mad-cool-tiene-clon-rebajado-a-mitad-precio-cortefiel\">vestidos blancos ibicencos<\/a>&#8230; Su armario est\u00e1 lleno de prendas de este estilo que nos hacen desear a nosotras tambi\u00e9n lucirlo.<\/p>\n<p><!-- BREAK 1 --><\/p>\n<div class=\"article-asset article-asset-normal article-asset-center\">\n<div class=\"desvio-container\">\n<div class=\"desvio\">\n<div class=\"desvio-figure js-desvio-figure\"> <a href=\"https:\/\/www.trendencias.com\/moda-famosas\/sara-carbonero-tiene-blusa-romantica-que-mil-veces-mejor-que-cualquier-camiseta-blanca-basica\"> <img alt=\"Sara Carbonero tiene la blusa rom\u00e1ntica que es mil veces mejor que cualquier camiseta blanca b\u00e1sica \" src=\"http:\/\/hoycordobaweb.com\/wp-content\/uploads\/2022\/08\/la-blusa-boho-de-firma-espanola-que-perfectamente-podria-estar-en-el-armario-de-sara-carbonero-rebajada-a-mitad-de-precio-en-el-corte-ingles.jpg\"> <\/a> <\/div><\/div><\/div>\n<\/div>\n<p>Y hoy hemos encontrado <strong>la marca perfecta para sumar a nuestro armario pinceladas de estilo boho chic<\/strong>. Se llama <strong>NKN Nekane<\/strong>, una marca <strong>espa\u00f1ola<\/strong> con m\u00e1s de dos d\u00e9cadas de historia con unas colecciones que os prometemos que con solo verlas ya nos las imaginamos en el <em>feed<\/em> de <a href=\"https:\/\/www.trendencias.com\/tag\/sara-carbonero\">Sara Carbonero<\/a>.<\/p>\n<p><!-- BREAK 2 --> <\/p>\n<p>Entre su l\u00ednea de ropa tienen vestidos, pantalones, chaquetas, etc. Pero nosotras hoy nos hemos decantado por esta <strong>blusa<\/strong> por su dise\u00f1o y sus colores. Un discreto <strong>estampado en tonos crema con puntilla<\/strong> a la que podemos sacar provecho tanto en estos \u00faltimos d\u00edas de verano como bien entrado el oto\u00f1o o en invierno si nos abrigamos por debajo. Adem\u00e1s est\u00e1 rebajada a mitad de precio, por lo que cuesta <del>59 euros<\/del> <a class=\"js-ecommerce\" href=\"https:\/\/www.trendencias.com\/redirect?url=https%3A%2F%2Fwww.elcorteingles.es%2Fmoda-mujer%2FMP_0019608_INCALAN-blusa-de-mujer-de-blonda-con-fornitura%2F%3FparentCategoryId%3D999.39072442013&amp;category=shopping\" data-vars-affiliate-url=\"https:\/\/www.trendencias.com\/redirect?url=https%3A%2F%2Fwww.elcorteingles.es%2Fmoda-mujer%2FMP_0019608_INCALAN-blusa-de-mujer-de-blonda-con-fornitura%2F%3FparentCategoryId%3D999.39072442013&amp;category=shopping\">29,50 euros<\/a>:<\/p>\n<p><!-- BREAK 3 --><\/p>\n<div class=\"article-asset-image article-asset-normal article-asset-center\">\n<div class=\"asset-content\">\n<div class=\"base-wrapper-image\"> <img class=\"sf-lazy centro_sinmarco\" data-sf-srcset=\"http:\/\/hoycordobaweb.com\/wp-content\/uploads\/2022\/08\/la-blusa-boho-de-firma-espanola-que-perfectamente-podria-estar-en-el-armario-de-sara-carbonero-rebajada-a-mitad-de-precio-en-el-corte-ingles.png 450w, http:\/\/hoycordobaweb.com\/wp-content\/uploads\/2022\/08\/la-blusa-boho-de-firma-espanola-que-perfectamente-podria-estar-en-el-armario-de-sara-carbonero-rebajada-a-mitad-de-precio-en-el-corte-ingles-10.png 681w,http:\/\/hoycordobaweb.com\/wp-content\/uploads\/2022\/08\/la-blusa-boho-de-firma-espanola-que-perfectamente-podria-estar-en-el-armario-de-sara-carbonero-rebajada-a-mitad-de-precio-en-el-corte-ingles-11.png 1024w, http:\/\/hoycordobaweb.com\/wp-content\/uploads\/2022\/08\/la-blusa-boho-de-firma-espanola-que-perfectamente-podria-estar-en-el-armario-de-sara-carbonero-rebajada-a-mitad-de-precio-en-el-corte-ingles-12.png 1366w,\" data-sf-src=\"http:\/\/hoycordobaweb.com\/wp-content\/uploads\/2022\/08\/la-blusa-boho-de-firma-espanola-que-perfectamente-podria-estar-en-el-armario-de-sara-carbonero-rebajada-a-mitad-de-precio-en-el-corte-ingles.png\" alt=\"Blusa De Mujer De Blonda Con Fornitura\"> <noscript><img alt=\"Blusa De Mujer De Blonda Con Fornitura\" class=\"centro_sinmarco\" src=\"http:\/\/hoycordobaweb.com\/wp-content\/uploads\/2022\/08\/la-blusa-boho-de-firma-espanola-que-perfectamente-podria-estar-en-el-armario-de-sara-carbonero-rebajada-a-mitad-de-precio-en-el-corte-ingles.png\"><\/noscript> <\/div><\/div>\n<\/div>\n<p>El punto fuerte sin duda, adem\u00e1s del estampado, son sus <strong>mangas acampanadas<\/strong>. Un detalle boho chic con aires hippies que dar\u00e1n movimiento a cualquier <em>look<\/em> que nos propongamos crear con la blusa. <del>59 euros<\/del> <a class=\"js-ecommerce\" href=\"https:\/\/www.trendencias.com\/redirect?url=https%3A%2F%2Fwww.elcorteingles.es%2Fmoda-mujer%2FMP_0019608_INCALAN-blusa-de-mujer-de-blonda-con-fornitura%2F%3FparentCategoryId%3D999.39072442013&amp;category=shopping\" data-vars-affiliate-url=\"https:\/\/www.trendencias.com\/redirect?url=https%3A%2F%2Fwww.elcorteingles.es%2Fmoda-mujer%2FMP_0019608_INCALAN-blusa-de-mujer-de-blonda-con-fornitura%2F%3FparentCategoryId%3D999.39072442013&amp;category=shopping\">29,50 euros<\/a><\/p>\n<p><!-- BREAK 4 --><\/p>\n<div class=\"article-asset-image article-asset-normal article-asset-center\">\n<div class=\"asset-content\">\n<div class=\"base-wrapper-image\"> <img class=\"sf-lazy centro_sinmarco\" data-sf-srcset=\"http:\/\/hoycordobaweb.com\/wp-content\/uploads\/2022\/08\/la-blusa-boho-de-firma-espanola-que-perfectamente-podria-estar-en-el-armario-de-sara-carbonero-rebajada-a-mitad-de-precio-en-el-corte-ingles-1.png 450w, http:\/\/hoycordobaweb.com\/wp-content\/uploads\/2022\/08\/la-blusa-boho-de-firma-espanola-que-perfectamente-podria-estar-en-el-armario-de-sara-carbonero-rebajada-a-mitad-de-precio-en-el-corte-ingles-13.png 681w,http:\/\/hoycordobaweb.com\/wp-content\/uploads\/2022\/08\/la-blusa-boho-de-firma-espanola-que-perfectamente-podria-estar-en-el-armario-de-sara-carbonero-rebajada-a-mitad-de-precio-en-el-corte-ingles-14.png 1024w, http:\/\/hoycordobaweb.com\/wp-content\/uploads\/2022\/08\/la-blusa-boho-de-firma-espanola-que-perfectamente-podria-estar-en-el-armario-de-sara-carbonero-rebajada-a-mitad-de-precio-en-el-corte-ingles-15.png 1366w,\" data-sf-src=\"http:\/\/hoycordobaweb.com\/wp-content\/uploads\/2022\/08\/la-blusa-boho-de-firma-espanola-que-perfectamente-podria-estar-en-el-armario-de-sara-carbonero-rebajada-a-mitad-de-precio-en-el-corte-ingles-1.png\" alt=\"Espalda Blusa De Mujer De Blonda Con Fornitura\"> <noscript><img alt=\"Espalda Blusa De Mujer De Blonda Con Fornitura\" class=\"centro_sinmarco\" src=\"http:\/\/hoycordobaweb.com\/wp-content\/uploads\/2022\/08\/la-blusa-boho-de-firma-espanola-que-perfectamente-podria-estar-en-el-armario-de-sara-carbonero-rebajada-a-mitad-de-precio-en-el-corte-ingles-1.png\"><\/noscript> <\/div><\/div>\n<\/div>\n<p><!-- PIVOT START --><\/p>\n<div class=\"pivot-ecommerce-container\">\n<div class=\"pivot-ecommerce\" readability=\"2.9032258064516\">\n<div class=\"pivot-ecommerce-figure\"> <a href=\"https:\/\/www.trendencias.com\/redirect?url=https%3A%2F%2Fwww.elcorteingles.es%2Fmoda-mujer%2FMP_0019608_INCALAN-blusa-de-mujer-de-blonda-con-fornitura%2F&amp;category=shopping&amp;pivot=1\"> <img alt=\"Blusa de blonda con fornitura\" src=\"http:\/\/hoycordobaweb.com\/wp-content\/uploads\/2022\/08\/la-blusa-boho-de-firma-espanola-que-perfectamente-podria-estar-en-el-armario-de-sara-carbonero-rebajada-a-mitad-de-precio-en-el-corte-ingles-2.png\"> <\/a> <\/div>\n<div class=\"pivot-ecommerce-summary\" readability=\"3.3870967741935\">\n<p class=\"pivot-ecommerce-desc\">Blusa de blonda con fornitura<\/p>\n<\/p><\/div><\/div>\n<\/div>\n<p><!-- PIVOT END --><\/p>\n<h2>M\u00e1s blusas que tambi\u00e9n nos gustan<\/h2>\n<div class=\"article-asset-image article-asset-normal article-asset-center\">\n<div class=\"asset-content\">\n<div class=\"base-wrapper-image\"> <img class=\"sf-lazy centro_sinmarco\" data-sf-srcset=\"http:\/\/hoycordobaweb.com\/wp-content\/uploads\/2022\/08\/la-blusa-boho-de-firma-espanola-que-perfectamente-podria-estar-en-el-armario-de-sara-carbonero-rebajada-a-mitad-de-precio-en-el-corte-ingles-3.png 450w, http:\/\/hoycordobaweb.com\/wp-content\/uploads\/2022\/08\/la-blusa-boho-de-firma-espanola-que-perfectamente-podria-estar-en-el-armario-de-sara-carbonero-rebajada-a-mitad-de-precio-en-el-corte-ingles-16.png 681w,http:\/\/hoycordobaweb.com\/wp-content\/uploads\/2022\/08\/la-blusa-boho-de-firma-espanola-que-perfectamente-podria-estar-en-el-armario-de-sara-carbonero-rebajada-a-mitad-de-precio-en-el-corte-ingles-17.png 1024w, http:\/\/hoycordobaweb.com\/wp-content\/uploads\/2022\/08\/la-blusa-boho-de-firma-espanola-que-perfectamente-podria-estar-en-el-armario-de-sara-carbonero-rebajada-a-mitad-de-precio-en-el-corte-ingles-18.png 1366w,\" data-sf-src=\"http:\/\/hoycordobaweb.com\/wp-content\/uploads\/2022\/08\/la-blusa-boho-de-firma-espanola-que-perfectamente-podria-estar-en-el-armario-de-sara-carbonero-rebajada-a-mitad-de-precio-en-el-corte-ingles-3.png\" alt=\"Blusa De Mujer Satinada Con Fornitura\"> <noscript><img alt=\"Blusa De Mujer Satinada Con Fornitura\" class=\"centro_sinmarco\" src=\"http:\/\/hoycordobaweb.com\/wp-content\/uploads\/2022\/08\/la-blusa-boho-de-firma-espanola-que-perfectamente-podria-estar-en-el-armario-de-sara-carbonero-rebajada-a-mitad-de-precio-en-el-corte-ingles-3.png\"><\/noscript> <\/div><\/div>\n<\/div>\n<p>Este dise\u00f1o nos parece la mar de <strong>rom\u00e1ntico<\/strong>, tanto por el detalle bordado en medio del pecho como por las mangas acampanadas con vuelo. <del>59 euros<\/del> <a class=\"js-ecommerce\" href=\"https:\/\/www.trendencias.com\/redirect?url=https%3A%2F%2Fwww.elcorteingles.es%2Fmoda-mujer%2FMP_0019608_INCALVANA-blusa-de-mujer-satinada-con-fornitura%2F%3FparentCategoryId%3D999.39072442013&amp;category=shopping\" data-vars-affiliate-url=\"https:\/\/www.trendencias.com\/redirect?url=https%3A%2F%2Fwww.elcorteingles.es%2Fmoda-mujer%2FMP_0019608_INCALVANA-blusa-de-mujer-satinada-con-fornitura%2F%3FparentCategoryId%3D999.39072442013&amp;category=shopping\">29,50 euros<\/a>.&nbsp;<\/p>\n<p><!-- BREAK 5 --><!-- PIVOT START --><\/p>\n<div class=\"pivot-ecommerce-container\">\n<div class=\"pivot-ecommerce\" readability=\"2.8524590163934\">\n<div class=\"pivot-ecommerce-figure\"> <a href=\"https:\/\/www.trendencias.com\/redirect?url=https%3A%2F%2Fwww.elcorteingles.es%2Fmoda-mujer%2FMP_0019608_INCALVANA-blusa-de-mujer-satinada-con-fornitura%2F&amp;category=shopping&amp;pivot=1\"> <img alt=\"Blusa satinada con fornitura\" src=\"http:\/\/hoycordobaweb.com\/wp-content\/uploads\/2022\/08\/la-blusa-boho-de-firma-espanola-que-perfectamente-podria-estar-en-el-armario-de-sara-carbonero-rebajada-a-mitad-de-precio-en-el-corte-ingles-4.png\"> <\/a> <\/div>\n<div class=\"pivot-ecommerce-summary\" readability=\"3.327868852459\">\n<p class=\"pivot-ecommerce-desc\">Blusa satinada con fornitura<\/p>\n<\/p><\/div><\/div>\n<\/div>\n<p><!-- PIVOT END --><\/p>\n<div class=\"article-asset-image article-asset-normal article-asset-center\">\n<div class=\"asset-content\">\n<div class=\"base-wrapper-image\"> <img class=\"sf-lazy centro_sinmarco\" data-sf-srcset=\"http:\/\/hoycordobaweb.com\/wp-content\/uploads\/2022\/08\/la-blusa-boho-de-firma-espanola-que-perfectamente-podria-estar-en-el-armario-de-sara-carbonero-rebajada-a-mitad-de-precio-en-el-corte-ingles-5.png 450w, http:\/\/hoycordobaweb.com\/wp-content\/uploads\/2022\/08\/la-blusa-boho-de-firma-espanola-que-perfectamente-podria-estar-en-el-armario-de-sara-carbonero-rebajada-a-mitad-de-precio-en-el-corte-ingles-19.png 681w,http:\/\/hoycordobaweb.com\/wp-content\/uploads\/2022\/08\/la-blusa-boho-de-firma-espanola-que-perfectamente-podria-estar-en-el-armario-de-sara-carbonero-rebajada-a-mitad-de-precio-en-el-corte-ingles-20.png 1024w, http:\/\/hoycordobaweb.com\/wp-content\/uploads\/2022\/08\/la-blusa-boho-de-firma-espanola-que-perfectamente-podria-estar-en-el-armario-de-sara-carbonero-rebajada-a-mitad-de-precio-en-el-corte-ingles-21.png 1366w,\" data-sf-src=\"http:\/\/hoycordobaweb.com\/wp-content\/uploads\/2022\/08\/la-blusa-boho-de-firma-espanola-que-perfectamente-podria-estar-en-el-armario-de-sara-carbonero-rebajada-a-mitad-de-precio-en-el-corte-ingles-5.png\" alt=\"Blusa De Mujer Estampada Con Escote Cuadrado\"> <noscript><img alt=\"Blusa De Mujer Estampada Con Escote Cuadrado\" class=\"centro_sinmarco\" src=\"http:\/\/hoycordobaweb.com\/wp-content\/uploads\/2022\/08\/la-blusa-boho-de-firma-espanola-que-perfectamente-podria-estar-en-el-armario-de-sara-carbonero-rebajada-a-mitad-de-precio-en-el-corte-ingles-5.png\"><\/noscript> <\/div><\/div>\n<\/div>\n<p>Lo m\u00e1s llamativo de esta blusa, adem\u00e1s de su bonito estampado y sus <strong>mangas drapeadas<\/strong>, es su <strong>espalda<\/strong>: tiene un escotazo que sorprender\u00e1 a todos. &nbsp;<del>69 euros<\/del> <a class=\"js-ecommerce\" href=\"https:\/\/www.trendencias.com\/redirect?url=https%3A%2F%2Fwww.elcorteingles.es%2Fmoda-mujer%2FMP_0019608_GFBENIGNA-blusa-de-mujer-estampada-con-escote-cuadrado%2F%3FparentCategoryId%3D999.39072442013&amp;category=shopping\" data-vars-affiliate-url=\"https:\/\/www.trendencias.com\/redirect?url=https%3A%2F%2Fwww.elcorteingles.es%2Fmoda-mujer%2FMP_0019608_GFBENIGNA-blusa-de-mujer-estampada-con-escote-cuadrado%2F%3FparentCategoryId%3D999.39072442013&amp;category=shopping\">34,50 euros<\/a>.&nbsp;<\/p>\n<p><!-- BREAK 6 --><!-- PIVOT START --><\/p>\n<div class=\"pivot-ecommerce-container\">\n<div class=\"pivot-ecommerce\" readability=\"3.1764705882353\">\n<div class=\"pivot-ecommerce-figure\"> <a href=\"https:\/\/www.trendencias.com\/redirect?url=https%3A%2F%2Fwww.elcorteingles.es%2Fmoda-mujer%2FMP_0019608_GFBENIGNA-blusa-de-mujer-estampada-con-escote-cuadrado%2F&amp;category=shopping&amp;pivot=1\"> <img alt=\"Blusa estampada con escote cuadrado\" src=\"http:\/\/hoycordobaweb.com\/wp-content\/uploads\/2022\/08\/la-blusa-boho-de-firma-espanola-que-perfectamente-podria-estar-en-el-armario-de-sara-carbonero-rebajada-a-mitad-de-precio-en-el-corte-ingles-6.png\"> <\/a> <\/div>\n<div class=\"pivot-ecommerce-summary\" readability=\"3.7058823529412\">\n<p class=\"pivot-ecommerce-desc\">Blusa estampada con escote cuadrado<\/p>\n<\/p><\/div><\/div>\n<\/div>\n<p><!-- PIVOT END --><\/p>\n<div class=\"article-asset-image article-asset-normal article-asset-center\">\n<div class=\"asset-content\">\n<div class=\"base-wrapper-image\"> <img class=\"sf-lazy centro_sinmarco\" data-sf-srcset=\"http:\/\/hoycordobaweb.com\/wp-content\/uploads\/2022\/08\/la-blusa-boho-de-firma-espanola-que-perfectamente-podria-estar-en-el-armario-de-sara-carbonero-rebajada-a-mitad-de-precio-en-el-corte-ingles-7.png 450w, http:\/\/hoycordobaweb.com\/wp-content\/uploads\/2022\/08\/la-blusa-boho-de-firma-espanola-que-perfectamente-podria-estar-en-el-armario-de-sara-carbonero-rebajada-a-mitad-de-precio-en-el-corte-ingles-22.png 681w,http:\/\/hoycordobaweb.com\/wp-content\/uploads\/2022\/08\/la-blusa-boho-de-firma-espanola-que-perfectamente-podria-estar-en-el-armario-de-sara-carbonero-rebajada-a-mitad-de-precio-en-el-corte-ingles-23.png 1024w, http:\/\/hoycordobaweb.com\/wp-content\/uploads\/2022\/08\/la-blusa-boho-de-firma-espanola-que-perfectamente-podria-estar-en-el-armario-de-sara-carbonero-rebajada-a-mitad-de-precio-en-el-corte-ingles-24.png 1366w,\" data-sf-src=\"http:\/\/hoycordobaweb.com\/wp-content\/uploads\/2022\/08\/la-blusa-boho-de-firma-espanola-que-perfectamente-podria-estar-en-el-armario-de-sara-carbonero-rebajada-a-mitad-de-precio-en-el-corte-ingles-7.png\" alt=\"Blusa De Mujer Etnica Bordada\"> <noscript><img alt=\"Blusa De Mujer Etnica Bordada\" class=\"centro_sinmarco\" src=\"http:\/\/hoycordobaweb.com\/wp-content\/uploads\/2022\/08\/la-blusa-boho-de-firma-espanola-que-perfectamente-podria-estar-en-el-armario-de-sara-carbonero-rebajada-a-mitad-de-precio-en-el-corte-ingles-7.png\"><\/noscript> <\/div><\/div>\n<\/div>\n<p>Y por \u00faltimo volviendo a los dise\u00f1os claros tambi\u00e9n tenemos esta otra <strong>blusa \u00e9tnica<\/strong>, un dise\u00f1o tambi\u00e9n muy boho rebajado a mitad de precio: <del>79 euros<\/del> <a class=\"js-ecommerce\" href=\"https:\/\/www.trendencias.com\/redirect?url=https%3A%2F%2Fwww.elcorteingles.es%2Fmoda-mujer%2FMP_0019608_GFCIARA-blusa-de-mujer-etnica-bordada%2F%3FparentCategoryId%3D999.39072442013&amp;category=shopping\" data-vars-affiliate-url=\"https:\/\/www.trendencias.com\/redirect?url=https%3A%2F%2Fwww.elcorteingles.es%2Fmoda-mujer%2FMP_0019608_GFCIARA-blusa-de-mujer-etnica-bordada%2F%3FparentCategoryId%3D999.39072442013&amp;category=shopping\">39,50 euros<\/a>.&nbsp;<\/p>\n<p><!-- BREAK 7 --><!-- PIVOT START --><\/p>\n<div class=\"pivot-ecommerce-container\">\n<div class=\"pivot-ecommerce\">\n<div class=\"pivot-ecommerce-figure\"> <a href=\"https:\/\/www.trendencias.com\/redirect?url=https%3A%2F%2Fwww.elcorteingles.es%2Fmoda-mujer%2FMP_0019608_GFCIARA-blusa-de-mujer-etnica-bordada%2F&amp;category=shopping&amp;pivot=1\"> <img alt=\"Blusa \u00e9tnica bordada\" src=\"http:\/\/hoycordobaweb.com\/wp-content\/uploads\/2022\/08\/la-blusa-boho-de-firma-espanola-que-perfectamente-podria-estar-en-el-armario-de-sara-carbonero-rebajada-a-mitad-de-precio-en-el-corte-ingles-8.png\"> <\/a> <\/div>\n<div class=\"pivot-ecommerce-summary\">\n<p class=\"pivot-ecommerce-desc\">Blusa \u00e9tnica bordada<\/p>\n<\/p><\/div><\/div>\n<\/div>\n<p><!-- PIVOT END --> <\/p>\n<h2>Otras ofertas interesantes<\/h2>\n<div class=\"article-asset-image article-asset-small article-asset-center\">\n<div class=\"asset-content\">\n<div class=\"base-wrapper-image\"> <a href=\"https:\/\/t.me\/trendenciasshopping\"> <img class=\"sf-lazy centro_sinmarco\" data-sf-srcset=\"http:\/\/hoycordobaweb.com\/wp-content\/uploads\/2022\/08\/la-blusa-boho-de-firma-espanola-que-perfectamente-podria-estar-en-el-armario-de-sara-carbonero-rebajada-a-mitad-de-precio-en-el-corte-ingles-9.png 450w, http:\/\/hoycordobaweb.com\/wp-content\/uploads\/2022\/08\/la-blusa-boho-de-firma-espanola-que-perfectamente-podria-estar-en-el-armario-de-sara-carbonero-rebajada-a-mitad-de-precio-en-el-corte-ingles-25.png 681w,http:\/\/hoycordobaweb.com\/wp-content\/uploads\/2022\/08\/la-blusa-boho-de-firma-espanola-que-perfectamente-podria-estar-en-el-armario-de-sara-carbonero-rebajada-a-mitad-de-precio-en-el-corte-ingles-26.png 1024w, http:\/\/hoycordobaweb.com\/wp-content\/uploads\/2022\/08\/la-blusa-boho-de-firma-espanola-que-perfectamente-podria-estar-en-el-armario-de-sara-carbonero-rebajada-a-mitad-de-precio-en-el-corte-ingles-27.png 1366w,\" data-sf-src=\"http:\/\/hoycordobaweb.com\/wp-content\/uploads\/2022\/08\/la-blusa-boho-de-firma-espanola-que-perfectamente-podria-estar-en-el-armario-de-sara-carbonero-rebajada-a-mitad-de-precio-en-el-corte-ingles-9.png\" alt=\"Trendencias Telegram\"> <noscript><img alt=\"Trendencias Telegram\" class=\"centro_sinmarco\" src=\"http:\/\/hoycordobaweb.com\/wp-content\/uploads\/2022\/08\/la-blusa-boho-de-firma-espanola-que-perfectamente-podria-estar-en-el-armario-de-sara-carbonero-rebajada-a-mitad-de-precio-en-el-corte-ingles-9.png\"><\/noscript> <\/a> <\/div><\/div>\n<\/div>\n<p><em>Puedes estar al d\u00eda y en cada momento informado de las &nbsp;principales ofertas y novedades de Trendencias Shopping en nuestro canal &nbsp;de <\/em><a href=\"https:\/\/t.me\/s\/trendenciasshopping\" rel=\"noopener noreferrer\" data-id=\"noopener noreferrer\"><em>Telegram<\/em><\/a><em> o en nuestros perfiles de <\/em><a href=\"https:\/\/www.instagram.com\/trendencias\/\" rel=\"noopener noreferrer\" data-id=\"noopener noreferrer\"><em>Instagram<\/em><\/a><em>, <\/em><a href=\"https:\/\/www.facebook.com\/Trendencias\/\" rel=\"noopener noreferrer\" data-id=\"noopener noreferrer\"><em>Facebook<\/em><\/a><em> y la revista <\/em><a href=\"https:\/\/flipboard.com\/@Trendencias\" rel=\"noopener noreferrer\" data-id=\"noopener noreferrer\"><em>Flipboard<\/em><\/a><em>.<\/em><\/p>\n<p><!-- BREAK 8 --><\/p>\n<p><em>Nota: algunos de los enlaces de este art\u00edculo son afiliados y pueden reportar un beneficio a Trendencias<\/em><\/p>\n<p><!-- BREAK 9 --><\/p>\n<p>Fotograf\u00eda de portada | @<a href=\"https:\/\/www.instagram.com\/saracarbonero\/\">saracarbonero<\/a><\/p>\n<p>Fotos | El Corte Ingl\u00e9s<\/p>\n","protected":false},"excerpt":{"rendered":"<p>Es ver alguna prenda que tenga un cierto aire de estilo boho chic y que a nuestra mente autom\u00e1ticamente venga una persona: Sara Carbonero. La presentadora es el m\u00e1ximo icono de este estilo de nuestro pa\u00eds y vamos a ser sinceras, es un estilo que le queda como anillo al dedo. Sombreros para completar looks, [&hellip;]<\/p>\n","protected":false},"author":1,"featured_media":47516,"comment_status":"closed","ping_status":"closed","sticky":false,"template":"","format":"standard","meta":[],"categories":[1],"tags":[],"_links":{"self":[{"href":"http:\/\/hoycordobaweb.com\/index.php\/wp-json\/wp\/v2\/posts\/47515"}],"collection":[{"href":"http:\/\/hoycordobaweb.com\/index.php\/wp-json\/wp\/v2\/posts"}],"about":[{"href":"http:\/\/hoycordobaweb.com\/index.php\/wp-json\/wp\/v2\/types\/post"}],"author":[{"embeddable":true,"href":"http:\/\/hoycordobaweb.com\/index.php\/wp-json\/wp\/v2\/users\/1"}],"replies":[{"embeddable":true,"href":"http:\/\/hoycordobaweb.com\/index.php\/wp-json\/wp\/v2\/comments?post=47515"}],"version-history":[{"count":0,"href":"http:\/\/hoycordobaweb.com\/index.php\/wp-json\/wp\/v2\/posts\/47515\/revisions"}],"wp:featuredmedia":[{"embeddable":true,"href":"http:\/\/hoycordobaweb.com\/index.php\/wp-json\/wp\/v2\/media\/47516"}],"wp:attachment":[{"href":"http:\/\/hoycordobaweb.com\/index.php\/wp-json\/wp\/v2\/media?parent=47515"}],"wp:term":[{"taxonomy":"category","embeddable":true,"href":"http:\/\/hoycordobaweb.com\/index.php\/wp-json\/wp\/v2\/categories?post=47515"},{"taxonomy":"post_tag","embeddable":true,"href":"http:\/\/hoycordobaweb.com\/index.php\/wp-json\/wp\/v2\/tags?post=47515"}],"curies":[{"name":"wp","href":"https:\/\/api.w.org\/{rel}","templated":true}]}}