{"id":47489,"date":"2022-08-27T18:27:00","date_gmt":"2022-08-27T18:27:00","guid":{"rendered":"http:\/\/hoycordobaweb.com\/index.php\/2022\/08\/27\/la-doble-vara-para-las-mujeres-en-el-poder-el-caso-de-sanna-marin\/"},"modified":"2022-08-27T18:27:00","modified_gmt":"2022-08-27T18:27:00","slug":"la-doble-vara-para-las-mujeres-en-el-poder-el-caso-de-sanna-marin","status":"publish","type":"post","link":"http:\/\/hoycordobaweb.com\/index.php\/2022\/08\/27\/la-doble-vara-para-las-mujeres-en-el-poder-el-caso-de-sanna-marin\/","title":{"rendered":"La doble vara para las mujeres en el poder: el caso de Sanna Marin"},"content":{"rendered":"<p><img src=\"http:\/\/hoycordobaweb.com\/wp-content\/uploads\/2022\/08\/la-doble-vara-para-las-mujeres-en-el-poder-el-caso-de-sanna-marin.jpg\"><\/p>\n<figure class=\"mb-3\"><img loading=\"lazy\" src=\"http:\/\/hoycordobaweb.com\/wp-content\/uploads\/2022\/08\/la-doble-vara-para-las-mujeres-en-el-poder-el-caso-de-sanna-marin-2.jpg\" width=\"100%\" height=\"100%\" alt=\"Foto archivo AFP\"><figcaption> Foto archivo: AFP. <\/figcaption><\/figure>\n<p>La reciente pol\u00e9mica en torno a la vida privada de la primera ministra de Finlandia, Sanna Marin, puso de manifiesto la doble vara que existe en el mundo a la hora de juzgar a las mujeres en el poder, quienes a diferencia de sus pares hombres se ven constantemente obligadas a justificar su presencia y capacidades para el cargo.<\/p>\n<p>\u00abHay infinitos casos donde los hombres han estado en el ojo de la tormenta por cosas mucho peores, como lo de (Silvio) Berlusconi en Italia hasta lo de (Bill) Clinton, que s\u00ed fueron realmente casos de esc\u00e1ndalo, no esto. Sin embargo, el tratamiento fue muy distinto\u00bb, dijo a T\u00e9lam la analista pol\u00edtica B\u00e1rbara Bravi.<\/p>\n<p>La controversia en torno a la mandataria socialdem\u00f3crata, de 36 a\u00f1os, se desat\u00f3 la semana pasada luego de que se<strong> filtraran unos videos en los que se la ve\u00eda bailando y cantando en una fiesta con amigos<\/strong>, que tuvo lugar un fin de semana de julio en el que no ten\u00eda agenda gubernamental.<\/p>\n<blockquote class><p>\u00abHay infinitos casos donde los hombres han estado en el ojo de la tormenta por cosas mucho peores, como lo de (Silvio) Berlusconi en Italia hasta lo de (Bill) Clinton, que s\u00ed fueron realmente casos de esc\u00e1ndalo, no esto. Sin embargo, el tratamiento fue muy distinto\u00bb<cite class=\"author\">B\u00e1rbara Bravi<\/cite><\/p><\/blockquote>\n<p><strong>Portales de extrema derecha y pol\u00edticos opositores salieron a criticarla e instalaron la teor\u00eda de que la dirigente habr\u00eda consumido estupefacientes, algo que fue amplificado por los medios de comunicaci\u00f3n.<\/strong><\/p>\n<p>Si bien Marin neg\u00f3 tales afirmaciones, la presi\u00f3n fue tal que <strong>se vio forzada a hacerse una prueba de consumo de drogas, que pag\u00f3 de su bolsillo<\/strong>.<\/p>\n<p>\u00abPor mi propia protecci\u00f3n legal, aunque considero que la exigencia de un test de drogas no es razonable, me he sometido a una prueba para borrar tales sospechas\u00bb, dijo en conferencia de prensa.<\/p>\n<p>Aunque el resultado dio negativo el pasado lunes, un d\u00eda despu\u00e9s estall\u00f3 un <strong>nuevo esc\u00e1ndalo tras difundirse una foto de una velada en la residencia oficial, en la que dos amigas posaban bes\u00e1ndose y ocultando sus senos con un cartel que dec\u00eda \u00abFinlandia\u00bb<\/strong>.<\/p>\n<p>La premier se disculp\u00f3 por esta foto \u00abinapropiada\u00bb, pero afirm\u00f3 que \u00abnada extraordinario\u00bb ocurri\u00f3 esa noche.<\/p>\n<figure class=\"mb-3\"><img loading=\"lazy\" src=\"http:\/\/hoycordobaweb.com\/wp-content\/uploads\/2022\/08\/la-doble-vara-para-las-mujeres-en-el-poder-el-caso-de-sanna-marin-3.jpg\" width=\"100%\" height=\"100%\" alt=\"Foto archivo AFP\"><figcaption> Foto archivo: AFP. <\/figcaption><\/figure>\n<p>Al borde de las l\u00e1grimas, defendi\u00f3 su derecho a tener una vida privada: <strong>\u00abSoy un ser humano. A veces tambi\u00e9n aspiro a la alegr\u00eda, a la luz y al placer en medio de estos oscuros nubarrones\u00bb<\/strong>, declar\u00f3, con voz tr\u00e9mula, durante un acto organizado por su formaci\u00f3n.<\/p>\n<p>\u00abQuiero creer que la gente observa lo que hacemos mientras trabajamos en lugar de lo que hacemos en nuestro tiempo libre\u00bb, sentenci\u00f3, tras admitir que la semana pasada fue \u00abbastante dif\u00edcil\u00bb.<\/p>\n<blockquote class><p>\u00abMe parece por dem\u00e1s significativo esto de meterse con su vida privada para tratar de impactar en lo pol\u00edtico y en la pol\u00edtica internacional porque de alguna manera es tratar de cuestionar algo que no tiene por qu\u00e9 ser cuestionado\u00bb<cite class=\"author\">Mariel Lucero<\/cite><\/p><\/blockquote>\n<p>Marin, quien en 2019 asumi\u00f3 como la primera ministra m\u00e1s joven de la historia de Finlandia, se ha destacado por su gesti\u00f3n de la pandemia y, m\u00e1s recientemente, por haber impulsado en el marco de la guerra de Ucrania la entrada de su pa\u00eds a la OTAN, que supuso un giro pol\u00edtico rotundo tras d\u00e9cadas de neutralidad.<\/p>\n<p>\u00abMe parece por dem\u00e1s significativo esto de meterse con su vida privada para tratar de impactar en lo pol\u00edtico y en la pol\u00edtica internacional porque de alguna manera es tratar de cuestionar algo que no tiene por qu\u00e9 ser cuestionado\u00bb, indic\u00f3 a T\u00e9lam Mariel Lucero, docente en la Universidad Nacional de Cuyo.<\/p>\n<p>La especialista, que integra la Red de Polit\u00f3logas #NoSinMujeres, se\u00f1al\u00f3 que <strong>cada vez que una mujer desempe\u00f1a un cargo pol\u00edtico alto y su gesti\u00f3n es contundente, su legitimidad es cuestionada con elementos ajenos al desarrollo de su profesi\u00f3n, como la apariencia, la sexualidad o la salud<\/strong>.<\/p>\n<p>\u00abEsto es hist\u00f3rico, no es nuevo\u00bb, dijo y mencion\u00f3 el caso de Juana \u00abla Loca\u00bb de Espa\u00f1a.<\/p>\n<p>En la misma l\u00ednea se pronunci\u00f3 Dulce Chaves, coordinadora del Centro de Estudios de G\u00e9nero(s) y Relaciones Internacionales de la Universidad Nacional de La Plata, al explicar que la mujer que participa en la arena pol\u00edtica es percibida por el sistema como una \u00abdesacatada\u00bb, una \u00abrebelde\u00bb, una \u00abusurpadora\u00bb.<\/p>\n<blockquote class><p>\u00abLas que se atreven a dar ese paso hacia esos espacios tan masculinizados van a tener un disciplinamiento patriarcal que puede ser medi\u00e1tico, econ\u00f3mico, espec\u00edfico de violencia pol\u00edtica o est\u00e9tica\u00bb<cite class=\"author\">Dulce Chaves<\/cite><\/p><\/blockquote>\n<p>Si bien precis\u00f3 que no todas las mujeres en puestos de poder tienen una mirada feminista, asegur\u00f3 que <strong>el hecho de ocupar un \u00ablugar enunciativo, representativo y de toma de decisiones tantos a\u00f1os vedado\u00bb tiene una gran importancia simb\u00f3lica y material, a la vez que supone una provocaci\u00f3n para ciertos sectores.<\/strong><\/p>\n<p>\u00abLas mujeres fuimos constituidas como clase pol\u00edtica perif\u00e9rica (&#8230;) Y en ese sentido, las que se atreven a dar ese paso hacia esos espacios tan masculinizados van a tener un disciplinamiento patriarcal que puede ser medi\u00e1tico, econ\u00f3mico, espec\u00edfico de violencia pol\u00edtica o est\u00e9tica\u00bb, manifest\u00f3 en di\u00e1logo con T\u00e9lam.<\/p>\n<p>Seg\u00fan las expertas consultadas, el sustrato cultural de este problema es el <strong>patriarcado<\/strong>, que sostiene estereotipos de g\u00e9nero al limitar el rol de las mujeres al \u00e1mbito privado, mientras que la esfera p\u00fablica -vinculada a \u00e1reas de saber y poder- se asocia a los varones.<\/p>\n<figure class=\"mb-3\"><img loading=\"lazy\" src=\"http:\/\/hoycordobaweb.com\/wp-content\/uploads\/2022\/08\/la-doble-vara-para-las-mujeres-en-el-poder-el-caso-de-sanna-marin-4.jpg\" width=\"100%\" height=\"100%\" alt=\"Foto archivo AFP\"><figcaption> Foto archivo: AFP. <\/figcaption><\/figure>\n<p>\u00abLas mujeres son juzgadas como pol\u00edticas y como mujeres. Tienen que cumplir tanto los ideales de lo que es ser mujer como los ideales de lo que es ser pol\u00edtica\u00bb, dijo a T\u00e9lam Nina Nyman, profesora en la Universidad Abo Akademi de Finlandia.<\/p>\n<p>En cambio, expres\u00f3 que <strong>los hombres son vistos como \u00abneutrales\u00bb y son juzgados principalmente por su trabajo y no por su conducta privada<\/strong>. No obstante, precis\u00f3 que cuando su vida privada alcanza la esfera medi\u00e1tica tienen mayor margen de acci\u00f3n que las mujeres.<\/p>\n<blockquote class><p>\u00abLas mujeres son juzgadas como pol\u00edticas y como mujeres. Tienen que cumplir tanto los ideales de lo que es ser mujer como los ideales de lo que es ser pol\u00edtica\u00bb<cite class=\"author\">Nina Nyman<\/cite><\/p><\/blockquote>\n<p>\u00abImag\u00ednese a una pol\u00edtica diciendo como <strong>(Donald) Trump<\/strong> que &#8216;agarra a un hombre por las pelotas&#8217; y luego simplemente se encoge de hombros diciendo que es una &#8216;charla de vestuario'\u00bb, dijo en relaci\u00f3n a uno de los comentarios mis\u00f3ginos del exmandatario estadounidense.<\/p>\n<p>Ejemplo de ello es tambi\u00e9n el caso del premier brit\u00e1nico, <strong>Boris Johnson<\/strong>, quien se vio envuelto en un esc\u00e1ndalo por hacer fiestas durante el confinamiento por Covid-19, pero nunca se le cuestion\u00f3 el hecho de celebrar o consumir alcohol o drogas.<\/p>\n<p>En el caso de Marin, la doble vara es incluso m\u00e1s fuerte por su juventud, ya que durante siglos la pol\u00edtica estuvo reservada a los hombres de mayor edad, destac\u00f3 Lucero.<\/p>\n<p>\u00abY estamos hablando de la sociedad finlandesa, donde el tema de la equidad de g\u00e9nero es mucho m\u00e1s fuerte en pol\u00edticas reales en la sociedad y, sin embargo, se est\u00e1n cuestionando estas cosas. Hay como un <strong>doble discurso<\/strong>\u00ab, a\u00f1adi\u00f3.<\/p>\n<p>En ese sentido, Nyman afirm\u00f3 que Finlandia \u00abtodav\u00eda no es un pa\u00eds igualitario\u00bb: \u00abPocas personas cuestionan que las mujeres puedan ser l\u00edderes, pero cuando lo son se cuestionan las otras cosas que tambi\u00e9n deben ser y as\u00ed es como persiste la visi\u00f3n machista\u00bb, opin\u00f3.<\/p>\n<p>Tambi\u00e9n Bravi destac\u00f3 la <strong>\u00abhipocres\u00eda\u00bb de esta sociedad en transici\u00f3n<\/strong>, donde las mujeres suelen tener acceso a cargos electivos, pero son pocas a la hora de sentarse en mesas de toma de decisi\u00f3n.<\/p>\n<p>Chaves, en tanto, lament\u00f3 que a los varones se les siga perdonando ser \u00abignorantes, corruptos o racistas\u00bb, mientras que a las pol\u00edticas se las lleva a disculparse por estar en un lugar destinado a los hombres y no haber respetado ese deber ser previsto para las funcionarias socialmente aceptadas.<\/p>\n<p>\u00abMarin dijo &#8216;Soy un ser humano, a veces tambi\u00e9n aspiro a la alegr\u00eda&#8217; en una suerte de defensa y es muy fuerte porque las mujeres tenemos que seguir record\u00e1ndole al mundo que somos humanas y que, como tal, tenemos derechos y tambi\u00e9n tenemos el derecho de equivocarnos, si fuera el caso\u00bb, concluy\u00f3 la acad\u00e9mica, tras recordar que <strong>reci\u00e9n en 1993 las mujeres adquirieron la categor\u00eda de seres humanos para el derecho internacional p\u00fablico.<\/strong><\/p>\n","protected":false},"excerpt":{"rendered":"<p>Foto archivo: AFP. La reciente pol\u00e9mica en torno a la vida privada de la primera ministra de Finlandia, Sanna Marin, puso de manifiesto la doble vara que existe en el mundo a la hora de juzgar a las mujeres en el poder, quienes a diferencia de sus pares hombres se ven constantemente obligadas a justificar [&hellip;]<\/p>\n","protected":false},"author":1,"featured_media":47490,"comment_status":"open","ping_status":"closed","sticky":false,"template":"","format":"standard","meta":[],"categories":[24],"tags":[],"_links":{"self":[{"href":"http:\/\/hoycordobaweb.com\/index.php\/wp-json\/wp\/v2\/posts\/47489"}],"collection":[{"href":"http:\/\/hoycordobaweb.com\/index.php\/wp-json\/wp\/v2\/posts"}],"about":[{"href":"http:\/\/hoycordobaweb.com\/index.php\/wp-json\/wp\/v2\/types\/post"}],"author":[{"embeddable":true,"href":"http:\/\/hoycordobaweb.com\/index.php\/wp-json\/wp\/v2\/users\/1"}],"replies":[{"embeddable":true,"href":"http:\/\/hoycordobaweb.com\/index.php\/wp-json\/wp\/v2\/comments?post=47489"}],"version-history":[{"count":0,"href":"http:\/\/hoycordobaweb.com\/index.php\/wp-json\/wp\/v2\/posts\/47489\/revisions"}],"wp:featuredmedia":[{"embeddable":true,"href":"http:\/\/hoycordobaweb.com\/index.php\/wp-json\/wp\/v2\/media\/47490"}],"wp:attachment":[{"href":"http:\/\/hoycordobaweb.com\/index.php\/wp-json\/wp\/v2\/media?parent=47489"}],"wp:term":[{"taxonomy":"category","embeddable":true,"href":"http:\/\/hoycordobaweb.com\/index.php\/wp-json\/wp\/v2\/categories?post=47489"},{"taxonomy":"post_tag","embeddable":true,"href":"http:\/\/hoycordobaweb.com\/index.php\/wp-json\/wp\/v2\/tags?post=47489"}],"curies":[{"name":"wp","href":"https:\/\/api.w.org\/{rel}","templated":true}]}}