{"id":47457,"date":"2022-08-26T01:13:39","date_gmt":"2022-08-26T01:13:39","guid":{"rendered":"https:\/\/www.ole.com.ar\/maradona\/lothar-matthaus-diego-maradona-camiseta_0_GtkcL8Vsns.html"},"modified":"2022-08-26T01:13:39","modified_gmt":"2022-08-26T01:13:39","slug":"matthaus-con-ole-la-camiseta-del-86-que-diego-nos-este-mirando-desde-el-cielo-y-mas","status":"publish","type":"post","link":"http:\/\/hoycordobaweb.com\/index.php\/2022\/08\/26\/matthaus-con-ole-la-camiseta-del-86-que-diego-nos-este-mirando-desde-el-cielo-y-mas\/","title":{"rendered":"Matthaus con Ol\u00e9: la camiseta del 86, \u00abque Diego nos est\u00e9 mirando desde el cielo\u00bb y m\u00e1s"},"content":{"rendered":"<p><img src=\"http:\/\/hoycordobaweb.com\/wp-content\/uploads\/2022\/08\/matthaus-con-ole-la-camiseta-del-86-que-diego-nos-este-mirando-desde-el-cielo-y-mas.jpg\"><\/p>\n<p>Este jueves, <strong>Argentina<\/strong> recuper\u00f3 uno de sus mayores tesoros futbol\u00edsticos de su historia: la camiseta utilizada por <strong><a alt=\"diego-maradona\" class=\"slug\" href=\"https:\/\/www.ole.com.ar\/tema\/diego-maradona.html\" target=\"_blank\" title=\"diego-maradona\" rel=\"noopener noreferrer\">Diego Maradona<\/a><\/strong> en la final del <strong>Mundial de M\u00e9xico 1986<\/strong>, en la cual la Albiceleste se consagr\u00f3 campeona. El alem\u00e1n <strong><a alt=\"lothar-matthaus\" class=\"slug\" href=\"https:\/\/www.ole.com.ar\/tema\/lothar-matthaus.html\" target=\"_blank\" title=\"lothar-matthaus\" rel=\"noopener noreferrer\">Lothar Matthaus<\/a><\/strong>, que intercambi\u00f3 su camiseta con el Diez, <a href=\"https:\/\/www.ole.com.ar\/maradona\/maradona-camiseta-86-matthaus_0_MGhjEhuZbd.html\" target=\"_blank\" rel=\"noopener noreferrer\">entreg\u00f3 la reliquia a la Embajada Argentina de Madrid<\/a>.<\/p>\n<h2><strong>El video de la entrevista<\/strong><\/h2>\n<div class=\"sp__SM\">\n<div class=\"content-new \">\n<span class=\"tit-mobile\">Mir\u00e1 tambi\u00e9n<\/span><\/p>\n<div class=\"mg\">\n<div class=\"wrap-figure\">\n<picture>\n<a href=\"https:\/\/www.ole.com.ar\/maradona\/maradona-camiseta-86-matthaus_0_MGhjEhuZbd.html\" target=\"_self\" rel=\"noopener noreferrer\"><br \/>\n<img class=\"img-responsive\" alt=\"Matthaus entreg\u00f3 la camiseta que us\u00f3 Maradona en la final del 86\" src=\"http:\/\/hoycordobaweb.com\/wp-content\/uploads\/2022\/08\/matthaus-con-ole-la-camiseta-del-86-que-diego-nos-este-mirando-desde-el-cielo-y-mas-2.jpg\" loading=\"lazy\"><br \/>\n<\/a>\n<\/picture>\n<\/div>\n<\/div><\/div>\n<\/div>\n<p>En exclusiva con <strong>Ol\u00e9<\/strong>, el alem\u00e1n habl\u00f3 sobre c\u00f3mo ve a la <strong><a alt=\"seleccion-argentina\" class=\"slug\" href=\"https:\/\/www.ole.com.ar\/tema\/seleccion-argentina.html\" target=\"_blank\" title=\"seleccion-argentina\" rel=\"noopener noreferrer\">Selecci\u00f3n Argentina<\/a><\/strong> en la previa del Mundial de Qatar: \u00ab<strong>Veo una Argentina muy fuerte<\/strong>. No solo en las Eliminatorias, sino que vi algunos partidos y creo que est\u00e1n listas, como Alemania, para salir campeones del mundo. <strong>Argentina ya no es solo <a alt=\"lionel-messi\" class=\"slug\" href=\"https:\/\/www.ole.com.ar\/tema\/lionel-messi.html\" target=\"_blank\" title=\"lionel-messi\" rel=\"noopener noreferrer\">Messi<\/a>, y eso es bueno para la Selecci\u00f3n<\/strong>. Antes, si Leo no ten\u00eda el mejor d\u00eda, el equipo ten\u00eda problemas. Pero ahora veo que hay otros jugadores que dan un balance y hacen que Messi no se sienta tan solo\u00bb.<\/p>\n<h2><strong>La adoraci\u00f3n de Matthaus por Diego<\/strong><\/h2>\n<p>\u00abAntes, notaba que todos buscaban darle la pelota a Messi y eso no era bueno para el equipo, porque el no pod\u00eda hacer todo por su cuenta. <strong>Soy un gran fan suyo, especialmente por lo que hizo en&nbsp;Barcelona, que fue algo muy parecido a lo que gener\u00f3 Maradona en Napoli y en la Selecci\u00f3n&nbsp;a\u00f1os atr\u00e1s. Ahora Messi est\u00e1 haciendo lo mismo.<\/strong>&nbsp;Consigui\u00f3 ese t\u00edtulo en la <strong>Copa Am\u00e9rica<\/strong>, su primer trofeo con la selecci\u00f3n, y creo que puede hacer lo mismo con el Mundial, porque ya no es solo&nbsp;\u00e9l quien puede hacer la diferencia. Les deseo lo mejor, porque Argentina es un pa\u00eds de f\u00fatbol, y me encanta Buenos Aires, es una de las ciudades m\u00e1s bonitas en el mundo. <strong>Porque no so\u00f1ar con otra final Argentina-Alemania como en Brasil, y con el mismo resultado, ja<\/strong>\u00ab, sigui\u00f3.<\/p>\n<div class=\"sp__Normal\">\n<div class=\"image-embeb image-trigger\" readability=\"6\">\n<picture><source media=\"(min-width: 720px)\" srcset=\"http:\/\/hoycordobaweb.com\/wp-content\/uploads\/2022\/08\/matthaus-con-ole-la-camiseta-del-86-que-diego-nos-este-mirando-desde-el-cielo-y-mas-3.jpg\"><img itemprop=\"image\" src=\"http:\/\/hoycordobaweb.com\/wp-content\/uploads\/2022\/08\/matthaus-con-ole-la-camiseta-del-86-que-diego-nos-este-mirando-desde-el-cielo-y-mas-3.jpg\" loading=\"lazy\" alt=\"Matthaus consevaba la camiseta desde el mismo d\u00eda del partido- FTP CLARIN\">\n<\/picture><figcaption readability=\"2\">\n<p>Matthaus consevaba la camiseta desde el mismo d\u00eda del partido- FTP CLARIN\n<\/p>\n<\/figcaption><\/div>\n<\/div>\n<p>Sobre el Museo Legends, lugar donde estar\u00e1 la camiseta de Diego durante el pr\u00f3ximo mes, dijo: \u00ab<strong>Cuando entr\u00e9 por primera vez, qued\u00e9 impresionado con esta cantidad de historia<\/strong>. Tengo 61 a\u00f1os y sigo futbol desde que tengo cinco a\u00f1os y en este museo podes ver much\u00edsimas historias del f\u00fatbol. Grandes&nbsp;jugadores, finalistas de la Copa del Mundo, los capitanes, de todo.&nbsp;<strong>Tantas memorias vinieron a mi mente, de cuando lo v\u00ed, con quien, en donde y fue un momento muy especial<\/strong>. Volv\u00ed a recordar como vi el f\u00fatbol, record\u00e9 a leyendas como Pele, Maradona, Kempes, Me gusta el f\u00fatbol, las Copas del Mundo, y no soy ego\u00edsta, no creo que Alemania deba ganar siempre. Recuerdo a Passarella levantando la Copa en el 78, algo muy importante porque fue el primer Mundial del pa\u00eds. Tambi\u00e9n me acord\u00e9 de aquellos futbolistas que que conoc\u00ed, de los que vi por televisi\u00f3n&#8230; Recomiendo a todos los fan\u00e1ticos venir a este museo, porque realmente se siente la historia del f\u00fatbol\u00bb.<\/p>\n<p>Sobre el f\u00fatbol argentino, el ex volante declar\u00f3: \u00abEn Alemania no se sigue el f\u00fatbol argentino, porque los partidos no se pueden ver en vivo. El \u00faltimo que vi fue <strong><a alt=\"river-plate\" class=\"slug\" href=\"https:\/\/www.ole.com.ar\/tema\/river-plate.html\" target=\"_blank\" title=\"river-plate\" rel=\"noopener noreferrer\">River<\/a><\/strong> contra <strong><a alt=\"boca-juniors\" class=\"slug\" href=\"https:\/\/www.ole.com.ar\/tema\/boca-juniors.html\" target=\"_blank\" title=\"boca-juniors\" rel=\"noopener noreferrer\">Boca<\/a><\/strong>. Estuve en la Bombonera hace cuatro o cinco a\u00f1os, es un estadio hermoso, pero nunca estuve con p\u00fablico. La visita fue con estadio vac\u00edo y pude posar con la <strong>Copa Libertadores<\/strong>. Fue una muy linda experiencia, pero no puedo decir que equipo es mejor. Me gusta el f\u00fatbol, y creo que estos dos clubes&nbsp;escribieron mucha historia para Argentina\u00bb.<\/p>\n<p>Cuando le preguntaron si sab\u00eda de la magnitud de su nombre para Argentina, respondi\u00f3: <strong>\u00abLo se por mi relaci\u00f3n con Diego. Sab\u00eda que un gran nombre en Argentina y&nbsp;lo sent\u00ed cuanto visit\u00e9 el pa\u00eds en los \u00faltimos a\u00f1os<\/strong>. Ustedes recuerdan la historia entre Diego y yo, y&nbsp;creo que esto va a hacerme muy famoso en Argentina. Estoy orgulloso por esto, muy feliz y para mi es un honor ser tan famoso en un pa\u00eds tan futbolero como Argentina\u00bb.<\/p>\n<div class=\"sp__Normal\">\n<div class=\"image-embeb image-trigger\" readability=\"6\">\n<picture><source media=\"(min-width: 720px)\" srcset=\"http:\/\/hoycordobaweb.com\/wp-content\/uploads\/2022\/08\/matthaus-con-ole-la-camiseta-del-86-que-diego-nos-este-mirando-desde-el-cielo-y-mas-4.jpg\"><img itemprop=\"image\" src=\"http:\/\/hoycordobaweb.com\/wp-content\/uploads\/2022\/08\/matthaus-con-ole-la-camiseta-del-86-que-diego-nos-este-mirando-desde-el-cielo-y-mas-4.jpg\" loading=\"lazy\" alt=\"Diego esquiva la marca de Matthaus en la final (AFP).\">\n<\/picture><figcaption readability=\"2\">\n<p>Diego esquiva la marca de Matthaus en la final (AFP).\n<\/p>\n<\/figcaption><\/div>\n<\/div>\n<h2><strong>Su relaci\u00f3n con Maradona<\/strong><\/h2>\n<div class=\"sp__SM\">\n<div class=\"content-new \">\n<span class=\"tit-mobile\">Mir\u00e1 tambi\u00e9n<\/span><\/p>\n<div class=\"mg\">\n<div class=\"wrap-figure\">\n<picture>\n<a href=\"https:\/\/www.ole.com.ar\/maradona\/lothar-matthaus-diego-maradona_0_5CpkgxHo2F.html\" target=\"_self\" rel=\"noopener noreferrer\"><br \/>\n<img class=\"img-responsive\" alt=\"Matthaus sobre la camiseta Maradona: &quot;De vuelta a las ra\u00edces&quot;\" src=\"http:\/\/hoycordobaweb.com\/wp-content\/uploads\/2022\/08\/matthaus-con-ole-la-camiseta-del-86-que-diego-nos-este-mirando-desde-el-cielo-y-mas-5.jpg\" loading=\"lazy\"><br \/>\n<\/a>\n<\/picture>\n<\/div>\n<\/div><\/div>\n<\/div>\n<p>Cuando le recordaron que Diego dej\u00f3 el alma por el pueblo argentino, dijo: <strong>\u00abDe seguro lo s\u00e9 y es por eso que di la camiseta de vuelta sus ra\u00edces. De vuelta a las ra\u00edces de Maradona y Argentina<\/strong>. \u00c9l fue un gran jugador, el mejor jugador, un \u00eddolo para todos los fan\u00e1ticos del f\u00fatbol en Argentina y hasta es un \u00eddolo para la generaci\u00f3n m\u00e1s joven. Todos quieren ser como Messi o Maradona. \u00c9l no solo influenci\u00f3 a la gente de Argentina, sino que fue un embajador del f\u00fatbol en todo el mundo y es por eso creo que esta camiseta es muy importante para Argentina.<strong> Si la ten\u00eda yo es solo importante para m\u00ed, nadie la puede ver ni saber la historia, y claro que obtengo algo para mi historia, pero la historia de Maradona en Argentina es mucho m\u00e1s grande que la m\u00eda y por eso pienso que la camiseta de Maradona de la final del Mundial 86 est\u00e1 ahora en el lugar indicado<\/strong>. Ahora todos pueden ver a la camiseta y la historia de de la final del Mundial 86. Argentina fue el mejor equipo en el 86 y Maradona fue el mejor jugador. <strong>El equipo correcto gan\u00f3 el Mundial 86 con Maradona y ahora la camiseta est\u00e1 donde tiene que estar<\/strong>\u00ab.<\/p>\n<div class=\"sp__Normal\">\n<div class=\"image-embeb image-trigger\" readability=\"6\">\n<picture><source media=\"(min-width: 720px)\" srcset=\"http:\/\/hoycordobaweb.com\/wp-content\/uploads\/2022\/08\/matthaus-con-ole-la-camiseta-del-86-que-diego-nos-este-mirando-desde-el-cielo-y-mas-6.jpg\"><img itemprop=\"image\" src=\"http:\/\/hoycordobaweb.com\/wp-content\/uploads\/2022\/08\/matthaus-con-ole-la-camiseta-del-86-que-diego-nos-este-mirando-desde-el-cielo-y-mas-6.jpg\" loading=\"lazy\" alt=\"Matthaus en la ceremonia de entrega. FTP CLARIN\">\n<\/picture><figcaption readability=\"2\">\n<p>Matthaus en la ceremonia de entrega. FTP CLARIN\n<\/p>\n<\/figcaption><\/div>\n<\/div>\n<p>\u00ab<strong>Fui un fan de Maradona cuando \u00e9l era jugador y despu\u00e9s hicimos una amistad, jugando varias veces entre Alemania y Argentina e Inter contra Napoli<\/strong>. Tuvimos varios partidos juntos, como su partido de despedida en Buenos Aires y mi partido de despedida en Munich y tambi\u00e9n el de Platini. Tuve much\u00edsima diversi\u00f3n con \u00e9l despu\u00e9s de los partidos, en el ambiente privado. Maradona fue el mejor jugador de su tiempo, aunque no voy a decir que fue el mejor de la historia porque el f\u00fatbol es una historia larga. Pel\u00e9 fue tambi\u00e9n excelente.<strong> Maradona le dio tanto al f\u00fatbol y es una pena que haya muerto tan joven<\/strong>. Al principio no lo cre\u00ed cuando recib\u00ed esa informaci\u00f3n, pero despu\u00e9s de un par de horas me enter\u00e9 de la realidad y que era cierto. Yo estaba muy triste y deprimido, ya que hab\u00eda tenido tan buenos momentos con \u00e9l y le hab\u00eda tanto al f\u00fatbol, haci\u00e9ndonos feliz con su talento, contentos con su calidad y contento con sus grandes actuaciones. Yo puedo estar contento que fui tan cercano a \u00e9l y a su familia, a la que le deseo solo lo mejor y<strong> espero que Diego hoy nos est\u00e9 viendo desde el cielo\u00bb<\/strong>, agreg\u00f3 Lothar.<\/p>\n<h2><strong>El video de la entrega<\/strong><\/h2>\n<p><strong><\/strong>La gesti\u00f3n para la recuperaci\u00f3n de la camiseta estuvo en&nbsp;manos de<strong> Marcelo Ord\u00e1s<\/strong>, un coleccionista argentino que vive en Madrid y que logr\u00f3 convencer a Matthaus de realizar la donaci\u00f3n. La camiseta se quedar\u00e1 en el <strong>Museo Legends<\/strong> de la capital espa\u00f1ola por un mes, y luego volver\u00e1 a Argentina para ser exhibida en nuestro pa\u00eds.<strong>\u200b<\/strong><\/p>\n<p><strong>\u200b<\/strong><\/p>\n<div class=\"entry-tags\">\n<h2>TEMAS QUE APARECEN EN ESTA NOTA<\/h2>\n<\/p><\/div>\n","protected":false},"excerpt":{"rendered":"<p>Este jueves, Argentina recuper\u00f3 uno de sus mayores tesoros futbol\u00edsticos de su historia: la camiseta utilizada por Diego Maradona en la final del Mundial de M\u00e9xico 1986, en la cual la Albiceleste se consagr\u00f3 campeona. El alem\u00e1n Lothar Matthaus, que intercambi\u00f3 su camiseta con el Diez, entreg\u00f3 la reliquia a la Embajada Argentina de Madrid. [&hellip;]<\/p>\n","protected":false},"author":1,"featured_media":47458,"comment_status":"open","ping_status":"closed","sticky":false,"template":"","format":"standard","meta":[],"categories":[16],"tags":[],"_links":{"self":[{"href":"http:\/\/hoycordobaweb.com\/index.php\/wp-json\/wp\/v2\/posts\/47457"}],"collection":[{"href":"http:\/\/hoycordobaweb.com\/index.php\/wp-json\/wp\/v2\/posts"}],"about":[{"href":"http:\/\/hoycordobaweb.com\/index.php\/wp-json\/wp\/v2\/types\/post"}],"author":[{"embeddable":true,"href":"http:\/\/hoycordobaweb.com\/index.php\/wp-json\/wp\/v2\/users\/1"}],"replies":[{"embeddable":true,"href":"http:\/\/hoycordobaweb.com\/index.php\/wp-json\/wp\/v2\/comments?post=47457"}],"version-history":[{"count":0,"href":"http:\/\/hoycordobaweb.com\/index.php\/wp-json\/wp\/v2\/posts\/47457\/revisions"}],"wp:featuredmedia":[{"embeddable":true,"href":"http:\/\/hoycordobaweb.com\/index.php\/wp-json\/wp\/v2\/media\/47458"}],"wp:attachment":[{"href":"http:\/\/hoycordobaweb.com\/index.php\/wp-json\/wp\/v2\/media?parent=47457"}],"wp:term":[{"taxonomy":"category","embeddable":true,"href":"http:\/\/hoycordobaweb.com\/index.php\/wp-json\/wp\/v2\/categories?post=47457"},{"taxonomy":"post_tag","embeddable":true,"href":"http:\/\/hoycordobaweb.com\/index.php\/wp-json\/wp\/v2\/tags?post=47457"}],"curies":[{"name":"wp","href":"https:\/\/api.w.org\/{rel}","templated":true}]}}