{"id":47423,"date":"2022-08-26T15:17:00","date_gmt":"2022-08-26T15:17:00","guid":{"rendered":"http:\/\/hoycordobaweb.com\/index.php\/2022\/08\/26\/la-roma-de-dybala-comparte-grupo-con-el-betis-de-pezzella-y-rodriguez\/"},"modified":"2022-08-26T15:17:00","modified_gmt":"2022-08-26T15:17:00","slug":"la-roma-de-dybala-comparte-grupo-con-el-betis-de-pezzella-y-rodriguez","status":"publish","type":"post","link":"http:\/\/hoycordobaweb.com\/index.php\/2022\/08\/26\/la-roma-de-dybala-comparte-grupo-con-el-betis-de-pezzella-y-rodriguez\/","title":{"rendered":"La Roma de Dybala comparte grupo con el Betis de Pezzella y Rodriguez"},"content":{"rendered":"<p><img src=\"http:\/\/hoycordobaweb.com\/wp-content\/uploads\/2022\/08\/la-roma-de-dybala-comparte-grupo-con-el-betis-de-pezzella-y-rodriguez.jpg\"><\/p>\n<figure class=\"mb-3\"><img loading=\"lazy\" src=\"http:\/\/hoycordobaweb.com\/wp-content\/uploads\/2022\/08\/la-roma-de-dybala-comparte-grupo-con-el-betis-de-pezzella-y-rodriguez-2.jpg\" width=\"100%\" height=\"100%\" alt=\"Definidos los grupos de la Liga de Europa Foto TW EuropaLeague\"><figcaption> Definidos los grupos de la Liga de Europa \/ Foto: TW @EuropaLeague <\/figcaption><\/figure>\n<p>Roma, de Italia, con el argentino Paulo Dybala, integrar\u00e1 el Grupo C de la Liga de Europa 2022\/23 con el Real Betis, de Espa\u00f1a, en donde juegan sus compatriotas Germ\u00e1n Pezzella y Guido Rodr\u00edguez, tras el sorteo realizado este viernes en la ciudad Suiza de Nyon, sede de la UEFA.<\/p>\n<p>El grupo de Roma y Betis, dirigido por el chileno Manuel Pellegrini, se completar\u00e1 con Ludogorets, de Bulgaria, con el argentino Mart\u00edas Tissera y el Helsinki de Finlandia.<\/p>\n<p>Los encuentros de<strong> la fase de grupos se desarrollar\u00e1n entre el 8 de septiembre y el 3 de noviembre,<\/strong> todo muy compacto a causa del Mundial de Qatar. <strong>El 7 de noviembre<\/strong> se sortear\u00e1n los<strong> octavos de final<\/strong> y <strong>el cotejo que definir\u00e1 al campe\u00f3n se disputar\u00e1 el 31 de mayo en Budapest (Hungr\u00eda), en el Puskas Arena.<\/strong><\/p>\n<blockquote class=\"twitter-tweet\" readability=\"3.0223880597015\">\n<p lang=\"en\" dir=\"ltr\">Who will be lifting this in 2023? \ud83c\udfc6<a href=\"https:\/\/twitter.com\/hashtag\/UELdraw?src=hash&amp;ref_src=twsrc%5Etfw\">#UELdraw<\/a> | <a href=\"https:\/\/twitter.com\/hashtag\/UEL?src=hash&amp;ref_src=twsrc%5Etfw\">#UEL<\/a> <a href=\"https:\/\/t.co\/CT02PqM6Y5\">pic.twitter.com\/CT02PqM6Y5<\/a><\/p>\n<p>\u2014 UEFA Europa League (@EuropaLeague) <a href=\"https:\/\/twitter.com\/EuropaLeague\/status\/1563117458361577472?ref_src=twsrc%5Etfw\">August 26, 2022<\/a><\/p><\/blockquote>\n<p><strong>La conformaci\u00f3n de los grupos es la siguiente<\/strong>:<\/p>\n<p>Grupo A: Arsenal (Inglaterra), PSV (Pa\u00edses bajos), Bodo Glimt (Noruega) y Z\u00farich (Suiza)<\/p>\n<p>Grupo B: Dinamo Kiev (Ucrania), Rennes (Francia), Fenerbah\u00e7e (Turqu\u00eda) y AEK (Grecia).<\/p>\n<p>Grupo C: Roma (Italia), Ludogorets (Bulgaria), Real Betis (Espa\u00f1a) y Helsinki (Finlandia)<\/p>\n<p>Grupo D: Braga (Portugal) Malmoe (Suecia), Uni\u00f3n Berl\u00edn (Alemania) y Union Saint-Gilloise (Suiza).<\/p>\n<p>Grupo E: Manchester United (Inglaterra), Real Sociedad (Espa\u00f1a), Sheriff (Moldavia) y Omonia (Chipre).<\/p>\n<p>Grupo F: Lazio (Italia), Feyenoord (Pa\u00edses Bajos), Mydjitilland (Dinamarca) y Sturm Graz (Austria).<\/p>\n<p>Grupo G: Olympiacos (Grecia), Qarabag (Azerbay\u00e1n), Friburgo (Alemania) y Nantes (Francia).<\/p>\n<p>Grupo H: Estrella Roja (Serbia), M\u00f3naco (Francia), Ferencvaros (Hungr\u00eda) y Trabzonspor (Turqu\u00eda). <\/p>\n","protected":false},"excerpt":{"rendered":"<p>Definidos los grupos de la Liga de Europa \/ Foto: TW @EuropaLeague Roma, de Italia, con el argentino Paulo Dybala, integrar\u00e1 el Grupo C de la Liga de Europa 2022\/23 con el Real Betis, de Espa\u00f1a, en donde juegan sus compatriotas Germ\u00e1n Pezzella y Guido Rodr\u00edguez, tras el sorteo realizado este viernes en la ciudad [&hellip;]<\/p>\n","protected":false},"author":1,"featured_media":47424,"comment_status":"open","ping_status":"closed","sticky":false,"template":"","format":"standard","meta":[],"categories":[16],"tags":[],"_links":{"self":[{"href":"http:\/\/hoycordobaweb.com\/index.php\/wp-json\/wp\/v2\/posts\/47423"}],"collection":[{"href":"http:\/\/hoycordobaweb.com\/index.php\/wp-json\/wp\/v2\/posts"}],"about":[{"href":"http:\/\/hoycordobaweb.com\/index.php\/wp-json\/wp\/v2\/types\/post"}],"author":[{"embeddable":true,"href":"http:\/\/hoycordobaweb.com\/index.php\/wp-json\/wp\/v2\/users\/1"}],"replies":[{"embeddable":true,"href":"http:\/\/hoycordobaweb.com\/index.php\/wp-json\/wp\/v2\/comments?post=47423"}],"version-history":[{"count":0,"href":"http:\/\/hoycordobaweb.com\/index.php\/wp-json\/wp\/v2\/posts\/47423\/revisions"}],"wp:featuredmedia":[{"embeddable":true,"href":"http:\/\/hoycordobaweb.com\/index.php\/wp-json\/wp\/v2\/media\/47424"}],"wp:attachment":[{"href":"http:\/\/hoycordobaweb.com\/index.php\/wp-json\/wp\/v2\/media?parent=47423"}],"wp:term":[{"taxonomy":"category","embeddable":true,"href":"http:\/\/hoycordobaweb.com\/index.php\/wp-json\/wp\/v2\/categories?post=47423"},{"taxonomy":"post_tag","embeddable":true,"href":"http:\/\/hoycordobaweb.com\/index.php\/wp-json\/wp\/v2\/tags?post=47423"}],"curies":[{"name":"wp","href":"https:\/\/api.w.org\/{rel}","templated":true}]}}