{"id":47419,"date":"2022-08-25T22:26:00","date_gmt":"2022-08-25T22:26:00","guid":{"rendered":"http:\/\/hoycordobaweb.com\/index.php\/2022\/08\/25\/presentan-un-proyecto-para-ampliar-la-competencia-de-la-defensoria-del-publico-audiovisual\/"},"modified":"2022-08-25T22:26:00","modified_gmt":"2022-08-25T22:26:00","slug":"presentan-un-proyecto-para-ampliar-la-competencia-de-la-defensoria-del-publico-audiovisual","status":"publish","type":"post","link":"http:\/\/hoycordobaweb.com\/index.php\/2022\/08\/25\/presentan-un-proyecto-para-ampliar-la-competencia-de-la-defensoria-del-publico-audiovisual\/","title":{"rendered":"Presentan un proyecto para ampliar la competencia de la Defensor\u00eda del P\u00fablico Audiovisual"},"content":{"rendered":"<p><img src=\"http:\/\/hoycordobaweb.com\/wp-content\/uploads\/2022\/08\/presentan-un-proyecto-para-ampliar-la-competencia-de-la-defensoria-del-publico-audiovisual.jpg\"><\/p>\n<figure class=\"mb-3\"><img loading=\"lazy\" src=\"http:\/\/hoycordobaweb.com\/wp-content\/uploads\/2022\/08\/presentan-un-proyecto-para-ampliar-la-competencia-de-la-defensoria-del-publico-audiovisual-2.jpg\" width=\"100%\" height=\"100%\" alt=\"Florencia Lampreabe Foto archivo\"><figcaption> Florencia Lampreabe. Foto: archivo. <\/figcaption><\/figure>\n<p>La diputada Florencia Lampreabe (Frente de Todos-Buenos Aires) present\u00f3 un proyecto de ley que ampl\u00eda las competencias de la Defensor\u00eda del P\u00fablico de Servicios de Comunicaci\u00f3n Audiovisual, para lo cual propone la modificaci\u00f3n de art\u00edculos de Ley de Medios y Ley Argentina Digital.<\/p>\n<p>Al justificar la presentaci\u00f3n del proyecto, la vicepresidenta 2\u00b0 de la comisi\u00f3n de Comunicaciones e Inform\u00e1tica se\u00f1al\u00f3 a trav\u00e9s de sus redes sociales: \u00abJunto a un grupo de Diputados hemos presentado un proyecto para que la Defensor\u00eda del P\u00fablico pueda intervenir para proteger nuestro derecho a una comunicaci\u00f3n plural, democr\u00e1tica y libre de violencias y mentiras en todos los \u00e1mbitos, incluido internet\u00bb.<\/p>\n<p>El hilo de Twitter de la legisladora del FdT lleg\u00f3 como respuesta a un anuncio del diputado del PRO Hern\u00e1n Lombardi, por la misma red: \u00abPriorizar. Junto con diputados de nuestro bloque ayer solicitamos pronto despacho al proyecto de cerrar la Defensor\u00eda del P\u00fablico de Com. Audiovisual. Ayer cortaron 70.000 millones a Educaci\u00f3n. Priorizar es eliminar organismos que refugian militantes pagos. Que prioriza el gobierno?\u00bb.<\/p>\n<p>A ese proyecto, Lampreabe apunt\u00f3: \u00abDesde 2015 que el macrismo viene haciendo todo lo que puede por arrasar con los organismos democr\u00e1ticos propuestos por la Ley de Servicios de Comunicaci\u00f3n Audiovisual\u00bb.<\/p>\n<p>\u00abSe presentan como defensores de la Rep\u00fablica y la libertad de expresi\u00f3n pero les molesta que exista un organismo p\u00fablico que defienda a las audiencias. Porque, adem\u00e1s de jueces y fiscales digitados, el lawfare necesita imponer sus mentiras de manera impune a trav\u00e9s de los medios. Por eso ahora quieren cerrar la Defensor\u00eda del P\u00fablico\u00bb, replic\u00f3.<\/p>\n<p>Y marc\u00f3 que \u00abante este nuevo ataque, desde el Frente de Todos, no solo reivindicamos el rol clave de la Defensor\u00eda, sino que adem\u00e1s queremos ampliar sus competencias para cubrir tambi\u00e9n los medios digitales\u00bb.<\/p>\n<p>Al explicar las motivaciones generales de su proyecto, Lampreabe destac\u00f3 que \u00aben el marco de los debates actuales sobre la regulaci\u00f3n de los cambios culturales y tecnol\u00f3gicos que supone la convergencia, y teniendo en cuenta el principio de progresividad en materia de derechos humanos, resulta trascendente el mantenimiento de estos est\u00e1ndares, y la ampliaci\u00f3n de las incumbencias, atento a la complejizaci\u00f3n del uso que la ciudadan\u00eda realiza de plataformas y servicios digitales y TIC\u00bb.<\/p>\n<p>\u00abSostenemos la necesidad de que la Defensor\u00eda proteja a los ciudadanos y ciudadanas tanto en su calidad de audiencias y p\u00fablico usuario de las tecnolog\u00edas de la informaci\u00f3n y la comunicaci\u00f3n\u00bb, a\u00f1adi\u00f3.<\/p>\n<figure class=\"mb-3\"><img loading=\"lazy\" src=\"http:\/\/hoycordobaweb.com\/wp-content\/uploads\/2022\/08\/presentan-un-proyecto-para-ampliar-la-competencia-de-la-defensoria-del-publico-audiovisual-3.jpg\" width=\"100%\" height=\"100%\" alt=\"Foto archivo\"><figcaption> Foto: archivo. <\/figcaption><\/figure>\n<p>Para la diputada nacional por Buenos Aires, la iniciativa promueve \u00abla actualizaci\u00f3n de la Defensor\u00eda (del P\u00fablico) como un organismo estatal aut\u00f3nomo, de alcance nacional, con dependencia org\u00e1nica de la Comisi\u00f3n Bicameral de Promoci\u00f3n y Seguimiento de la Comunicaci\u00f3n Audiovisual, las Tecnolog\u00edas de la Telecomunicaciones y la Digitalizaci\u00f3n\u00bb.<\/p>\n<p>\u00abLa ampliaci\u00f3n de la denominaci\u00f3n y las competencias de la Defensor\u00eda se apoya en la pionera creada por Ley 26.522, considerando los actuales modos de comunicaci\u00f3n y consumo de servicios de comunicaci\u00f3n, atravesados tanto por los tradicionales medios de radiodifusi\u00f3n as\u00ed como por las TIC (tecnolog\u00edas de informaci\u00f3n y comunicaci\u00f3n)\u00bb, remarc\u00f3.<\/p>\n<p>Y agreg\u00f3 que el objetivo de su proyecto es facilitar el acceso a \u00abestos servicios y tecnolog\u00edas como condici\u00f3n para el ejercicio de derechos fundamentales a la expresi\u00f3n, la comunicaci\u00f3n y la informaci\u00f3n, del cual depende a su vez el ejercicio de otros derechos\u00bb.<\/p>\n<p>En ese sentido, puso de relieve que \u00abel acceso y la promoci\u00f3n de la participaci\u00f3n y la circulaci\u00f3n de contenidos diversos por estos medios son, en la sociedad medi\u00e1tica actual, una condici\u00f3n para el ejercicio de la ciudadan\u00eda plena\u00bb.<\/p>\n<p>El proyecto de Lampreabe cuenta con el acompa\u00f1amiento de sus compa\u00f1eros de bancada Pablo Carro, Carolina Mois\u00e9s, Mar\u00eda Graciela Parola, Mar\u00eda Liliana Paponet, Hern\u00e1n P\u00e9rez Araujo, Mar\u00eda Rosa Mart\u00ednez, Marisa Uceda, y Rosana Bertone, entre otros.<\/p>\n","protected":false},"excerpt":{"rendered":"<p>Florencia Lampreabe. Foto: archivo. La diputada Florencia Lampreabe (Frente de Todos-Buenos Aires) present\u00f3 un proyecto de ley que ampl\u00eda las competencias de la Defensor\u00eda del P\u00fablico de Servicios de Comunicaci\u00f3n Audiovisual, para lo cual propone la modificaci\u00f3n de art\u00edculos de Ley de Medios y Ley Argentina Digital. Al justificar la presentaci\u00f3n del proyecto, la vicepresidenta [&hellip;]<\/p>\n","protected":false},"author":1,"featured_media":47420,"comment_status":"open","ping_status":"closed","sticky":false,"template":"","format":"standard","meta":[],"categories":[19],"tags":[],"_links":{"self":[{"href":"http:\/\/hoycordobaweb.com\/index.php\/wp-json\/wp\/v2\/posts\/47419"}],"collection":[{"href":"http:\/\/hoycordobaweb.com\/index.php\/wp-json\/wp\/v2\/posts"}],"about":[{"href":"http:\/\/hoycordobaweb.com\/index.php\/wp-json\/wp\/v2\/types\/post"}],"author":[{"embeddable":true,"href":"http:\/\/hoycordobaweb.com\/index.php\/wp-json\/wp\/v2\/users\/1"}],"replies":[{"embeddable":true,"href":"http:\/\/hoycordobaweb.com\/index.php\/wp-json\/wp\/v2\/comments?post=47419"}],"version-history":[{"count":0,"href":"http:\/\/hoycordobaweb.com\/index.php\/wp-json\/wp\/v2\/posts\/47419\/revisions"}],"wp:featuredmedia":[{"embeddable":true,"href":"http:\/\/hoycordobaweb.com\/index.php\/wp-json\/wp\/v2\/media\/47420"}],"wp:attachment":[{"href":"http:\/\/hoycordobaweb.com\/index.php\/wp-json\/wp\/v2\/media?parent=47419"}],"wp:term":[{"taxonomy":"category","embeddable":true,"href":"http:\/\/hoycordobaweb.com\/index.php\/wp-json\/wp\/v2\/categories?post=47419"},{"taxonomy":"post_tag","embeddable":true,"href":"http:\/\/hoycordobaweb.com\/index.php\/wp-json\/wp\/v2\/tags?post=47419"}],"curies":[{"name":"wp","href":"https:\/\/api.w.org\/{rel}","templated":true}]}}