{"id":47391,"date":"2022-08-25T14:02:51","date_gmt":"2022-08-25T14:02:51","guid":{"rendered":"https:\/\/ladecimaweb.com\/?p=14228"},"modified":"2022-08-25T14:02:51","modified_gmt":"2022-08-25T14:02:51","slug":"quedamos-con-mucho-miedo-pero-hay-que-ser-fuerte-y-salir","status":"publish","type":"post","link":"http:\/\/hoycordobaweb.com\/index.php\/2022\/08\/25\/quedamos-con-mucho-miedo-pero-hay-que-ser-fuerte-y-salir\/","title":{"rendered":"\u201cQuedamos con mucho miedo, pero hay que ser fuerte y salir\u201d"},"content":{"rendered":"<div class=\"boldgrid-section\">\n<div class=\"container\">\n<div class=\"row\">\n<div class=\"col-md-12 col-xs-12 col-sm-12\">\n<p class=\"\">La vecina que sufri\u00f3 ayer un violento robo calificado junto a su hijo en Santa Isabel Primera Secci\u00f3n, dice tener &#8220;mucho miedo&#8221; para volver a la calle, pero &#8220;tengo que ser fuerte y salir adelante&#8221;.<\/p>\n<p class=\"\">El hecho qued\u00f3 registrado por una c\u00e1mara hogare\u00f1a, donde se ven&nbsp; las circunstancias del robo producido a las 7.13 horas.&nbsp;<\/p>\n<p class=\"\">Pamela P\u00e9rez y su hijo Fernando D\u00edaz ven\u00edan caminando por calle Cincinatti cuando son sorprendidos por dos malvivientes a bordo de una moto. Luego se supo que el n\u00famero de chapa del veh\u00edculo tiene domicilio en barrio Comercial.&nbsp;<\/p>\n<p class=\"\">&#8220;Primero la vemos pasar a la moto y despu\u00e9s dio la media vuelta y nos encar\u00f3 por eso yo le dije a mi hijo que corriera hace una cuadra pero despu\u00e9s se vuelve cuando ve que&nbsp; me apuntan con el arma&#8221;, relata P\u00e9rez.&nbsp;<\/p>\n<p class=\"\">&#8220;Nos \u00edbamos a la parada 31 que es el \u00fanico que deja a mi hijo en el colegio, y yo me iba del abogado por eso yo llevaba la mochila con todos los papeles, tarjetas, celular&#8221;.&nbsp;<\/p>\n<p class=\"\">Para arrebatarle la mochila el malviviente, con un objeto duro le peg\u00f3 en la pierna y termin\u00f3 rengueando. Cuenta que su intenci\u00f3n era tirar la mochila tras las rejas de una casa, pero el delincuente lo impidi\u00f3 con un fuerte golpe en la pi\u00f1a, en la pantorrilla.<\/p>\n<p class=\"\">&#8220;Gracias a dios se me ha desinflamado un poco la pierna y estoy mejor mejor, pero mi hijo que est\u00e1 un poco dolorido porque la bala le roz\u00f3 la pierna&#8221;.&nbsp;<\/p>\n<p class=\"\">A diferencia de su mam\u00e1 que se qued\u00f3 sin mochila, Fernando D\u00edaz (15 a\u00f1os) la pudo conservar, salvo una lunchera donde llevaba alimentos y algunas herramientas porque estudia en el Instituto Renault.&nbsp;<\/p>\n<p class=\"\">&#8220;Quedamos con mucho miedo, pero lamentablemente tengo que ser fuerte y salir para hacer los tr\u00e1mites e ir al trabajo&#8221; comenta Pamela.&nbsp;<\/p>\n<p class=\"\">El video muestra cuando los motochorros se fugan del lugar, y a Pamela y Fernando, desesperados, haci\u00e9ndole se\u00f1as a un auto para que pare. Muestra como P\u00e9rez se desmaya en la calle y c\u00f3mo su hijo la auxilia y contiene.<\/p>\n<p class=\"\">&#8220;Yo me desmayo por el dolor en la pierna y por todo lo que hab\u00eda pasado&#8221;, cuenta Pamela a La D\u00e9cima.<\/p>\n<p class=\"\">El costado positivo del hecho es que &#8220;varias madres se han ofrecido a llevar a mi hijo a la escuela. &#8220;Estoy muy agradecida por el momento vamos a manejarnos as\u00ed hasta que pase un poco esto&#8221;, dice. Y agrega: &#8220;No puedo pagar 500 pesos diarios a un remis&#8221;.<\/p>\n<div class=\"ubm_banner\"><a href=\"https:\/\/www.cba.gov.ar\" target=\"_blank\" rel=\"dofollow noopener noreferrer\"><img src=\"http:\/\/hoycordobaweb.com\/wp-content\/uploads\/2022\/08\/quedamos-con-mucho-miedo-pero-hay-que-ser-fuerte-y-salir.gif\" alt=\"\"><\/a><\/div>\n<p class=\"\">&nbsp;<\/p>\n<p class=\"\">&nbsp;<\/p>\n<\/div>\n<\/div>\n<\/div>\n<\/div>\n<p>La entrada <a rel=\"nofollow\" href=\"https:\/\/ladecimaweb.com\/quedamos-con-mucho-miedo-pero-hay-que-ser-fuerte-y-salir\/\">&#8220;Quedamos con mucho miedo, pero hay que ser fuerte y salir&#8221;<\/a> se public\u00f3 primero en <a rel=\"nofollow\" href=\"https:\/\/ladecimaweb.com\">LaDecima<\/a>.<\/p>\n","protected":false},"excerpt":{"rendered":"<p>La vecina que sufri\u00f3 ayer un violento robo calificado junto a su hijo en Santa Isabel Primera Secci\u00f3n, dice tener &#8220;mucho miedo&#8221; para volver a la calle, pero &#8220;tengo que ser fuerte y salir adelante&#8221;. El hecho qued\u00f3 registrado por una c\u00e1mara hogare\u00f1a, donde se ven&nbsp; las circunstancias del robo producido a las 7.13 horas.&nbsp; [&hellip;]<\/p>\n","protected":false},"author":1,"featured_media":47392,"comment_status":"closed","ping_status":"closed","sticky":false,"template":"","format":"standard","meta":[],"categories":[19],"tags":[],"_links":{"self":[{"href":"http:\/\/hoycordobaweb.com\/index.php\/wp-json\/wp\/v2\/posts\/47391"}],"collection":[{"href":"http:\/\/hoycordobaweb.com\/index.php\/wp-json\/wp\/v2\/posts"}],"about":[{"href":"http:\/\/hoycordobaweb.com\/index.php\/wp-json\/wp\/v2\/types\/post"}],"author":[{"embeddable":true,"href":"http:\/\/hoycordobaweb.com\/index.php\/wp-json\/wp\/v2\/users\/1"}],"replies":[{"embeddable":true,"href":"http:\/\/hoycordobaweb.com\/index.php\/wp-json\/wp\/v2\/comments?post=47391"}],"version-history":[{"count":0,"href":"http:\/\/hoycordobaweb.com\/index.php\/wp-json\/wp\/v2\/posts\/47391\/revisions"}],"wp:featuredmedia":[{"embeddable":true,"href":"http:\/\/hoycordobaweb.com\/index.php\/wp-json\/wp\/v2\/media\/47392"}],"wp:attachment":[{"href":"http:\/\/hoycordobaweb.com\/index.php\/wp-json\/wp\/v2\/media?parent=47391"}],"wp:term":[{"taxonomy":"category","embeddable":true,"href":"http:\/\/hoycordobaweb.com\/index.php\/wp-json\/wp\/v2\/categories?post=47391"},{"taxonomy":"post_tag","embeddable":true,"href":"http:\/\/hoycordobaweb.com\/index.php\/wp-json\/wp\/v2\/tags?post=47391"}],"curies":[{"name":"wp","href":"https:\/\/api.w.org\/{rel}","templated":true}]}}