{"id":47389,"date":"2022-08-25T14:37:49","date_gmt":"2022-08-25T14:37:49","guid":{"rendered":"https:\/\/ladecimaweb.com\/?p=14234"},"modified":"2022-08-25T14:37:49","modified_gmt":"2022-08-25T14:37:49","slug":"por-el-robo-de-una-moto-linchan-a-malviviente-en-villa-el-libertador","status":"publish","type":"post","link":"http:\/\/hoycordobaweb.com\/index.php\/2022\/08\/25\/por-el-robo-de-una-moto-linchan-a-malviviente-en-villa-el-libertador\/","title":{"rendered":"Por el robo de una moto, linchan a malviviente en Villa El Libertador"},"content":{"rendered":"<div class=\"boldgrid-section\">\n<div class=\"container\">\n<div class=\"row\">\n<div class=\"col-md-12 col-xs-12 col-sm-12\">\n<p class=\"\">Un malviviente recibi\u00f3 una paliza ayer en Villa El Libertador cuando \u00e9l y otro sujeto roban una moto frente a club Las Estrellas (Gobernaci\u00f3n 1450, Villa El Libertador)<\/p>\n<p class=\"\">Dos vecinos del sector se contactaron con La D\u00e9cima para contar lo sucedido.&nbsp;<\/p>\n<p class=\"\">&#8220;Ya no se puede vivir as\u00ed. Hoy mi\u00e9rcoles tipo 20 hs al frente del club Las Estrellas robaron una moto 2 choros y empezaron a los tiros en plena calle&#8221;, relata una testigo directa del hecho. &#8220;Uno se escapo en la moto al otro lo agarraron los vecinos y flor de paliza le dieron&#8221;, agrega la fuente.<\/p>\n<p class=\"\">Otra vecina precisa: &#8220;El hecho sucedido ayer a las 19.00 ha aproximadamente en la calle Gobernacion 1450 , donde dos sujetos robaron una moto , uno de ellos efectu\u00f3 al menos 5 disparos y los vecinos de la cuadra actuaron y lograron detenerlo hasta que 20 minutos despu\u00e9s lleg\u00f3 la polic\u00eda&#8221;, dice esta vecina, aunque la vecina no hace menci\u00f3n de que los vecinos hayan golpeado al delincuente. Y agrega: &#8220;El otro logro escapar a bordo de la moto robada&#8221;.&nbsp;<\/p>\n<div class=\"ubm_banner\"><a href=\"https:\/\/www.cba.gov.ar\" target=\"_blank\" rel=\"dofollow noopener noreferrer\"><img src=\"http:\/\/hoycordobaweb.com\/wp-content\/uploads\/2022\/08\/por-el-robo-de-una-moto-linchan-a-malviviente-en-villa-el-libertador.gif\" alt=\"\"><\/a><\/div>\n<\/div>\n<\/div>\n<\/div>\n<\/div>\n<p>La entrada <a rel=\"nofollow\" href=\"https:\/\/ladecimaweb.com\/por-el-robo-de-una-moto-linchan-a-malviviente-en-villa-el-libertador\/\">Por el robo de una moto, linchan a malviviente en Villa El Libertador<\/a> se public\u00f3 primero en <a rel=\"nofollow\" href=\"https:\/\/ladecimaweb.com\">LaDecima<\/a>.<\/p>\n","protected":false},"excerpt":{"rendered":"<p>Un malviviente recibi\u00f3 una paliza ayer en Villa El Libertador cuando \u00e9l y otro sujeto roban una moto frente a club Las Estrellas (Gobernaci\u00f3n 1450, Villa El Libertador) Dos vecinos del sector se contactaron con La D\u00e9cima para contar lo sucedido.&nbsp; &#8220;Ya no se puede vivir as\u00ed. Hoy mi\u00e9rcoles tipo 20 hs al frente del [&hellip;]<\/p>\n","protected":false},"author":1,"featured_media":47390,"comment_status":"closed","ping_status":"closed","sticky":false,"template":"","format":"standard","meta":[],"categories":[19],"tags":[],"_links":{"self":[{"href":"http:\/\/hoycordobaweb.com\/index.php\/wp-json\/wp\/v2\/posts\/47389"}],"collection":[{"href":"http:\/\/hoycordobaweb.com\/index.php\/wp-json\/wp\/v2\/posts"}],"about":[{"href":"http:\/\/hoycordobaweb.com\/index.php\/wp-json\/wp\/v2\/types\/post"}],"author":[{"embeddable":true,"href":"http:\/\/hoycordobaweb.com\/index.php\/wp-json\/wp\/v2\/users\/1"}],"replies":[{"embeddable":true,"href":"http:\/\/hoycordobaweb.com\/index.php\/wp-json\/wp\/v2\/comments?post=47389"}],"version-history":[{"count":0,"href":"http:\/\/hoycordobaweb.com\/index.php\/wp-json\/wp\/v2\/posts\/47389\/revisions"}],"wp:featuredmedia":[{"embeddable":true,"href":"http:\/\/hoycordobaweb.com\/index.php\/wp-json\/wp\/v2\/media\/47390"}],"wp:attachment":[{"href":"http:\/\/hoycordobaweb.com\/index.php\/wp-json\/wp\/v2\/media?parent=47389"}],"wp:term":[{"taxonomy":"category","embeddable":true,"href":"http:\/\/hoycordobaweb.com\/index.php\/wp-json\/wp\/v2\/categories?post=47389"},{"taxonomy":"post_tag","embeddable":true,"href":"http:\/\/hoycordobaweb.com\/index.php\/wp-json\/wp\/v2\/tags?post=47389"}],"curies":[{"name":"wp","href":"https:\/\/api.w.org\/{rel}","templated":true}]}}