{"id":47346,"date":"2022-08-24T21:32:27","date_gmt":"2022-08-24T21:32:27","guid":{"rendered":"https:\/\/www.ole.com.ar\/boca-juniors\/boca-equipo-vs-atletico-tucuman_0_Slc1nqnzGh.html"},"modified":"2022-08-24T21:32:27","modified_gmt":"2022-08-24T21:32:27","slug":"las-dudas-de-boca-para-recibir-a-atletico-tucuman","status":"publish","type":"post","link":"http:\/\/hoycordobaweb.com\/index.php\/2022\/08\/24\/las-dudas-de-boca-para-recibir-a-atletico-tucuman\/","title":{"rendered":"Las dudas de Boca para recibir a Atl\u00e9tico Tucum\u00e1n"},"content":{"rendered":"<p><img src=\"http:\/\/hoycordobaweb.com\/wp-content\/uploads\/2022\/08\/las-dudas-de-boca-para-recibir-a-atletico-tucuman.jpg\"><\/p>\n<p>Est\u00e1 en la mira. De los hinchas, por su mala racha goleadora. Del Consejo, por el conflicto por los premios previo a Corinthians. Y de sus compa\u00f1eros, por varias actitudes y su pelea con Zambrano. S\u00ed, <strong><a alt=\"dario-benedetto\" class=\"slug\" href=\"https:\/\/www.ole.com.ar\/tema\/dario-benedetto.html\" target=\"_blank\" title=\"dario-benedetto\" rel=\"noopener noreferrer\">Dar\u00edo Benedetto <\/a><\/strong>est\u00e1 en el centro de escena y encima este domingo tiene muchas chances de volver, en la Bombonera, con la gente y con todo este contexto a cuestas. Por lo pronto, en el entrenamiento, el 9 se mostr\u00f3 muy activo. <strong>A la espera que se defina si vuelve o no a la titularidad este domingo entre <a alt=\"boca-juniors\" class=\"slug\" href=\"https:\/\/www.ole.com.ar\/tema\/boca-juniors.html\" target=\"_blank\" title=\"boca-juniors\" rel=\"noopener noreferrer\">Boca<\/a> y <a alt=\"atletico-tucuman\" class=\"slug\" href=\"https:\/\/www.ole.com.ar\/tema\/atletico-tucuman.html\" target=\"_blank\" title=\"atletico-tucuman\" rel=\"noopener noreferrer\">Atl\u00e9tico Tucum\u00e1n<\/a>.<\/strong><\/p>\n<div class=\"sp__SM\">\n<div class=\"content-new \">\n<span class=\"tit-mobile\">Mir\u00e1 tambi\u00e9n<\/span><\/p>\n<div class=\"mg\">\n<div class=\"wrap-figure\">\n<picture>\n<a href=\"https:\/\/www.ole.com.ar\/boca-juniors\/alphonse-tchami-boca-elogio-bombonera_0_PxL6DDah8w.html\" target=\"_self\" rel=\"noopener noreferrer\"><br \/>\n<img class=\"img-responsive\" alt=\"El elogio de un ex delantero de Boca hacia la Bombonera\" src=\"http:\/\/hoycordobaweb.com\/wp-content\/uploads\/2022\/08\/las-dudas-de-boca-para-recibir-a-atletico-tucuman-2.jpg\" loading=\"lazy\"><br \/>\n<\/a>\n<\/picture>\n<\/div>\n<\/div><\/div>\n<\/div>\n<div class=\"sp__SM\">\n<div class=\"content-new \">\n<span class=\"tit-mobile\">Mir\u00e1 tambi\u00e9n<\/span><\/p>\n<div class=\"mg\">\n<div class=\"wrap-figure\">\n<picture>\n<a href=\"https:\/\/www.ole.com.ar\/boca-juniors\/boca-juniors-maradona-riquelme-juntos_0_0z6wnPYXem.html\" target=\"_self\" rel=\"noopener noreferrer\"><br \/>\n<img class=\"img-responsive\" alt=\"Maradona y Riquelme juntos, a 25 a\u00f1os de la \u00fanica vez en un partido oficial\" src=\"http:\/\/hoycordobaweb.com\/wp-content\/uploads\/2022\/08\/las-dudas-de-boca-para-recibir-a-atletico-tucuman-3.jpg\" loading=\"lazy\"><br \/>\n<\/a>\n<\/picture>\n<\/div>\n<\/div><\/div>\n<\/div>\n<div class=\"sp__SM\">\n<div class=\"content-new \">\n<span class=\"tit-mobile\">Mir\u00e1 tambi\u00e9n<\/span><\/p>\n<div class=\"mg\">\n<div class=\"wrap-figure\">\n<picture>\n<a href=\"https:\/\/www.ole.com.ar\/boca-juniors\/encuesta-9-boca-benedetto-vazquez_0_77ouTj8Bvs.html\" target=\"_self\" rel=\"noopener noreferrer\"><br \/>\n<img class=\"img-responsive\" alt=\"Encuesta: \u00bfqui\u00e9n debe ser el 9 de Boca vs Atl\u00e9tico Tucum\u00e1n?\" src=\"http:\/\/hoycordobaweb.com\/wp-content\/uploads\/2022\/08\/las-dudas-de-boca-para-recibir-a-atletico-tucuman-4.jpg\" loading=\"lazy\"><br \/>\n<\/a>\n<\/picture>\n<\/div>\n<\/div><\/div>\n<\/div>\n<p>En la pr\u00e1ctica a puertas abiertas, <strong>al goleador se lo vio con buen semblante y tambi\u00e9n con confianza<\/strong>. A la hora de definir, de todos modos, altern\u00f3 buenas y malas, definiendo ante <a alt=\"sergio-chiquito-romero\" class=\"slug\" href=\"https:\/\/www.ole.com.ar\/tema\/sergio-chiquito-romero.html\" target=\"_blank\" title=\"sergio-chiquito-romero\" rel=\"noopener noreferrer\">Chiquito Romero<\/a> y <a alt=\"leandro-brey\" class=\"slug\" href=\"https:\/\/www.ole.com.ar\/tema\/leandro-brey.html\" target=\"_blank\" title=\"leandro-brey\" rel=\"noopener noreferrer\">Leandro Brey<\/a>, el pibe que es titular en la Reserva.<\/p>\n<p>Benedetto <strong>arrastra su peor sequ\u00eda en el club, en sus dos ciclos: ocho partidos<\/strong>. No convierte desde el 5 a 3 contra Tigre, el 15 de junio. Es decir, ya van m\u00e1s de dos meses sin gritos para el nueve, que en el medio atraves\u00f3 los tres penales errados al hilo y una lesi\u00f3n en el tobillo que lo tuvo a maltraer.<\/p>\n<p>Ahora, que acaba de cumplir las dos fechas de sanci\u00f3n que le aplic\u00f3 el Consejo por su pelea con Zambrano,<strong> tiene muchas chances de volver en lugar de <a alt=\"luis-vazquez\" class=\"slug\" href=\"https:\/\/www.ole.com.ar\/tema\/luis-vazquez.html\" target=\"_blank\" title=\"luis-vazquez\" rel=\"noopener noreferrer\">Luis V\u00e1zquez<\/a>, autor del gol ante Defensa<\/strong>. En efecto, la informaci\u00f3n que sale del predio de Ezeiza es que el DT finalmente confirmar\u00eda la titularidad del Pipa para el choque ante el puntero del torneo.<\/p>\n<h2><strong>El resto de la formaci\u00f3n<\/strong><\/h2>\n<p><strong>Todav\u00eda sin <a alt=\"marcos-rojo\" class=\"slug\" href=\"https:\/\/www.ole.com.ar\/tema\/marcos-rojo.html\" target=\"_blank\" title=\"marcos-rojo\" rel=\"noopener noreferrer\">Marcos Rojo<\/a>, Zambrano tendr\u00eda la chance de volver<\/strong> tras el castigo del CdF en lugar de Roncaglia, ya que el cuerpo t\u00e9cnico qued\u00f3 muy conforme con el rendimiento que viene teniendo <strong><a alt=\"nicolas-figal\" class=\"slug\" href=\"https:\/\/www.ole.com.ar\/tema\/nicolas-figal.html\" target=\"_blank\" title=\"nicolas-figal\" rel=\"noopener noreferrer\">Nicol\u00e1s Figal<\/a>, quien seguir\u00eda siendo parte de la zaga titular.<\/strong> En defensa, tambi\u00e9n se dar\u00e1 el retorno de <strong><a alt=\"frank-fabra\" class=\"slug\" href=\"https:\/\/www.ole.com.ar\/tema\/frank-fabra.html\" target=\"_blank\" title=\"frank-fabra\" rel=\"noopener noreferrer\">Frank Fabra<\/a><\/strong>, quien cumpli\u00f3 su suspensi\u00f3n por cinco amarillas.<\/p>\n<div class=\"sp__SM\">\n<div class=\"content-new no-img\">\n<span class=\"tit-mobile\">Mir\u00e1 tambi\u00e9n<\/span> <\/div>\n<\/div>\n<div class=\"sp__SM\">\n<div class=\"content-new \">\n<span class=\"tit-mobile\">Mir\u00e1 tambi\u00e9n<\/span><\/p>\n<div class=\"mg\">\n<div class=\"wrap-figure\">\n<picture>\n<a href=\"https:\/\/www.ole.com.ar\/atletico-tucuman\/lampe-bombonera-figura-atletico-lider_0_JUZ8QvGck2.html\" target=\"_self\" rel=\"noopener noreferrer\"><br \/>\n<img class=\"img-responsive\" alt=\"Lampe vuelve a la Bombonera como figura del ATU puntero\" src=\"http:\/\/hoycordobaweb.com\/wp-content\/uploads\/2022\/08\/las-dudas-de-boca-para-recibir-a-atletico-tucuman-5.jpg\" loading=\"lazy\"><br \/>\n<\/a>\n<\/picture>\n<\/div>\n<\/div><\/div>\n<\/div>\n<p>Lo que parece claro tambi\u00e9n es que <strong><a alt=\"oscar-romero\" class=\"slug\" href=\"https:\/\/www.ole.com.ar\/tema\/oscar-romero.html\" target=\"_blank\" title=\"oscar-romero\" rel=\"noopener noreferrer\">\u00d3scar Romero<\/a> volver\u00e1 al equipo el domingo<\/strong>, mientras que Mart\u00edn Payero compite por un lugar. As\u00ed las cosas, a partir de los entrenamientos de los pr\u00f3ximos d\u00edas, habr\u00e1 que ver qu\u00e9 sucede con <strong>Cristian Medina (con una molestia)&nbsp;y Juan Ram\u00edrez<\/strong>, titulares en Florencio Varela.<\/p>\n<p><mark><strong>El probable 11:<\/strong><\/mark>&nbsp;Rossi; Adv\u00edncula, Zambrano, Figal, Fabra; Medina o Payero, Varela, Pol Fern\u00e1ndez; Romero; Villa y Benedetto.<\/p>\n<div class=\"entry-tags\">\n<h2>TEMAS QUE APARECEN EN ESTA NOTA<\/h2>\n<\/p><\/div>\n","protected":false},"excerpt":{"rendered":"<p>Est\u00e1 en la mira. De los hinchas, por su mala racha goleadora. Del Consejo, por el conflicto por los premios previo a Corinthians. Y de sus compa\u00f1eros, por varias actitudes y su pelea con Zambrano. S\u00ed, Dar\u00edo Benedetto est\u00e1 en el centro de escena y encima este domingo tiene muchas chances de volver, en la [&hellip;]<\/p>\n","protected":false},"author":1,"featured_media":47347,"comment_status":"open","ping_status":"closed","sticky":false,"template":"","format":"standard","meta":[],"categories":[16],"tags":[],"_links":{"self":[{"href":"http:\/\/hoycordobaweb.com\/index.php\/wp-json\/wp\/v2\/posts\/47346"}],"collection":[{"href":"http:\/\/hoycordobaweb.com\/index.php\/wp-json\/wp\/v2\/posts"}],"about":[{"href":"http:\/\/hoycordobaweb.com\/index.php\/wp-json\/wp\/v2\/types\/post"}],"author":[{"embeddable":true,"href":"http:\/\/hoycordobaweb.com\/index.php\/wp-json\/wp\/v2\/users\/1"}],"replies":[{"embeddable":true,"href":"http:\/\/hoycordobaweb.com\/index.php\/wp-json\/wp\/v2\/comments?post=47346"}],"version-history":[{"count":0,"href":"http:\/\/hoycordobaweb.com\/index.php\/wp-json\/wp\/v2\/posts\/47346\/revisions"}],"wp:featuredmedia":[{"embeddable":true,"href":"http:\/\/hoycordobaweb.com\/index.php\/wp-json\/wp\/v2\/media\/47347"}],"wp:attachment":[{"href":"http:\/\/hoycordobaweb.com\/index.php\/wp-json\/wp\/v2\/media?parent=47346"}],"wp:term":[{"taxonomy":"category","embeddable":true,"href":"http:\/\/hoycordobaweb.com\/index.php\/wp-json\/wp\/v2\/categories?post=47346"},{"taxonomy":"post_tag","embeddable":true,"href":"http:\/\/hoycordobaweb.com\/index.php\/wp-json\/wp\/v2\/tags?post=47346"}],"curies":[{"name":"wp","href":"https:\/\/api.w.org\/{rel}","templated":true}]}}