{"id":47292,"date":"2022-08-23T21:29:53","date_gmt":"2022-08-23T21:29:53","guid":{"rendered":"https:\/\/www.ole.com.ar\/independiente\/independiente-leandro-benegas_0_8gzJwgcy5d.html"},"modified":"2022-08-23T21:29:53","modified_gmt":"2022-08-23T21:29:53","slug":"el-jugador-que-podria-renovar-en-independiente","status":"publish","type":"post","link":"http:\/\/hoycordobaweb.com\/index.php\/2022\/08\/23\/el-jugador-que-podria-renovar-en-independiente\/","title":{"rendered":"El jugador que podr\u00eda renovar en Independiente"},"content":{"rendered":"<p><img src=\"http:\/\/hoycordobaweb.com\/wp-content\/uploads\/2022\/08\/el-jugador-que-podria-renovar-en-independiente.jpg\"><\/p>\n<div><img src=\"http:\/\/hoycordobaweb.com\/wp-content\/uploads\/2022\/08\/el-jugador-que-podria-renovar-en-independiente.jpg\" class=\"ff-og-image-inserted\"><\/div>\n<p>Lleg\u00f3 envuelto en dudas. Miradas de reojo recibieron a<strong> <a alt=\"leandro-benegas\" class=\"slug\" href=\"https:\/\/www.ole.com.ar\/tema\/leandro-benegas.html\" target=\"_blank\" title=\"leandro-benegas\" rel=\"noopener noreferrer\">Leandro Benegas<\/a><\/strong> cuando desembarc\u00f3 en Independiente. Muchos dudaban de sus pergaminos, pero el delantero de 33 a\u00f1os se refugi\u00f3 en el silencio, procur\u00f3 demostrar en la cancha y ahora empez\u00f3 a sentir que podr\u00eda continuar en el club un a\u00f1o m\u00e1s. \u00bfEl motivo? Si bien tiene contrato vigente hasta diciembre de 2022, <strong>una de las cl\u00e1usulas indica que si juega el 60% de los encuentros se extender\u00e1 de manera autom\u00e1tica hasta fines de 2023.<\/strong><\/p>\n<h2><strong>EL GOL ANTE LAN\u00daS<\/strong><\/h2>\n<p>Aterriz\u00f3 en Avellaneda el 10 de febrero, luego de quedar libre de Curic\u00f3 Unido de Chile. Del otro lado de la cordillera muchos se sorprendieron cuando la dirigencia del Rojo decidi\u00f3 contratarlo. <strong>La realidad es que el Tanque lleg\u00f3 al Rojo por descarte, ya que al club se le hab\u00edan ca\u00eddo otras cinco opciones<\/strong>: <a alt=\"ramon-wanchope-abila\" class=\"slug\" href=\"https:\/\/www.ole.com.ar\/tema\/ramon-wanchope-abila.html\" target=\"_blank\" title=\"ramon-wanchope-abila\" rel=\"noopener noreferrer\">Ram\u00f3n \u00c1bila <\/a>recal\u00f3 en Col\u00f3n, <a alt=\"matias-tissera\" class=\"slug\" href=\"https:\/\/www.ole.com.ar\/tema\/matias-tissera.html\" target=\"_blank\" title=\"matias-tissera\" rel=\"noopener noreferrer\">Mat\u00edas Tissera<\/a> parti\u00f3 al Ludogorest de Bulgaria, <a alt=\"martin-cauteruccio\" class=\"slug\" href=\"https:\/\/www.ole.com.ar\/tema\/martin-cauteruccio.html\" target=\"_blank\" title=\"martin-cauteruccio\" rel=\"noopener noreferrer\">Mart\u00edn Cauteruccio <\/a>continu\u00f3 en Aldosivi, <a alt=\"adolfo-gaich\" class=\"slug\" href=\"https:\/\/www.ole.com.ar\/tema\/adolfo-gaich.html\" target=\"_blank\" title=\"adolfo-gaich\" rel=\"noopener noreferrer\">Adolfo Gaich <\/a>no vino porque el Huesca no lo quiso largar y<a alt=\"mauro-zarate\" class=\"slug\" href=\"https:\/\/www.ole.com.ar\/tema\/mauro-zarate.html\" target=\"_blank\" title=\"mauro-zarate\" rel=\"noopener noreferrer\"> Mauro Z\u00e1rate<\/a> no corri\u00f3 ya que fue descartado por <a alt=\"eduardo-dominguez\" class=\"slug\" href=\"https:\/\/www.ole.com.ar\/tema\/eduardo-dominguez.html\" target=\"_blank\" title=\"eduardo-dominguez\" rel=\"noopener noreferrer\">Eduardo Dom\u00ednguez<\/a>.<\/p>\n<h2><strong>SU GRITO CONTRA COL\u00d3N<\/strong><\/h2>\n<p><strong>\u201cNo escucho lo que se dice, no le presto atenci\u00f3n. Creo en m\u00ed y en mis condiciones. Y s\u00e9 por qu\u00e9 estoy ac\u00e1\u201d<\/strong>, hab\u00eda comentado el goleador cuando se pon\u00eda en duda su capacidad para jugar en una instituci\u00f3n grande. El punta, que a lo largo de su carrera tambi\u00e9n jug\u00f3 en Independiente Rivadavia, la CAI de Comodoro Rivadavia, Armenio, Laferrere, Uni\u00f3n La Calera, Universidad de Chile, Audax Italiano, Palestino, Curic\u00f3 y la selecci\u00f3n chilena, siempre se tuvo confianza.<\/p>\n<h2><strong>LE CONVIRTI\u00d3 AL PINCHA<\/strong><\/h2>\n<p>Y ahora podr\u00eda seguir su v\u00ednculo con Independiente. Hasta el momento, <strong><a alt=\"leandro-benegas\" class=\"slug\" href=\"https:\/\/www.ole.com.ar\/tema\/leandro-benegas.html\" target=\"_blank\" title=\"leandro-benegas\" rel=\"noopener noreferrer\">Benegas <\/a>disput\u00f3 27 de los 37 partidos que el equipo tuvo en la temporada, lo que representa el 54% de los encuentros proyectados para el a\u00f1o<\/strong> (ser\u00edan 50, aunque podr\u00edan ser m\u00e1s en caso de avanzar en la <a alt=\"copa-argentina\" class=\"slug\" href=\"https:\/\/www.ole.com.ar\/tema\/copa-argentina.html\" target=\"_blank\" title=\"copa-argentina\" rel=\"noopener noreferrer\">Copa Argentina<\/a>). En ese tiempo, el punta <strong>convirti\u00f3 11 goles<\/strong>, transform\u00e1ndose en el m\u00e1ximo anotador de la instituci\u00f3n, algo impensado hasta hace algunos meses. <strong>Para llegar a la barrera del 60%, Leandro tendr\u00e1 que llegar a los 30 duelos<\/strong>, es decir que apenas le faltan tres. Y, a no ser que suceda algo extra\u00f1o, ya tiene asegurada su participaci\u00f3n frente a <a alt=\"velez\" class=\"slug\" href=\"https:\/\/www.ole.com.ar\/tema\/velez.html\" target=\"_blank\" title=\"velez\" rel=\"noopener noreferrer\">V\u00e9lez<\/a>.<\/p>\n<h2><strong>EL TANTO CONTRA EL BICHO<\/strong><\/h2>\n<h2><strong>CON \u00c1RBITRO DEFINIDO<\/strong><\/h2>\n<p>Andr\u00e9s Merlos ser\u00e1 el encargado de impartir justicia en el duelo entre Independiente y V\u00e9lez, por la 16\u00aa fecha de la Liga Profesional, el pr\u00f3ximo domingo a partir de las 15.30. El Rojo tiene un corto historial con este juez: obtuvo un triunfo y empat\u00f3 en cinco ocasiones.<\/p>\n<h2><strong>CON SAN LORENZO<\/strong><\/h2>\n<div class=\"entry-tags\">\n<h2>TEMAS QUE APARECEN EN ESTA NOTA<\/h2>\n<\/p><\/div>\n","protected":false},"excerpt":{"rendered":"<p>Lleg\u00f3 envuelto en dudas. Miradas de reojo recibieron a Leandro Benegas cuando desembarc\u00f3 en Independiente. Muchos dudaban de sus pergaminos, pero el delantero de 33 a\u00f1os se refugi\u00f3 en el silencio, procur\u00f3 demostrar en la cancha y ahora empez\u00f3 a sentir que podr\u00eda continuar en el club un a\u00f1o m\u00e1s. \u00bfEl motivo? Si bien tiene [&hellip;]<\/p>\n","protected":false},"author":1,"featured_media":47293,"comment_status":"open","ping_status":"closed","sticky":false,"template":"","format":"standard","meta":[],"categories":[16],"tags":[],"_links":{"self":[{"href":"http:\/\/hoycordobaweb.com\/index.php\/wp-json\/wp\/v2\/posts\/47292"}],"collection":[{"href":"http:\/\/hoycordobaweb.com\/index.php\/wp-json\/wp\/v2\/posts"}],"about":[{"href":"http:\/\/hoycordobaweb.com\/index.php\/wp-json\/wp\/v2\/types\/post"}],"author":[{"embeddable":true,"href":"http:\/\/hoycordobaweb.com\/index.php\/wp-json\/wp\/v2\/users\/1"}],"replies":[{"embeddable":true,"href":"http:\/\/hoycordobaweb.com\/index.php\/wp-json\/wp\/v2\/comments?post=47292"}],"version-history":[{"count":0,"href":"http:\/\/hoycordobaweb.com\/index.php\/wp-json\/wp\/v2\/posts\/47292\/revisions"}],"wp:featuredmedia":[{"embeddable":true,"href":"http:\/\/hoycordobaweb.com\/index.php\/wp-json\/wp\/v2\/media\/47293"}],"wp:attachment":[{"href":"http:\/\/hoycordobaweb.com\/index.php\/wp-json\/wp\/v2\/media?parent=47292"}],"wp:term":[{"taxonomy":"category","embeddable":true,"href":"http:\/\/hoycordobaweb.com\/index.php\/wp-json\/wp\/v2\/categories?post=47292"},{"taxonomy":"post_tag","embeddable":true,"href":"http:\/\/hoycordobaweb.com\/index.php\/wp-json\/wp\/v2\/tags?post=47292"}],"curies":[{"name":"wp","href":"https:\/\/api.w.org\/{rel}","templated":true}]}}