{"id":47288,"date":"2022-08-22T22:23:31","date_gmt":"2022-08-22T22:23:31","guid":{"rendered":"https:\/\/ladecimaweb.com\/?p=14215"},"modified":"2022-08-22T22:23:31","modified_gmt":"2022-08-22T22:23:31","slug":"alberto-fernandez-defendio-a-cristina-kirchner-y-condeno-la-persecucion-judicial","status":"publish","type":"post","link":"http:\/\/hoycordobaweb.com\/index.php\/2022\/08\/22\/alberto-fernandez-defendio-a-cristina-kirchner-y-condeno-la-persecucion-judicial\/","title":{"rendered":"Alberto Fern\u00e1ndez defendi\u00f3 a Cristina Kirchner y conden\u00f3 \u201cla persecuci\u00f3n judicial\u201d"},"content":{"rendered":"<div class=\"boldgrid-section\">\n<div class=\"container\">\n<div class=\"row\">\n<div class=\"col-md-12 col-xs-12 col-sm-12\">\n<p class=\"\"><strong>Alberto Fern\u00e1ndez, Presidente de la Naci\u00f3n,<\/strong>&nbsp;<strong>se solidariz\u00f3 con la vicepresidenta Cristina Kirchner y conden\u00f3 la &#8220;persecuci\u00f3n judicial&#8221; en su contra<\/strong>, luego de que se conociera el pedido de penas de doce a\u00f1os en el marco de la causa denominada &#8220;Vialidad&#8221;.<\/p>\n<p class=\"\"><strong>&#8220;El Gobierno Nacional condena la persecuci\u00f3n judicial y medi\u00e1tica contra la vicepresidenta Cristina Fern\u00e1ndez de Kirchner que qued\u00f3 expresada hoy, una vez m\u00e1s, en el alegato final y pedido de pena en la denominada Causa Vialidad&#8221;,<\/strong><span>&nbsp;<\/span>resalt\u00f3 Presidencia en un comunicado.<\/p>\n<p>Por su parte, el jefe de Estado afirm\u00f3 en su cuenta de la red social Twitter:<strong><span>&nbsp;<\/span>&#8220;Hoy es un d\u00eda muy ingrato para alguien que, como yo, se ha criado en la familia de un juez, se ha educado en el mundo del derecho y ense\u00f1a Derecho Penal hace m\u00e1s de tres d\u00e9cadas. Vuelvo a transmitir mi m\u00e1s profundo afecto y solidaridad a la vicepresidenta @CFKArgentina&#8221;.<\/strong><\/p>\n<p>El jefe de Estado se expres\u00f3 de esta forma instantes despu\u00e9s de que el fiscal federal Diego Luciani solicitara doce a\u00f1os de prisi\u00f3n y la inhabilitaci\u00f3n perpetua para la vicepresidenta, al considerarla &#8220;jefa&#8221; de una asociaci\u00f3n il\u00edcita.<\/p>\n<p class=\"\">&#8220;Tal como expres\u00f3 el presidente Alberto Fern\u00e1ndez en reiteradas ocasiones<strong><span>&nbsp;<\/span>la persecuci\u00f3n judicial avalada y promovida por distintos medios de comunicaci\u00f3n, la tipificaci\u00f3n abusiva de la figura de la asociaci\u00f3n il\u00edcita, la imposici\u00f3n de la prisi\u00f3n preventiva como pena anticipada<\/strong>, la acusaci\u00f3n fundada en responsabilidades objetivas y la aplicaci\u00f3n del derecho penal de autor,<span>&nbsp;<\/span><strong>son todos aspectos que contradicen la dogm\u00e1tica del derecho penal aplicable en una Rep\u00fablica<\/strong><span>&nbsp;<\/span>fundada en el Estado de Derecho&#8221;, sostuvo Presidencia en el comunicado.<\/p>\n<p>El mismo texto resalt\u00f3 que &#8220;<strong>ninguno de los actos atribuidos a la ex Presidenta ha sido probado<\/strong><span>&nbsp;<\/span>y toda la acusaci\u00f3n que se le carga se refiere \u00fanicamente a la funci\u00f3n que ejerc\u00eda en ese per\u00edodo lo cual degrada lastimosamente los m\u00e1s elementales principios del Derecho Penal moderno&#8221;.<\/p>\n<p>Asimismo, el Gobierno reiter\u00f3 su &#8220;adhesi\u00f3n al principio constitucional de inocencia y a la plena vigencia del funcionamiento democr\u00e1tico de la justicia, el derecho de defensa y la igualdad ante la ley y seguir\u00e1 bregando por una reforma judicial que garantice estos valores para todos y todas&#8221;.<\/p>\n<p class=\"\">Adem\u00e1s, expres\u00f3 su<span>&nbsp;<\/span><strong>&#8220;solidaridad con la vicepresidenta frente a esta persecuci\u00f3n y b\u00fasqueda de proscripci\u00f3n que se enmarca en intentos similares llevados adelante contra otros l\u00edderes populares<\/strong><span>&nbsp;<\/span>cuando la Justicia se pone al servicio de poderes f\u00e1cticos&#8221;.<\/p>\n<div class=\"ubm_banner\"><a href=\"https:\/\/www.cba.gov.ar\" target=\"_blank\" rel=\"dofollow noopener noreferrer\"><img src=\"http:\/\/hoycordobaweb.com\/wp-content\/uploads\/2022\/08\/alberto-fernandez-defendio-a-cristina-kirchner-y-condeno-la-persecucion-judicial.gif\" alt=\"\"><\/a><\/div>\n<\/div>\n<\/div>\n<\/div>\n<\/div>\n<p>La entrada <a rel=\"nofollow\" href=\"https:\/\/ladecimaweb.com\/alberto-fernandez-defendio-a-cristina-kirchner-y-condeno-la-persecucion-judicial\/\">Alberto Fern\u00e1ndez defendi\u00f3 a Cristina Kirchner y conden\u00f3 &#8220;la persecuci\u00f3n judicial&#8221;<\/a> se public\u00f3 primero en <a rel=\"nofollow\" href=\"https:\/\/ladecimaweb.com\">LaDecima<\/a>.<\/p>\n","protected":false},"excerpt":{"rendered":"<p>Alberto Fern\u00e1ndez, Presidente de la Naci\u00f3n,&nbsp;se solidariz\u00f3 con la vicepresidenta Cristina Kirchner y conden\u00f3 la &#8220;persecuci\u00f3n judicial&#8221; en su contra, luego de que se conociera el pedido de penas de doce a\u00f1os en el marco de la causa denominada &#8220;Vialidad&#8221;. &#8220;El Gobierno Nacional condena la persecuci\u00f3n judicial y medi\u00e1tica contra la vicepresidenta Cristina Fern\u00e1ndez de [&hellip;]<\/p>\n","protected":false},"author":1,"featured_media":47289,"comment_status":"closed","ping_status":"closed","sticky":false,"template":"","format":"standard","meta":[],"categories":[19],"tags":[],"_links":{"self":[{"href":"http:\/\/hoycordobaweb.com\/index.php\/wp-json\/wp\/v2\/posts\/47288"}],"collection":[{"href":"http:\/\/hoycordobaweb.com\/index.php\/wp-json\/wp\/v2\/posts"}],"about":[{"href":"http:\/\/hoycordobaweb.com\/index.php\/wp-json\/wp\/v2\/types\/post"}],"author":[{"embeddable":true,"href":"http:\/\/hoycordobaweb.com\/index.php\/wp-json\/wp\/v2\/users\/1"}],"replies":[{"embeddable":true,"href":"http:\/\/hoycordobaweb.com\/index.php\/wp-json\/wp\/v2\/comments?post=47288"}],"version-history":[{"count":0,"href":"http:\/\/hoycordobaweb.com\/index.php\/wp-json\/wp\/v2\/posts\/47288\/revisions"}],"wp:featuredmedia":[{"embeddable":true,"href":"http:\/\/hoycordobaweb.com\/index.php\/wp-json\/wp\/v2\/media\/47289"}],"wp:attachment":[{"href":"http:\/\/hoycordobaweb.com\/index.php\/wp-json\/wp\/v2\/media?parent=47288"}],"wp:term":[{"taxonomy":"category","embeddable":true,"href":"http:\/\/hoycordobaweb.com\/index.php\/wp-json\/wp\/v2\/categories?post=47288"},{"taxonomy":"post_tag","embeddable":true,"href":"http:\/\/hoycordobaweb.com\/index.php\/wp-json\/wp\/v2\/tags?post=47288"}],"curies":[{"name":"wp","href":"https:\/\/api.w.org\/{rel}","templated":true}]}}