{"id":47266,"date":"2022-08-22T22:22:00","date_gmt":"2022-08-22T22:22:00","guid":{"rendered":"http:\/\/hoycordobaweb.com\/index.php\/2022\/08\/22\/rusia-acuso-a-una-agente-ucraniana-del-asesinato-de-la-hija-de-pensador-ruso\/"},"modified":"2022-08-22T22:22:00","modified_gmt":"2022-08-22T22:22:00","slug":"rusia-acuso-a-una-agente-ucraniana-del-asesinato-de-la-hija-de-pensador-ruso","status":"publish","type":"post","link":"http:\/\/hoycordobaweb.com\/index.php\/2022\/08\/22\/rusia-acuso-a-una-agente-ucraniana-del-asesinato-de-la-hija-de-pensador-ruso\/","title":{"rendered":"Rusia acus\u00f3 a una agente ucraniana del asesinato de la hija de pensador ruso"},"content":{"rendered":"<p><img src=\"http:\/\/hoycordobaweb.com\/wp-content\/uploads\/2022\/08\/rusia-acuso-a-una-agente-ucraniana-del-asesinato-de-la-hija-de-pensador-ruso.jpg\"><\/p>\n<figure class=\"mb-3\"><img loading=\"lazy\" src=\"http:\/\/hoycordobaweb.com\/wp-content\/uploads\/2022\/08\/rusia-acuso-a-una-agente-ucraniana-del-asesinato-de-la-hija-de-pensador-ruso-2.jpg\" width=\"100%\" height=\"100%\" alt=\"Daria Dugina era hija de Alexander Duguin un intelectual y escritor vinculado al presidente ruso Foto Skynews\"><figcaption> Daria Dugina, era hija de Alexander Duguin, un intelectual y escritor vinculado al presidente ruso. Foto: Skynews <\/figcaption><\/figure>\n<p>Cuando se cumplen seis meses de la operaci\u00f3n militar especial, se vive en Rusia una fuerte indignaci\u00f3n por el asesinato de la hija de un conocido pensador nacionalista en un atentado con explosivos que Mosc\u00fa atribuye a Ucrania.<\/p>\n<p><strong>Autoridades rusas dijeron este lunes que una agente de inteligencia ucraniana fue la autora del ataque con una bomba contra un auto en movimiento en el que muri\u00f3 Daria Duguina,<\/strong> la hija de 29 a\u00f1os del fil\u00f3sofo Alexander Duguin, el s\u00e1bado pasado cuando conduc\u00eda por una autopista cerca de Mosc\u00fa.<\/p>\n<p>Luego de haber rechazado el domingo las primeras sospechas expresadas por Rusia, el Gobierno ucraniano volvi\u00f3 a negar haber estado detr\u00e1s del ataque, que hizo volar por el aire el auto en el que iba Duguina y le provoc\u00f3 la muerte en el lugar.<\/p>\n<p><strong>Allegados a los Duguin y medios rusos han asumido que el blanco del ataque era el propio Duguin<\/strong>, un te\u00f3rico y escritor de 60 a\u00f1os al que los medios occidentales suelen describir como el \u00abcerebro\u00bb o uno de los mentores ideol\u00f3gicos de Putin.<\/p>\n<p>Personalidades de los medios estatales rusos pidieron a Rusia lanzar bombardeos contra los centros de toma de decisiones en Kiev, la capital de Ucrania, en respuesta al atentado contra Duguina, que Putin calific\u00f3 este lunes de \u00abcrimen despreciable\u00bb.<\/p>\n<p><strong>\u00abUn crimen despreciable, cruel, puso fin prematuro a la vida de Daria Duguina, una persona brillante y talentosa dotada de un coraz\u00f3n verdaderamente ruso\u00bb, declar\u00f3 Putin <\/strong>en un mensaje de condolencias a los allegados de la joven y publicado por el Kremlin.<\/p>\n<p>Por su parte, <strong>Duguin, en sus primeras declaraciones p\u00fablicas desde el atentado, describi\u00f3 a su hija como una \u00abestrella en ascenso\u00bb que fue \u00abasesinada a traici\u00f3n por enemigos de Rusia\u00bb.<\/strong><\/p>\n<figure class=\"mb-3\"><img loading=\"lazy\" src=\"http:\/\/hoycordobaweb.com\/wp-content\/uploads\/2022\/08\/rusia-acuso-a-una-agente-ucraniana-del-asesinato-de-la-hija-de-pensador-ruso-3.jpg\" width=\"100%\" height=\"100%\" alt=\"Segn las autoridades rusas la terrorista ucraniana Natalya Vovk fue la autora del aberrante crimen foto AFP\"><figcaption> Seg\u00fan las autoridades rusas, la terrorista ucraniana Natalya Vovk fue la autora del aberrante crimen. foto: AFP <\/figcaption><\/figure>\n<p><br open><strong>El Servicio de Seguridad Federal (FSB) de Rusia, el organismo de inteligencia del pa\u00eds, afirm\u00f3 m\u00e1s temprano que el asesinato de Duguina fue \u00abpreparado y perpetrado por los servicios especiales de Ucrania\u00bb.<\/strong><\/p>\n<p>En un comunicado, el FSB dijo que una ciudadana ucraniana, <strong>Natalya Vovk, cometi\u00f3 el crimen y luego huy\u00f3 a Estonia.<\/strong><\/p>\n<p>En Estonia, la Fiscal\u00eda General dijo en un comunicado que no hab\u00eda recibido \u00abning\u00fan requerimiento o preguntas de las autoridades rusas sobre este tema\u00bb, aunque no neg\u00f3 ni confirm\u00f3 la informaci\u00f3n.<\/p>\n<p>El FSB dijo que Vovk entr\u00f3 en Rusia el 23 de julio con su hija de 12 a\u00f1os y alquil\u00f3 un departamento en el edificio donde viv\u00eda Duguina para poder hacerle un seguimiento.<\/p>\n<blockquote class><p>\u00abUn crimen despreciable, cruel, puso fin prematuro a la vida de Daria Duguina, una persona brillante y talentosa dotada de un coraz\u00f3n verdaderamente ruso\u00bb<cite class=\"author\">Vladimir Putin<\/cite><\/p><\/blockquote>\n<p><strong>Agreg\u00f3 que Vovk y su hija estuvieron en un festival nacionalista al que asistieron Duguin y su hija horas antes de que \u00e9sta fuera asesinada.<\/strong><\/p>\n<blockquote class=\"twitter-tweet\" readability=\"7.8504672897196\">\n<p lang=\"es\" dir=\"ltr\">Rusia acusa a Natalya Vovk, una ciudadana ucraniana que presuntamente trabaja para Azov y la inteligencia de Ucrania, de ser la atacante de Daria Dugina. Mosc\u00fa afirma que Vovk se encuentra en Estonia actualmente y pide a las autoridades del pa\u00eds su extradici\u00f3n <a href=\"https:\/\/t.co\/MMYNnMaQ7y\">pic.twitter.com\/MMYNnMaQ7y<\/a><\/p>\n<p>\u2014 6w (@6w_es) <a href=\"https:\/\/twitter.com\/6w_es\/status\/1561749164513546243?ref_src=twsrc%5Etfw\">August 22, 2022<\/a><\/p><\/blockquote>\n<p>El FSB difundi\u00f3 <strong>un video en el que se ve a Vokv en dos puestos fronterizos y tocando el portero en un edificio. El organismo dijo que las im\u00e1genes muestran a la agente ucraniana entrando a Rusia desde Ucrania y saliendo hacia Estonia, y que el edificio es el de Duguina en Mosc\u00fa.<\/strong><\/p>\n<p>Un asesor del presidente ucraniano, Volodimir Zelenski, neg\u00f3 la participaci\u00f3n de Ucrania en el atentado.<\/p>\n<p>En un mensaje en Twitter, el asesor Mijailo Podoliak desestim\u00f3 las acusaciones rusas por \u00abficcionales\u00bb y present\u00f3 el atentado como resultado de peleas internas entre los servicios de seguridad de Rusia.<\/p>\n<p>En Ucrania, en tanto, el jefe del Ej\u00e9rcito reconoci\u00f3 que unos 9.000 soldados ucranianos murieron en lo que va de la guerra contra Rusia, que el pr\u00f3ximo mi\u00e9rcoles 24 cumple medio a\u00f1o.<\/p>\n<figure class=\"mb-3\"><img loading=\"lazy\" src=\"http:\/\/hoycordobaweb.com\/wp-content\/uploads\/2022\/08\/rusia-acuso-a-una-agente-ucraniana-del-asesinato-de-la-hija-de-pensador-ruso-4.jpg\" width=\"100%\" height=\"100%\" alt=\"La joven periodista Daria Dugina fue asesinada a las afueras de Mosc Foto Alexander Kryazhev\"><figcaption> La joven periodista Daria Dugina fue asesinada a las afueras de Mosc\u00fa. Foto: Alexander Kryazhev <\/figcaption><\/figure>\n<p><br open> En un evento con veteranos de guerra, el general Valery Zaluzhny dijo que los ni\u00f1os ucranianos necesitan cuidados porque \u201csus padres fueron a la l\u00ednea del frente y, quiz\u00e1s, sean uno de los casi 9000 h\u00e9roes que murieron\u00bb.<\/p>\n<p>En tanto, Zelenski advirti\u00f3 anoche que Rusia podr\u00eda tomar la medida \u00abprovocadora\u00bb de enjuiciar a soldados ucranianos tomados como prisioneros de guerra en las horas previas en las que Ucrania se prepara para conmemorar el 31 aniversario de su independencia, que coincide con los seis meses de guerra.<\/p>\n<p><strong>El l\u00edder ucraniano cit\u00f3 informes de prensa de que Rusia se prepara para llevar a juicio a combatientes ucranianos capturados<\/strong> durante la toma del puerto sure\u00f1o de Mariupol, en coincidencia con el aniversario de la independencia ucraniana, el mi\u00e9rcoles.<\/p>\n<p>\u00ab<strong>Si este despreciable juicio se realiza, si nuestra gente es llevada a estos escenarios violando todos los acuerdos, todas las reglas internacionales, habr\u00e1 abusos\u00bb, sostuvo Zelenski,<\/strong> inform\u00f3 la agencia de noticias AFP.<\/p>\n<p>El Gobierno de Rusia ha dicho en reiteradas oportunidades que los combatientes tomados como prisioneros que ser\u00e1n juzgados son mercenarios, por lo que no son alcanzados por las convenciones internacionales en la materia.<\/p>\n<blockquote class=\"twitter-tweet\" readability=\"5.7981651376147\">\n<p lang=\"en\" dir=\"ltr\">The <a href=\"https:\/\/twitter.com\/hashtag\/FSB?src=hash&amp;ref_src=twsrc%5Etfw\">#FSB<\/a> claims Ukraine is behind the Daria <a href=\"https:\/\/twitter.com\/hashtag\/Dugina?src=hash&amp;ref_src=twsrc%5Etfw\">#Dugina<\/a>&#8216;s murder, releasing a video of a woman named Natalya Vovk, saying she escaped to <a href=\"https:\/\/twitter.com\/hashtag\/Estonia?src=hash&amp;ref_src=twsrc%5Etfw\">#Estonia<\/a>. <a href=\"https:\/\/t.co\/kw614He0Y9\">pic.twitter.com\/kw614He0Y9<\/a><\/p>\n<p>\u2014 i24NEWS English (@i24NEWS_EN) <a href=\"https:\/\/twitter.com\/i24NEWS_EN\/status\/1561737273300885514?ref_src=twsrc%5Etfw\">August 22, 2022<\/a><\/p><\/blockquote>\n<p>En el frente de batalla, en tanto, las autoridades ucranianas denunciaron nuevos bombardeos nocturnos sobre infraestructuras civiles en la regi\u00f3n de Jarkov, en el este de Ucrania y escenario estas \u00faltimas semanas de las ofensivas rusas.<\/p>\n<p>El alcalde de Jarkov capital, Ihor Terekhov, se\u00f1al\u00f3 en su p\u00e1gina de Telegram que los misiles golpearon un edificio de dos pisos y que hubo un peque\u00f1o incendio, pero no inform\u00f3 de v\u00edctimas.<\/p>\n<p>La semana pasada, las autoridades ucranianas informaron la muerte de al menos 21 personas debido a los bombardeos rusos sobre Jarkov.<\/p>\n<p>Mientras el conflicto sigue escalando y crece la preocupaci\u00f3n por los riesgos nucleares que implica, la Uni\u00f3n Europea (UE) analiza la creaci\u00f3n de un gran programa \u00abde entrenamiento y de ayuda a la organizaci\u00f3n\u00bb del Ej\u00e9rcito ucraniano que tendr\u00eda lugar en pa\u00edses cercanos, dijo hoy el jefe de la diplomacia europea, Josep Borrell.<\/p>\n<p>Combatir la invasi\u00f3n rusa \u00abrequiere un esfuerzo no s\u00f3lo de suministros de materiales, sino tambi\u00e9n de entrenamiento y de ayuda a la organizaci\u00f3n del Ej\u00e9rcito\u00bb, dijo Borrell en Espa\u00f1a, en una conferencia de prensa en la ciudad norte\u00f1a de Santander.<\/p>\n<p>El tema ser\u00e1 abordado por los ministros de Defensa europeos la semana que viene en Praga, detall\u00f3 Borrell.<\/p>\n","protected":false},"excerpt":{"rendered":"<p>Daria Dugina, era hija de Alexander Duguin, un intelectual y escritor vinculado al presidente ruso. Foto: Skynews Cuando se cumplen seis meses de la operaci\u00f3n militar especial, se vive en Rusia una fuerte indignaci\u00f3n por el asesinato de la hija de un conocido pensador nacionalista en un atentado con explosivos que Mosc\u00fa atribuye a Ucrania. [&hellip;]<\/p>\n","protected":false},"author":1,"featured_media":47267,"comment_status":"open","ping_status":"closed","sticky":false,"template":"","format":"standard","meta":[],"categories":[19],"tags":[],"_links":{"self":[{"href":"http:\/\/hoycordobaweb.com\/index.php\/wp-json\/wp\/v2\/posts\/47266"}],"collection":[{"href":"http:\/\/hoycordobaweb.com\/index.php\/wp-json\/wp\/v2\/posts"}],"about":[{"href":"http:\/\/hoycordobaweb.com\/index.php\/wp-json\/wp\/v2\/types\/post"}],"author":[{"embeddable":true,"href":"http:\/\/hoycordobaweb.com\/index.php\/wp-json\/wp\/v2\/users\/1"}],"replies":[{"embeddable":true,"href":"http:\/\/hoycordobaweb.com\/index.php\/wp-json\/wp\/v2\/comments?post=47266"}],"version-history":[{"count":0,"href":"http:\/\/hoycordobaweb.com\/index.php\/wp-json\/wp\/v2\/posts\/47266\/revisions"}],"wp:featuredmedia":[{"embeddable":true,"href":"http:\/\/hoycordobaweb.com\/index.php\/wp-json\/wp\/v2\/media\/47267"}],"wp:attachment":[{"href":"http:\/\/hoycordobaweb.com\/index.php\/wp-json\/wp\/v2\/media?parent=47266"}],"wp:term":[{"taxonomy":"category","embeddable":true,"href":"http:\/\/hoycordobaweb.com\/index.php\/wp-json\/wp\/v2\/categories?post=47266"},{"taxonomy":"post_tag","embeddable":true,"href":"http:\/\/hoycordobaweb.com\/index.php\/wp-json\/wp\/v2\/tags?post=47266"}],"curies":[{"name":"wp","href":"https:\/\/api.w.org\/{rel}","templated":true}]}}