{"id":47264,"date":"2022-08-22T22:26:00","date_gmt":"2022-08-22T22:26:00","guid":{"rendered":"http:\/\/hoycordobaweb.com\/index.php\/2022\/08\/22\/condenaron-a-15-anos-de-prision-al-motociclista-que-mato-a-la-policia-julia-valles\/"},"modified":"2022-08-22T22:26:00","modified_gmt":"2022-08-22T22:26:00","slug":"condenaron-a-15-anos-de-prision-al-motociclista-que-mato-a-la-policia-julia-valles","status":"publish","type":"post","link":"http:\/\/hoycordobaweb.com\/index.php\/2022\/08\/22\/condenaron-a-15-anos-de-prision-al-motociclista-que-mato-a-la-policia-julia-valles\/","title":{"rendered":"Condenaron a 15 a\u00f1os de prisi\u00f3n al motociclista que mat\u00f3 a la polic\u00eda Julia Valles"},"content":{"rendered":"<p><img src=\"http:\/\/hoycordobaweb.com\/wp-content\/uploads\/2022\/08\/condenaron-a-15-anos-de-prision-al-motociclista-que-mato-a-la-policia-julia-valles.jpg\"><\/p>\n<figure class=\"mb-3\"><img loading=\"lazy\" src=\"http:\/\/hoycordobaweb.com\/wp-content\/uploads\/2022\/08\/condenaron-a-15-anos-de-prision-al-motociclista-que-mato-a-la-policia-julia-valles-2.jpg\" width=\"100%\" height=\"100%\" alt=\"Adrin Maldonado fue condenado por el crimen de Julia Valles Foto Camila Godoy \"><figcaption> Adri\u00e1n Maldonado fue condenado por el crimen de Julia Valles. Foto: Camila Godoy. <\/figcaption><\/figure>\n<p>Un hombre fue condenado este lunes a 15 a\u00f1os de prisi\u00f3n por <strong>haber atropellado y matado a Julia Valles, una oficial de la Polic\u00eda bonaerense que muri\u00f3 al ser embestida en septiembre de 2020<\/strong> cuando participaba de un control de tr\u00e1nsito en el partido bonaerense de Lan\u00fas.<\/p>\n<p>La condena fue dictada en una audiencia de cesura por el juez en lo Criminal (TOC) 1 de Avellaneda-Lan\u00fas, Martin Pizzolo, tras un juicio por jurados en el que<strong> Adri\u00e1n Cristian Maldonado (30) hab\u00eda sido declarado culpable el pasado 11 de agosto<\/strong> del delito de \u00abhomicidio simple\u00bb, en lo que fue el primer debate con ese sistema que se lleva a cabo en el Departamento Judicial de Avellaneda-Lan\u00fas.<\/p>\n<p><strong>La pena de 15 a\u00f1os fue significativamente inferior a lo que hab\u00edan pedido los fiscales del juicio Natalia Millone y H\u00e9ctor Toneguzzo,<\/strong> quienes en su alegato solicitaron que Maldonado sea condenado a 25 a\u00f1os de prisi\u00f3n y la declaraci\u00f3n de reincidencia, &nbsp;<\/p>\n<figure class=\"right mb-3\"><img loading=\"lazy\" src=\"http:\/\/hoycordobaweb.com\/wp-content\/uploads\/2022\/08\/condenaron-a-15-anos-de-prision-al-motociclista-que-mato-a-la-policia-julia-valles-3.jpg\" width=\"100%\" height=\"100%\" alt=\"La vctima \"><figcaption> La v\u00edctima. <\/figcaption><\/figure>\n<p>El abogado de la familia Valles, Diego Raidan, hab\u00eda adherido a ese pedido de pena, por lo que este lunes manifest\u00f3 a T\u00e9lam que \u00abhubiera esperado un poco m\u00e1s\u00bb.<\/p>\n<p>\u00abNo obstante eso, la conformidad que tengo es que fue declarado reincidente como esta parte solicit\u00f3, lo que incide en el cumplimiento de la pena del mismo\u00bb, dijo el letrado, quien agreg\u00f3 que el condenado <strong>\u00abtendr\u00e1 que cumplir los 15 a\u00f1os sin beneficio alguno, as\u00ed que por ese caso, t\u00e9cnicamente y jur\u00eddicamente nos sentimos conformes\u00bb.<\/strong><\/p>\n<p>\u00abRespecto a la familia, no hay nada que pueda devolver absolutamente nada pero creo que ha llegado un momento de mayor tranquilidad y paz para todos ellos\u00bb, agreg\u00f3 el defensor.<\/p>\n<p>Por su lado, <strong>la defensa de Maldonado hab\u00eda solicitado 8 a\u00f1os de c\u00e1rcel, el m\u00ednimo previsto para el \u00abhomicidio simple\u00bb.<\/strong><\/p>\n<p>Tras conocer la sentencia, la madre de Julia Valles, M\u00f3nica afirm\u00f3 a T\u00e9lam <strong>sentir \u00abimpotencia\u00bb por la pena que le dieron al condenado, ya que \u00abpensaba que iban a ser mas a\u00f1os\u00bb.<\/strong><\/p>\n<p>\u00abA mi hija no me la devuelve nadie, el dolor es muy grande, es la ausencia de mi hija todos los d\u00edas. Cuesta y as\u00ed le hubiesen dado m\u00e1s, creo que a nosotros nada nos conforma, porque la ausencia es diaria. Mi duelo va a ser eterno\u00bb, expres\u00f3 la mujer.<\/p>\n<figure class=\"mb-3\"><img loading=\"lazy\" src=\"http:\/\/hoycordobaweb.com\/wp-content\/uploads\/2022\/08\/condenaron-a-15-anos-de-prision-al-motociclista-que-mato-a-la-policia-julia-valles-4.jpg\" width=\"100%\" height=\"100%\" alt=\"Foto Camila Godoy \"><figcaption> Foto: Camila Godoy. <\/figcaption><\/figure>\n<p>Como consuelo, la madre de Valles explic\u00f3 que \u00abeste hombre no va a volver a delinquir por 15 a\u00f1os, y no va a volver a matar. Me quedo conforme que no va a poder salir de la c\u00e1rcel en ese per\u00edodo, ni gozar de la libertad condicional\u00bb.<\/p>\n<p>A su vez, l<strong>a hermana de la v\u00edctima, Abigail, dijo a esta agencia tener \u00abmuch\u00edsima bronca de ver al asesino de tu hermana ah\u00ed, sentado como si nada, ya que en ning\u00fan momento pidi\u00f3 ni siquiera disculpas por lo que hizo, no le import\u00f3 nada\u00bb.<\/strong><\/p>\n<p>\u00abNosotras esper\u00e1bamos mas, por Juana mi sobrina, sab\u00edamos que llegar a la perpetua es muy dif\u00edcil en este p\u00edas, por lo menos 18 a\u00f1os le tendr\u00edan que haber dado\u00bb, continu\u00f3 la mujer y destac\u00f3 que \u00ablo bueno es que lo declararon reincidente y va a tener que cumplir los 15 a\u00f1os si o si. No va a poder salir ni arruinar a otra familia\u00bb.<\/p>\n<p>Julia Valles ten\u00eda 30 a\u00f1os y una hija de 2 a\u00f1os y medio al momento del hecho que ocurri\u00f3 cerca de las 6 de la madrugada del 5 de septiembre de 2020 en el cruce de Catamarca y General Hornos, en el l\u00edmite de Lan\u00fas con Lomas de Zamora, en el sur del conurbano.<\/p>\n<p>Fuentes policiales informaron a T\u00e9lam que la mujer se encontraba junto a otros tres efectivos mientras realizaban un operativo de control cuando fue embestida por <strong>una Gilera Smash con dos ocupantes a bordo que no respetaron la voz de \u00abalto\u00bb<\/strong>.<\/p>\n<p>La v\u00edctima sufri\u00f3 graves heridas y falleci\u00f3 a los pocos minutos como consecuencia del impacto, pese a las tareas de reanimaci\u00f3n del personal m\u00e9dico que hab\u00eda sido alertado por sus compa\u00f1eros. A su vez, quienes iban a bordo de la moto, identificados como Maldonado y Mat\u00edas Rosales (23), sufrieron lesiones leves.<\/p>\n<p>En principio, ambos quedaron aprehendidos a disposici\u00f3n del fiscal Sergio Schafer, a cargo de la Unidad Funcional de Instrucci\u00f3n (UFI) 2 descentralizada en Lan\u00fas, Departamento Judicial Lomas de Zamora, aunque Rosales qued\u00f3 finalmente desvinculado de la causa.<\/p>\n<figure class=\"mb-3\"><img loading=\"lazy\" src=\"http:\/\/hoycordobaweb.com\/wp-content\/uploads\/2022\/08\/condenaron-a-15-anos-de-prision-al-motociclista-que-mato-a-la-policia-julia-valles-5.jpg\" width=\"100%\" height=\"100%\" alt=\"Foto Camila Godoy \"><figcaption> Foto: Camila Godoy. <\/figcaption><\/figure>\n","protected":false},"excerpt":{"rendered":"<p>Adri\u00e1n Maldonado fue condenado por el crimen de Julia Valles. Foto: Camila Godoy. Un hombre fue condenado este lunes a 15 a\u00f1os de prisi\u00f3n por haber atropellado y matado a Julia Valles, una oficial de la Polic\u00eda bonaerense que muri\u00f3 al ser embestida en septiembre de 2020 cuando participaba de un control de tr\u00e1nsito en [&hellip;]<\/p>\n","protected":false},"author":1,"featured_media":47265,"comment_status":"open","ping_status":"closed","sticky":false,"template":"","format":"standard","meta":[],"categories":[19],"tags":[],"_links":{"self":[{"href":"http:\/\/hoycordobaweb.com\/index.php\/wp-json\/wp\/v2\/posts\/47264"}],"collection":[{"href":"http:\/\/hoycordobaweb.com\/index.php\/wp-json\/wp\/v2\/posts"}],"about":[{"href":"http:\/\/hoycordobaweb.com\/index.php\/wp-json\/wp\/v2\/types\/post"}],"author":[{"embeddable":true,"href":"http:\/\/hoycordobaweb.com\/index.php\/wp-json\/wp\/v2\/users\/1"}],"replies":[{"embeddable":true,"href":"http:\/\/hoycordobaweb.com\/index.php\/wp-json\/wp\/v2\/comments?post=47264"}],"version-history":[{"count":0,"href":"http:\/\/hoycordobaweb.com\/index.php\/wp-json\/wp\/v2\/posts\/47264\/revisions"}],"wp:featuredmedia":[{"embeddable":true,"href":"http:\/\/hoycordobaweb.com\/index.php\/wp-json\/wp\/v2\/media\/47265"}],"wp:attachment":[{"href":"http:\/\/hoycordobaweb.com\/index.php\/wp-json\/wp\/v2\/media?parent=47264"}],"wp:term":[{"taxonomy":"category","embeddable":true,"href":"http:\/\/hoycordobaweb.com\/index.php\/wp-json\/wp\/v2\/categories?post=47264"},{"taxonomy":"post_tag","embeddable":true,"href":"http:\/\/hoycordobaweb.com\/index.php\/wp-json\/wp\/v2\/tags?post=47264"}],"curies":[{"name":"wp","href":"https:\/\/api.w.org\/{rel}","templated":true}]}}