{"id":47201,"date":"2022-08-20T16:38:49","date_gmt":"2022-08-20T16:38:49","guid":{"rendered":"https:\/\/www.ole.com.ar\/futbol-internacional\/cali-preocupacion-salud-teo_0_doMKHRpNMV.html"},"modified":"2022-08-20T16:38:49","modified_gmt":"2022-08-20T16:38:49","slug":"dt-de-deportivo-cali-estamos-preocupados-por-la-salud-de-teo","status":"publish","type":"post","link":"http:\/\/hoycordobaweb.com\/index.php\/2022\/08\/20\/dt-de-deportivo-cali-estamos-preocupados-por-la-salud-de-teo\/","title":{"rendered":"DT de Deportivo Cali: \u00abEstamos preocupados por la salud de Teo\u00bb"},"content":{"rendered":"<p><img src=\"http:\/\/hoycordobaweb.com\/wp-content\/uploads\/2022\/08\/dt-de-deportivo-cali-estamos-preocupados-por-la-salud-de-teo.jpg\"><\/p>\n<p>La situaci\u00f3n de <a alt=\"teofilo-gutierrez\" class=\"slug\" href=\"https:\/\/www.ole.com.ar\/tema\/teofilo-gutierrez.html\" target=\"_blank\" title=\"teofilo-gutierrez\" rel=\"noopener noreferrer\">Teo Guti\u00e9rrez<\/a> en <a alt=\"deportivo-cali\" class=\"slug\" href=\"https:\/\/www.ole.com.ar\/tema\/deportivo-cali.html\" target=\"_blank\" title=\"deportivo-cali\" rel=\"noopener noreferrer\">Deportivo Cali <\/a>genera una fuerte preocupaci\u00f3n dentro del club. Es que el colombiano sufri\u00f3 una lesi\u00f3n en el empate por 4-4 ante Alianza Petrolera que lo dej\u00f3 en el hospital. En ese sentido, el entrenador Mayer Candelo manifest\u00f3 su intranquilidad sobre la salud del delantero de 37 a\u00f1os.<\/p>\n<div class=\"sp__SM\">\n<div class=\"content-new \">\n<span class=\"tit-mobile\">Mir\u00e1 tambi\u00e9n<\/span><\/p>\n<div class=\"mg\">\n<div class=\"wrap-figure\">\n<picture>\n<a href=\"https:\/\/www.ole.com.ar\/futbol-internacional\/inglaterra\/harry-kane-gol-record-kun-aguero_0_aQpZLjS0MQ.html\" target=\"_self\" rel=\"noopener noreferrer\"><br \/>\n<img class=\"img-responsive\" alt=\"Harry Kane y un gol r\u00e9cord para el triunfo del Tottenham\" src=\"http:\/\/hoycordobaweb.com\/wp-content\/uploads\/2022\/08\/dt-de-deportivo-cali-estamos-preocupados-por-la-salud-de-teo-2.jpg\" loading=\"lazy\"><br \/>\n<\/a>\n<\/picture>\n<\/div>\n<\/div><\/div>\n<\/div>\n<p><strong>\u00abEstamos preocupados por la salud de &#8216;Teo, tiene un golpe fuerte, el doctor nos dijo que puede ser de tipo craneoencef\u00e1lico, \u00e9l ahora est\u00e1 en la cl\u00ednica y esperamos noticias\u00bb<\/strong>, declar\u00f3 el det\u00e9 al finalizar el partido en el estadio Daniel Villa Zapata, de Barrancabermeja.<\/p>\n<div class=\"sp__SM\">\n<div class=\"content-new \">\n<span class=\"tit-mobile\">Mir\u00e1 tambi\u00e9n<\/span><\/p>\n<div class=\"mg\">\n<div class=\"wrap-figure\">\n<picture>\n<a href=\"https:\/\/www.ole.com.ar\/racing\/racing-posteo-cardona-traiciono_0_T0vm7dwrJe.html\" target=\"_self\" rel=\"noopener noreferrer\"><br \/>\n<img class=\"img-responsive\" alt=\"El enigm\u00e1tico posteo de Cardona: &quot;Yo no traiciono ni abandono&quot;\" src=\"http:\/\/hoycordobaweb.com\/wp-content\/uploads\/2022\/08\/dt-de-deportivo-cali-estamos-preocupados-por-la-salud-de-teo-3.jpg\" loading=\"lazy\"><br \/>\n<\/a>\n<\/picture>\n<\/div>\n<\/div><\/div>\n<\/div>\n<p>Todo ocurri\u00f3 a los 92 minutos cuando hubo un impresionante choque con Jos\u00e9 Luis Chunga, que dej\u00f3 a Teo tirado en el campo de juego y la imagen impact\u00f3 a todos su fans. Tras el accidente el ex River&nbsp;tuvo que abandonar la cancha en camilla y con un inmovilizador en el cuello.<\/p>\n<div class=\"sp__SM\">\n<div class=\"content-new \">\n<span class=\"tit-mobile\">Mir\u00e1 tambi\u00e9n<\/span><\/p>\n<div class=\"mg\">\n<div class=\"wrap-figure\">\n<picture>\n<a href=\"https:\/\/www.ole.com.ar\/mundial\/mundial-qatar-202\/trinidad-cardona-mundial-qatar_0_0B8ISOoUjL.html\" target=\"_self\" rel=\"noopener noreferrer\"><br \/>\n<img class=\"img-responsive\" alt=\"Trinidad Cardona, autor de la canci\u00f3n del Mundial: &quot;Cuando fui a Qatar ten\u00eda cuatro centavos en mi cuenta bancaria&quot;\" src=\"http:\/\/hoycordobaweb.com\/wp-content\/uploads\/2022\/08\/dt-de-deportivo-cali-estamos-preocupados-por-la-salud-de-teo-4.jpg\" loading=\"lazy\"><br \/>\n<\/a>\n<\/picture>\n<\/div>\n<\/div><\/div>\n<\/div>\n<p>Si bien luego de lo ocurrido desde la cuenta oficial no emitieron ning\u00fan comunicado, el portal de noticias&nbsp;Gol Caracol detall\u00f3 que tras ex\u00e1menes m\u00e9dicos en una cl\u00ednica, <strong>Guti\u00e9rrez&nbsp;ya se encuentra tomando el vuelo de regreso con los dem\u00e1s integrantes del plantel.<\/strong><\/p>\n<div class=\"sp__SM\">\n<div class=\"content-new \">\n<span class=\"tit-mobile\">Mir\u00e1 tambi\u00e9n<\/span><\/p>\n<div class=\"mg\">\n<div class=\"wrap-figure\">\n<picture>\n<a href=\"https:\/\/www.ole.com.ar\/river-plate\/ponzio-mejores-partidos-river_0_2e87kjBddL.html\" target=\"_self\" rel=\"noopener noreferrer\"><br \/>\n<img class=\"img-responsive\" alt=\"Los mejores cuatro partidos de Ponzio, seg\u00fan Ponzio\" src=\"http:\/\/hoycordobaweb.com\/wp-content\/uploads\/2022\/08\/dt-de-deportivo-cali-estamos-preocupados-por-la-salud-de-teo-5.jpg\" loading=\"lazy\"><br \/>\n<\/a>\n<\/picture>\n<\/div>\n<\/div><\/div>\n<\/div>\n<p>Adem\u00e1s de este problema, la situaci\u00f3n del Deportivo Cali se hace m\u00e1s cr\u00edtica con el paso de los d\u00edas ya que m\u00e1s all\u00e1 de los resultados deportivos, el equipo enfrenta problemas econ\u00f3micos <strong>que incluso ha llegado a repercutir en falta de pago al plantel.<\/strong><\/p>\n<div class=\"sp__SM\">\n<div class=\"content-new \">\n<span class=\"tit-mobile\">Mir\u00e1 tambi\u00e9n<\/span><\/p>\n<div class=\"mg\">\n<div class=\"wrap-figure\">\n<picture>\n<a href=\"https:\/\/www.ole.com.ar\/futbol-internacional\/america\/seleccion-argentina-lionel-scaloni-fortaleza-copa_0_ATNLvzGy6Q.html\" target=\"_self\" rel=\"noopener noreferrer\"><br \/>\n<img class=\"img-responsive\" alt=\"La rompe en Brasil y un compa\u00f1ero lo pidi\u00f3 para la Selecci\u00f3n\" src=\"http:\/\/hoycordobaweb.com\/wp-content\/uploads\/2022\/08\/dt-de-deportivo-cali-estamos-preocupados-por-la-salud-de-teo-6.jpg\" loading=\"lazy\"><br \/>\n<\/a>\n<\/picture>\n<\/div>\n<\/div><\/div>\n<\/div>\n<div class=\"entry-tags\">\n<h2>TEMAS QUE APARECEN EN ESTA NOTA<\/h2>\n<\/p><\/div>\n","protected":false},"excerpt":{"rendered":"<p>La situaci\u00f3n de Teo Guti\u00e9rrez en Deportivo Cali genera una fuerte preocupaci\u00f3n dentro del club. Es que el colombiano sufri\u00f3 una lesi\u00f3n en el empate por 4-4 ante Alianza Petrolera que lo dej\u00f3 en el hospital. En ese sentido, el entrenador Mayer Candelo manifest\u00f3 su intranquilidad sobre la salud del delantero de 37 a\u00f1os. Mir\u00e1 [&hellip;]<\/p>\n","protected":false},"author":1,"featured_media":47202,"comment_status":"open","ping_status":"closed","sticky":false,"template":"","format":"standard","meta":[],"categories":[16],"tags":[],"_links":{"self":[{"href":"http:\/\/hoycordobaweb.com\/index.php\/wp-json\/wp\/v2\/posts\/47201"}],"collection":[{"href":"http:\/\/hoycordobaweb.com\/index.php\/wp-json\/wp\/v2\/posts"}],"about":[{"href":"http:\/\/hoycordobaweb.com\/index.php\/wp-json\/wp\/v2\/types\/post"}],"author":[{"embeddable":true,"href":"http:\/\/hoycordobaweb.com\/index.php\/wp-json\/wp\/v2\/users\/1"}],"replies":[{"embeddable":true,"href":"http:\/\/hoycordobaweb.com\/index.php\/wp-json\/wp\/v2\/comments?post=47201"}],"version-history":[{"count":0,"href":"http:\/\/hoycordobaweb.com\/index.php\/wp-json\/wp\/v2\/posts\/47201\/revisions"}],"wp:featuredmedia":[{"embeddable":true,"href":"http:\/\/hoycordobaweb.com\/index.php\/wp-json\/wp\/v2\/media\/47202"}],"wp:attachment":[{"href":"http:\/\/hoycordobaweb.com\/index.php\/wp-json\/wp\/v2\/media?parent=47201"}],"wp:term":[{"taxonomy":"category","embeddable":true,"href":"http:\/\/hoycordobaweb.com\/index.php\/wp-json\/wp\/v2\/categories?post=47201"},{"taxonomy":"post_tag","embeddable":true,"href":"http:\/\/hoycordobaweb.com\/index.php\/wp-json\/wp\/v2\/tags?post=47201"}],"curies":[{"name":"wp","href":"https:\/\/api.w.org\/{rel}","templated":true}]}}