{"id":47199,"date":"2022-08-20T16:44:15","date_gmt":"2022-08-20T16:44:15","guid":{"rendered":"https:\/\/www.ole.com.ar\/futbol-internacional\/luis-suarez-nacional-uruguay-mls-rumor_0_KxpdcJToNS.html"},"modified":"2022-08-20T16:44:15","modified_gmt":"2022-08-20T16:44:15","slug":"donde-jugaria-lucho-suarez-despues-de-nacional","status":"publish","type":"post","link":"http:\/\/hoycordobaweb.com\/index.php\/2022\/08\/20\/donde-jugaria-lucho-suarez-despues-de-nacional\/","title":{"rendered":"\u00bfD\u00f3nde jugar\u00eda Lucho Su\u00e1rez despu\u00e9s de Nacional?"},"content":{"rendered":"<p><img src=\"http:\/\/hoycordobaweb.com\/wp-content\/uploads\/2022\/08\/donde-jugaria-lucho-suarez-despues-de-nacional.jpg\"><\/p>\n<p>Con su llegada a <strong><a alt=\"nacional-de-uruguay\" class=\"slug\" href=\"https:\/\/www.ole.com.ar\/tema\/nacional-de-uruguay.html\" target=\"_blank\" title=\"nacional-de-uruguay\" rel=\"noopener noreferrer\">Nacional de Uruguay<\/a><\/strong>, <strong><a alt=\"luis-suarez\" class=\"slug\" href=\"https:\/\/www.ole.com.ar\/tema\/luis-suarez.html\" target=\"_blank\" title=\"luis-suarez\" rel=\"noopener noreferrer\">Luis Su\u00e1rez<\/a><\/strong> gener\u00f3 una revoluci\u00f3n dif\u00edcil de asimilar. Lleva apenas un mes y monedas tras&nbsp;su vuelta a Sudam\u00e9rica, pero desde Europa ya miran a futuro y <strong>hay fuertes rumores sobre d\u00f3nde jugar\u00e1 en el pr\u00f3ximo semestre<\/strong>, cuando finalice su contrato en suelo charr\u00faa.<\/p>\n<p>El Pistolero firm\u00f3 contrato con el Bolso hasta diciembre de 2022 pensando en su preparaci\u00f3n para el Mundial de Qatar. Si bien tiene opci\u00f3n para renovar por un a\u00f1o m\u00e1s, parece que su destino estar\u00eda lejos del R\u00edo de la Plata. Seg\u00fan varios reportes, podr\u00eda buscar nuevos retos fuera de su pa\u00eds.<\/p>\n<div class=\"sp__Normal\">\n<div class=\"image-embeb image-trigger\" readability=\"6\">\n<picture><source media=\"(min-width: 720px)\" srcset=\"http:\/\/hoycordobaweb.com\/wp-content\/uploads\/2022\/08\/donde-jugaria-lucho-suarez-despues-de-nacional-2.jpg\"><img itemprop=\"image\" src=\"http:\/\/hoycordobaweb.com\/wp-content\/uploads\/2022\/08\/donde-jugaria-lucho-suarez-despues-de-nacional-2.jpg\" loading=\"lazy\" alt=\"\u00bfCu\u00e1l ser\u00e1 su pr\u00f3ximo destino? (EFE\/Ra\u00fal Mart\u00ednez)\">\n<\/picture><figcaption readability=\"2\">\n<p>\u00bfCu\u00e1l ser\u00e1 su pr\u00f3ximo destino? (EFE\/Ra\u00fal Mart\u00ednez)\n<\/p>\n<\/figcaption><\/div>\n<\/div>\n<div class=\"sp__SM\">\n<div class=\"content-new \">\n<span class=\"tit-mobile\">Mir\u00e1 tambi\u00e9n<\/span><\/p>\n<div class=\"mg\">\n<div class=\"wrap-figure\">\n<picture>\n<a href=\"https:\/\/www.ole.com.ar\/futbol-internacional\/luis-suarez-nacional-uruguay_0_zYamiYcgBt.html\" target=\"_self\" rel=\"noopener noreferrer\"><br \/>\n<img class=\"img-responsive\" alt=\"Luis Su\u00e1rez: &quot;Fui a sacar un lateral y me llamaron fracasado&quot;\" src=\"http:\/\/hoycordobaweb.com\/wp-content\/uploads\/2022\/08\/donde-jugaria-lucho-suarez-despues-de-nacional-3.jpg\" loading=\"lazy\"><br \/>\n<\/a>\n<\/picture>\n<\/div>\n<\/div><\/div>\n<\/div>\n<h2><strong>POSIBLE DESTINO<\/strong><\/h2>\n<p>Al parecer,<strong> Lucho estar\u00eda pr\u00f3ximo a desembarcar en la <a alt=\"major-league-soccer\" class=\"slug\" href=\"https:\/\/www.ole.com.ar\/tema\/major-league-soccer.html\" target=\"_blank\" title=\"major-league-soccer\" rel=\"noopener noreferrer\">Major League Soccer<\/a>.<\/strong> As\u00ed lo revel\u00f3 Diario As.<strong> \u00abLuis Su\u00e1rez es uno de los objetivos de <a alt=\"los-angeles-galaxy\" class=\"slug\" href=\"https:\/\/www.ole.com.ar\/tema\/los-angeles-galaxy.html\" target=\"_blank\" title=\"los-angeles-galaxy\" rel=\"noopener noreferrer\">LA Galaxy<\/a> para la pr\u00f3xima temporada, por lo que har\u00e1n lo posible por ficharlo en enero de 2023&#8243;<\/strong>, inform\u00f3 el periodista Rodrigo Serrano, corresponsal del medio espa\u00f1ol en Estados Unidos.<\/p>\n<p>S\u00ed, Su\u00e1rez tiene la oportunidad de desembarcar en la MLS a principios de 2023, pero no los har\u00eda en Los Angeles FC, como se hab\u00eda rumoreado tiempo atr\u00e1s, sino que lo har\u00e1 en el otro equipo del cl\u00e1sico El Tr\u00e1fico. \u00bfPor qu\u00e9? <strong>Gregg Vanney<\/strong>, entrenador de los Gal\u00e1cticos,<strong> lo tiene en carpeta ante una posible salida de <a alt=\"javier-chicharito-hernandez\" class=\"slug\" href=\"https:\/\/www.ole.com.ar\/tema\/javier-chicharito-hernandez.html\" target=\"_blank\" title=\"javier-chicharito-hernandez\" rel=\"noopener noreferrer\">Javier Hern\u00e1ndez<\/a>. Chicharito dejar\u00eda al equipo una vez terminado el semestre y est\u00e1n buscando un reemplazo urgente.<\/strong><\/p>\n<div class=\"sp__Normal\">\n<div class=\"image-embeb image-trigger\" readability=\"6\">\n<picture><source media=\"(min-width: 720px)\" srcset=\"http:\/\/hoycordobaweb.com\/wp-content\/uploads\/2022\/08\/donde-jugaria-lucho-suarez-despues-de-nacional-4.jpg\"><img itemprop=\"image\" src=\"http:\/\/hoycordobaweb.com\/wp-content\/uploads\/2022\/08\/donde-jugaria-lucho-suarez-despues-de-nacional-4.jpg\" loading=\"lazy\" alt=\"\u00bfCambian a Chicharito por Lucho? (EFE\/Ra\u00fal Mart\u00ednez)\">\n<\/picture><figcaption readability=\"2\">\n<p>\u00bfCambian a Chicharito por Lucho? (EFE\/Ra\u00fal Mart\u00ednez)\n<\/p>\n<\/figcaption><\/div>\n<\/div>\n<div class=\"sp__SM\">\n<div class=\"content-new \">\n<span class=\"tit-mobile\">Mir\u00e1 tambi\u00e9n<\/span><\/p>\n<div class=\"mg\">\n<div class=\"wrap-figure\">\n<picture>\n<a href=\"https:\/\/www.ole.com.ar\/futbol-internacional\/america\/detenido-vinculos-mexico_0_Vsjg4MYCQP.html\" target=\"_self\" rel=\"noopener noreferrer\"> <img class=\"img-responsive\" alt=\"Detienen a un ex jugador de Pumas por v\u00ednculos con el narcotr\u00e1fico\" src=\"http:\/\/hoycordobaweb.com\/wp-content\/uploads\/2022\/08\/donde-jugaria-lucho-suarez-despues-de-nacional-5.jpg\" loading=\"lazy\"><br \/>\n<\/a>\n<\/picture>\n<\/div>\n<\/div><\/div>\n<\/div>\n<p>De concretarse su llegada, el ex <a alt=\"liverpool\" class=\"slug\" href=\"https:\/\/www.ole.com.ar\/tema\/liverpool.html\" target=\"_blank\" title=\"liverpool\" rel=\"noopener noreferrer\">Liverpool<\/a> y <a alt=\"barcelona\" class=\"slug\" href=\"https:\/\/www.ole.com.ar\/tema\/barcelona.html\" target=\"_blank\" title=\"barcelona\" rel=\"noopener noreferrer\">Barcelona<\/a> ocupar\u00eda la plaza de <strong>Jugador Designado<\/strong>, convirti\u00e9ndose en la nueva estrella del equipo. Seg\u00fan el informe, el delantero uruguayo tiene la \u00faltima palabra. <strong>\u00bfExtender\u00e1 su v\u00ednculo con el Decano por un a\u00f1o m\u00e1s? \u00bfO vivir\u00e1 la experiencia de la Major League Soccer en Los \u00c1ngeles?<\/strong><\/p>\n<h2><strong>\u00bf\u00bbFRACASADO\u00bb?<\/strong><\/h2>\n<p>En la \u00faltima jornada del torneo uruguayo, el punta se enfrent\u00f3 ante el Liverpool uruguayo de visitante, en un cruce que Nacional termin\u00f3 ganando 1-0, con un gol de Franco Fag\u00fandez Rosa. Sin embargo, lo que m\u00e1s le qued\u00f3 al goleador de la Selecci\u00f3n de Uruguay fue la dura cr\u00edtica que obtuvo desde la hinchada del visitante.<strong> \u00abSe escucha todo cuando te gritan y, me llam\u00f3 mucho la atenci\u00f3n cuando fui a sacar un lateral y uno me grit\u00f3 fracasado\u00bb<\/strong>, comparti\u00f3 Su\u00e1rez.<\/p>\n<div class=\"sp__Normal\">\n<div class=\"image-embeb image-trigger\" readability=\"6\">\n<picture><source media=\"(min-width: 720px)\" srcset=\"http:\/\/hoycordobaweb.com\/wp-content\/uploads\/2022\/08\/donde-jugaria-lucho-suarez-despues-de-nacional-6.jpg\"><img itemprop=\"image\" src=\"http:\/\/hoycordobaweb.com\/wp-content\/uploads\/2022\/08\/donde-jugaria-lucho-suarez-despues-de-nacional-6.jpg\" loading=\"lazy\" alt=\"\u00a1Le gritaron fracasado! (Pablo PORCIUNCULA\/AFP)\">\n<\/picture><figcaption readability=\"2\">\n<p>\u00a1Le gritaron fracasado! (Pablo PORCIUNCULA\/AFP)\n<\/p>\n<\/figcaption><\/div>\n<\/div>\n<div class=\"sp__SM\">\n<div class=\"content-new \">\n<span class=\"tit-mobile\">Mir\u00e1 tambi\u00e9n<\/span><\/p>\n<div class=\"mg\">\n<div class=\"wrap-figure\">\n<picture>\n<a href=\"https:\/\/www.ole.com.ar\/futbol-internacional\/america\/penarol-historico-defensor-uruguayo_0_0BdqtPH3j0.html\" target=\"_self\" rel=\"noopener noreferrer\"><br \/>\n<img class=\"img-responsive\" alt=\"El hist\u00f3rico defensor uruguayo que rechaz\u00f3 a Pe\u00f1arol y jugar\u00eda en la MLS\" src=\"http:\/\/hoycordobaweb.com\/wp-content\/uploads\/2022\/08\/donde-jugaria-lucho-suarez-despues-de-nacional-7.jpg\" loading=\"lazy\"><br \/>\n<\/a>\n<\/picture>\n<\/div>\n<\/div><\/div>\n<\/div>\n<p><strong>\u00abNo mir\u00e9 bien quien era, pero gritarme a mi fracasado no tiene ning\u00fan sentido ah\u00ed. Es el t\u00edpico grito uruguayo que te grita por gritar, pero est\u00e1 lindo vivir toda esa experiencia y esa etapa que hace mucho tiempo no lo sent\u00eda\u00bb<\/strong>, concluy\u00f3 el ex Barcelona entre risas, recordando el episodio.<\/p>\n<h2><strong>\u00bfQU\u00c9 SE LE VIENE?<\/strong><\/h2>\n<p>El conjunto dirigido por Pablo Repetto marcha quinto en el Clausura con seis puntos (l\u00edder en la tabla anual) y este s\u00e1bado, a partir de las 18, recibir\u00e1 a Montevideo Wanderers, que se ubica en la mitad de la tabla con cuatro unidades.<\/p>\n<div class=\"sp__SM\">\n<div class=\"content-new \">\n<span class=\"tit-mobile\">Mir\u00e1 tambi\u00e9n<\/span><\/p>\n<div class=\"mg\">\n<div class=\"wrap-figure\">\n<picture>\n<a href=\"https:\/\/www.ole.com.ar\/mundial\/mundial-qatar-202\/memo-ochoa-mexico-envidia-iker-casillas_0_nj0CCAl8U3.html\" target=\"_self\" rel=\"noopener noreferrer\"><br \/>\n<img class=\"img-responsive\" alt=\"El Campe\u00f3n del Mundo que envidia al Memo Ochoa\" src=\"http:\/\/hoycordobaweb.com\/wp-content\/uploads\/2022\/08\/donde-jugaria-lucho-suarez-despues-de-nacional-8.jpg\" loading=\"lazy\"><br \/>\n<\/a>\n<\/picture>\n<\/div>\n<\/div><\/div>\n<\/div>\n<div class=\"entry-tags\">\n<h2>TEMAS QUE APARECEN EN ESTA NOTA<\/h2>\n<\/p><\/div>\n","protected":false},"excerpt":{"rendered":"<p>Con su llegada a Nacional de Uruguay, Luis Su\u00e1rez gener\u00f3 una revoluci\u00f3n dif\u00edcil de asimilar. Lleva apenas un mes y monedas tras&nbsp;su vuelta a Sudam\u00e9rica, pero desde Europa ya miran a futuro y hay fuertes rumores sobre d\u00f3nde jugar\u00e1 en el pr\u00f3ximo semestre, cuando finalice su contrato en suelo charr\u00faa. El Pistolero firm\u00f3 contrato con [&hellip;]<\/p>\n","protected":false},"author":1,"featured_media":47200,"comment_status":"open","ping_status":"closed","sticky":false,"template":"","format":"standard","meta":[],"categories":[16],"tags":[],"_links":{"self":[{"href":"http:\/\/hoycordobaweb.com\/index.php\/wp-json\/wp\/v2\/posts\/47199"}],"collection":[{"href":"http:\/\/hoycordobaweb.com\/index.php\/wp-json\/wp\/v2\/posts"}],"about":[{"href":"http:\/\/hoycordobaweb.com\/index.php\/wp-json\/wp\/v2\/types\/post"}],"author":[{"embeddable":true,"href":"http:\/\/hoycordobaweb.com\/index.php\/wp-json\/wp\/v2\/users\/1"}],"replies":[{"embeddable":true,"href":"http:\/\/hoycordobaweb.com\/index.php\/wp-json\/wp\/v2\/comments?post=47199"}],"version-history":[{"count":0,"href":"http:\/\/hoycordobaweb.com\/index.php\/wp-json\/wp\/v2\/posts\/47199\/revisions"}],"wp:featuredmedia":[{"embeddable":true,"href":"http:\/\/hoycordobaweb.com\/index.php\/wp-json\/wp\/v2\/media\/47200"}],"wp:attachment":[{"href":"http:\/\/hoycordobaweb.com\/index.php\/wp-json\/wp\/v2\/media?parent=47199"}],"wp:term":[{"taxonomy":"category","embeddable":true,"href":"http:\/\/hoycordobaweb.com\/index.php\/wp-json\/wp\/v2\/categories?post=47199"},{"taxonomy":"post_tag","embeddable":true,"href":"http:\/\/hoycordobaweb.com\/index.php\/wp-json\/wp\/v2\/tags?post=47199"}],"curies":[{"name":"wp","href":"https:\/\/api.w.org\/{rel}","templated":true}]}}