{"id":47116,"date":"2022-08-19T21:42:00","date_gmt":"2022-08-19T21:42:00","guid":{"rendered":"http:\/\/hoycordobaweb.com\/index.php\/2022\/08\/19\/con-talleres-lecturas-y-teatro-distintos-espacios-celebraran-el-dia-de-las-infancias\/"},"modified":"2022-08-19T21:42:00","modified_gmt":"2022-08-19T21:42:00","slug":"con-talleres-lecturas-y-teatro-distintos-espacios-celebraran-el-dia-de-las-infancias","status":"publish","type":"post","link":"http:\/\/hoycordobaweb.com\/index.php\/2022\/08\/19\/con-talleres-lecturas-y-teatro-distintos-espacios-celebraran-el-dia-de-las-infancias\/","title":{"rendered":"Con talleres, lecturas y teatro, distintos espacios celebrar\u00e1n el D\u00eda de las Infancias"},"content":{"rendered":"<p><img src=\"http:\/\/hoycordobaweb.com\/wp-content\/uploads\/2022\/08\/con-talleres-lecturas-y-teatro-distintos-espacios-celebraran-el-dia-de-las-infancias.jpg\"><\/p>\n<figure class=\"mb-3\"><img loading=\"lazy\" src=\"http:\/\/hoycordobaweb.com\/wp-content\/uploads\/2022\/08\/con-talleres-lecturas-y-teatro-distintos-espacios-celebraran-el-dia-de-las-infancias-2.jpg\" width=\"100%\" height=\"100%\" alt=\"Tecnpolis adecu su programacin del fin de semana con distintos espectculos para las infancias Foto Alfredo Luna\"><figcaption> Tecn\u00f3polis adecu\u00f3 su programaci\u00f3n del fin de semana con distintos espect\u00e1culos para las infancias \/ Foto: Alfredo Luna. <\/figcaption><\/figure>\n<p>Los museos, librer\u00edas y espacios como Tecn\u00f3polis pensaron para este fin de semana una programaci\u00f3n con talleres, sorteos, shows y obras de teatro, en la gran mayor\u00eda de los casos con entrada libre y gratuita, para que las familias compartan el D\u00eda de las Infancias que se celebrar\u00e1 este domingo en todo el pa\u00eds.<\/p>\n<p><strong>Tecn\u00f3polis <\/strong>adecu\u00f3 la <a href=\"http:\/\/www.tecnopolis.gob.ar\" target=\"_blank\" rel=\"noopener noreferrer\">programaci\u00f3n del fin de semana<\/a>. El 19, 20 y 21 de agosto el predio ser\u00e1 el escenario de los espect\u00e1culos infantiles m\u00e1s reconocidos: Pim Pau, D\u00fao Karma, \u00abEl gran baile de Zamba y Nina\u00bb y tambi\u00e9n habr\u00e1 una funci\u00f3n de \u00abEl hombre que perdi\u00f3 su sombra\u00bb. Adem\u00e1s, tocar\u00e1 la <strong>Sinfon\u00eda Federal<\/strong> en el auditorio y habr\u00e1 lecturas de cuentos y shows de payasos.<\/p>\n<p>En tanto, el <strong>Museo Moderno<\/strong>, en la avenida San Juan 350, propone talleres pensados para distintas edades: actividades orientadas a la primera infancia a cargo de Trinidad Padilla, exploraci\u00f3n de luces, planos y formas a cargo de Le Variet\u00e9, grabado colectivo a cargo de Fina Estampa o un taller sensorial a cargo del equipo educativo del Museo. Las actividades son gratuitas pero requieren <a href=\"https:\/\/museomoderno.org\" target=\"_blank\" rel=\"noopener noreferrer\">inscripci\u00f3n<\/a>.<\/p>\n<blockquote class=\"twitter-tweet\" readability=\"8.6423841059603\">\n<p lang=\"es\" dir=\"ltr\">\ud83e\udd73 La tienen clar\u00edsima: \u00a1El fin de semana de las infancias se festeja en Tecn\u00f3polis! \ud83e\udd95<\/p>\n<p>\ud83d\udccd Jueves 18 y viernes 19 de 10 a 18 h<br \/>\ud83d\udccd S\u00e1bado 20 y domingo 21 de 12 a 19 h<\/p>\n<p>\ud83c\udf9f\ufe0f Entrada libre y gratuita, sin reserva previa <a href=\"https:\/\/t.co\/3Ey3k1TQC9\">pic.twitter.com\/3Ey3k1TQC9<\/a><\/p>\n<p>\u2014 Tecn\u00f3polis (@TecnopolisArg) <a href=\"https:\/\/twitter.com\/TecnopolisArg\/status\/1559931760166576134?ref_src=twsrc%5Etfw\">August 17, 2022<\/a><\/p><\/blockquote>\n<p>Para celebrar el D\u00eda de las Infancias y como despedida de la exposici\u00f3n <strong>\u00abVida Venturosa\u00bb<\/strong>, el <strong>Malba <\/strong>ofrece una serie de <a href=\"https:\/\/www.malba.org.ar\" target=\"_blank\" rel=\"noopener noreferrer\">actividades infantiles<\/a> inspiradas en las obras de Yente y Del Prete.<\/p>\n<p>El museo propone acercarse a la obra y vida amorosa de ambos artistas a trav\u00e9s de recorridos y talleres por la exhibici\u00f3n y actividades al aire libre, tomando como disparador las obras<strong> Circo de Del Prete<\/strong> y del libro de artista<strong> Circo de Yente.<\/strong> Ambos parten de la figura sinuosa y juguetona del piol\u00edn para imaginar escenas circenses, repletas de volteretas y payasadas. En la Plaza Per\u00fa, a metros del Museo, habr\u00e1 un taller de clown, de juegos acrob\u00e1ticos y de malabares.<\/p>\n<p>Adem\u00e1s, el domingo a las 16 habr\u00e1 un <strong>recorrido guiado con taller inspirado en la obra \u00abLos ni\u00f1os de la computadora\u00bb<\/strong>, de Yente, realizada en 1983.<\/p>\n<blockquote class=\"instagram-media\" data-instgrm-permalink=\"https:\/\/www.instagram.com\/p\/ChVbyF0rejv\/?utm_source=ig_embed&amp;utm_campaign=loading\" data-instgrm-version=\"14\" readability=\"-0.24705882352941\"><\/blockquote>\n<p>Por su parte, el <strong>Ministerio de Cultura de la Ciudad de Buenos Aires <\/strong>tambi\u00e9n organiz\u00f3 un d\u00eda con actividades para \u00abpromover la participaci\u00f3n, voz y elecci\u00f3n de chicos y chicas a trav\u00e9s del arte\u00bb. Habr\u00e1 una variada programaci\u00f3n cultural que incluye m\u00fasica, artes visuales, gastronom\u00eda y actividades para toda la familia en la Usina del Arte, los MuseosBA y Arte en Barrios con entrada libre y gratuita.<\/p>\n<p>En <a href=\"https:\/\/www.buenosaires.gob.ar\/usinadelarte\" target=\"_blank\" rel=\"noopener noreferrer\">Usina del Arte<\/a> habr\u00e1 diferentes propuestas para disfrutar en familia de 11 a 18.<\/p>\n<p>Los <a href=\"https:\/\/www.buenosaires.gob.ar\/cultura\/museos\" target=\"_blank\" rel=\"noopener noreferrer\">museos porte\u00f1os<\/a>, por su parte, tendr\u00e1n actividades para chicos de 4 a 12 a\u00f1os de 14 a 17. En el circuito se encuentran el Buenos Aires Museo, el Museo de Arte Popular Jos\u00e9 Hern\u00e1ndez, el Museo Larreta, el Museo Saavedra, y Torre Monumental.<\/p>\n<blockquote class=\"instagram-media\" data-instgrm-captioned data-instgrm-permalink=\"https:\/\/www.instagram.com\/p\/ChakcvhtaTB\/?utm_source=ig_embed&amp;utm_campaign=loading\" data-instgrm-version=\"14\" readability=\"-0.20388349514563\"><\/blockquote>\n<p>La <strong>librer\u00eda Mandolina<\/strong>, del barrio de Belgrano (Manuel Ugarte 2439), pens\u00f3 un s\u00e1bado dedicado a las infancias. <strong>Melina Barrera<\/strong>, autora de \u00abUn juego de tazas y diez gotitas de azar\u00bb, coordinar\u00e1 un taller destinado a ni\u00f1os de entre 8 y 11 a\u00f1os para inventar historias inspiradas en canciones. La actividad, que ser\u00e1 a las 16, es gratuita pero requiere <a href=\"http:\/\/www.instagram.com\/mandolinalibros\" target=\"_blank\" rel=\"noopener noreferrer\">inscripci\u00f3n previa<\/a>. Los m\u00e1s chiquitos, entre 3 y 7 a\u00f1os, est\u00e1n invitados a una tarde de dibujo y pintura en la librer\u00eda. A las 18, la autora firmar\u00e1 libros y habr\u00e1 una gran merienda para compartir y celebrar.<\/p>\n<p>En La Plata, el <strong>Museo Provincial de Bellas Artes Emilio Pettoruti<\/strong> presentar\u00e1 el s\u00e1bado a las 15 la presentaci\u00f3n del libro-\u00e1lbum \u201cR\u00edo un caim\u00e1n\u201d de Viviana Kert, que incluye actividades y canciones. M\u00e1s tarde, a las 17 ser\u00e1 el turno del teatro de sombras con la obra \u00abSapo en Bs As\u00bb y el taller \u00abHilos de transparencias\u00bb, a cargo de La \u00d3pera Encandilada. Estas presentaciones se repetir\u00e1n el domingo en el mismo horario.<\/p>\n","protected":false},"excerpt":{"rendered":"<p>Tecn\u00f3polis adecu\u00f3 su programaci\u00f3n del fin de semana con distintos espect\u00e1culos para las infancias \/ Foto: Alfredo Luna. Los museos, librer\u00edas y espacios como Tecn\u00f3polis pensaron para este fin de semana una programaci\u00f3n con talleres, sorteos, shows y obras de teatro, en la gran mayor\u00eda de los casos con entrada libre y gratuita, para que [&hellip;]<\/p>\n","protected":false},"author":1,"featured_media":47117,"comment_status":"open","ping_status":"closed","sticky":false,"template":"","format":"standard","meta":[],"categories":[19],"tags":[],"_links":{"self":[{"href":"http:\/\/hoycordobaweb.com\/index.php\/wp-json\/wp\/v2\/posts\/47116"}],"collection":[{"href":"http:\/\/hoycordobaweb.com\/index.php\/wp-json\/wp\/v2\/posts"}],"about":[{"href":"http:\/\/hoycordobaweb.com\/index.php\/wp-json\/wp\/v2\/types\/post"}],"author":[{"embeddable":true,"href":"http:\/\/hoycordobaweb.com\/index.php\/wp-json\/wp\/v2\/users\/1"}],"replies":[{"embeddable":true,"href":"http:\/\/hoycordobaweb.com\/index.php\/wp-json\/wp\/v2\/comments?post=47116"}],"version-history":[{"count":0,"href":"http:\/\/hoycordobaweb.com\/index.php\/wp-json\/wp\/v2\/posts\/47116\/revisions"}],"wp:featuredmedia":[{"embeddable":true,"href":"http:\/\/hoycordobaweb.com\/index.php\/wp-json\/wp\/v2\/media\/47117"}],"wp:attachment":[{"href":"http:\/\/hoycordobaweb.com\/index.php\/wp-json\/wp\/v2\/media?parent=47116"}],"wp:term":[{"taxonomy":"category","embeddable":true,"href":"http:\/\/hoycordobaweb.com\/index.php\/wp-json\/wp\/v2\/categories?post=47116"},{"taxonomy":"post_tag","embeddable":true,"href":"http:\/\/hoycordobaweb.com\/index.php\/wp-json\/wp\/v2\/tags?post=47116"}],"curies":[{"name":"wp","href":"https:\/\/api.w.org\/{rel}","templated":true}]}}