{"id":47114,"date":"2022-08-19T21:56:00","date_gmt":"2022-08-19T21:56:00","guid":{"rendered":"http:\/\/hoycordobaweb.com\/index.php\/2022\/08\/19\/una-querella-decidio-apelar-y-recusar-al-presidente-del-tribunal-y-la-otra-desistio\/"},"modified":"2022-08-19T21:56:00","modified_gmt":"2022-08-19T21:56:00","slug":"una-querella-decidio-apelar-y-recusar-al-presidente-del-tribunal-y-la-otra-desistio","status":"publish","type":"post","link":"http:\/\/hoycordobaweb.com\/index.php\/2022\/08\/19\/una-querella-decidio-apelar-y-recusar-al-presidente-del-tribunal-y-la-otra-desistio\/","title":{"rendered":"Una querella decidi\u00f3 apelar y recusar al presidente del Tribunal y la otra desisti\u00f3"},"content":{"rendered":"<p><img src=\"http:\/\/hoycordobaweb.com\/wp-content\/uploads\/2022\/08\/una-querella-decidio-apelar-y-recusar-al-presidente-del-tribunal-y-la-otra-desistio.jpg\"><\/p>\n<figure class=\"mb-3\"><img loading=\"lazy\" src=\"http:\/\/hoycordobaweb.com\/wp-content\/uploads\/2022\/08\/una-querella-decidio-apelar-y-recusar-al-presidente-del-tribunal-y-la-otra-desistio-2.jpg\" width=\"100%\" height=\"100%\" alt=\"Foto Pepe Mateos\"><figcaption> Foto: Pepe Mateos <\/figcaption><\/figure>\n<p>Las familias de las dos j\u00f3venes fallecidas en 2010 como consecuencia del derrumbe en el boliche Beara informaron que tomaron distintas posturas frente a la sentencia del Tribunal Oral Criminal 7 que conden\u00f3 a los propietarios del boliche y absolvi\u00f3 a funcionarios y polic\u00edas porte\u00f1os, conocida en junio de este a\u00f1o, cuyos fundamentos se dieron a conocer este mes de agosto.<\/p>\n<p>El derrumbe ocurri\u00f3 el 10 de septiembre de 2010 en Scalabrini Ortiz 1638, cerca de las 3.50, cuando termin\u00f3 un recital del grupo R\u00e1faga, y minutos despu\u00e9s cay\u00f3 el entrepiso construido con madera y aluminio.<\/p>\n<p>El boliche, al momento del derrumbe, ya hab\u00eda sido clausurado por irregularidades y el Gobierno porte\u00f1o levant\u00f3 esa clausura concediendo una habilitaci\u00f3n como \u00absal\u00f3n de fiestas privadas\u00bb cuando en realidad funcionaba como discoteca de libre acceso.<\/p>\n<p>La familia de la joven Ariana Lizarraga decidi\u00f3 no apelarla y denunci\u00f3 \u00ablos vej\u00e1menes\u00bb del proceso judicial desde una carta presentada el jueves al Tribunal, y a la que accedi\u00f3 T\u00e9lam, aunque aclar\u00f3 que seguir\u00e1 la causa.<\/p>\n<p>La familia de Leticia Provedo, en cambio, confirm\u00f3 a esta agencia que apel\u00f3 la sentencia, en la que le hab\u00eda sido anulado su alegato, para reclamar una revisi\u00f3n porque los jueces \u00ababsolvieron a todos los funcionarios p\u00fablicos\u00bb en el caso.<\/p>\n<p> <a title=\"View Carta de la familia Lizarraga on Scribd\" href=\"https:\/\/www.scribd.com\/document\/587959198\/Carta-de-la-familia-Lizarraga#from_embed\">Carta de la familia Lizarraga<\/a> by <a title=\"View T\u00e9lam's profile on Scribd\" href=\"https:\/\/es.scribd.com\/user\/276843644\/Telam#from_embed\">T\u00e9lam<\/a> on Scribd<\/p>\n<p>Adem\u00e1s, recus\u00f3 al presidente del Tribunal Oral 7 de la Capital Federal, Alejandro Noceti Achaval, por \u00absu estrecha relaci\u00f3n con (Mauricio) Macri y el Pro\u00bb y la consecuente \u00abprotecci\u00f3n a los funcionarios del Gobierno de la Ciudad\u00bb.<\/p>\n<p>La sentencia se conoci\u00f3 el 22 de junio, la lectura de los fundamentos fue el 3 de agosto y este viernes dieron a conocer sus puntos de vista sobre la cosa juzgada.<\/p>\n<p>\u00abLa sentencia fue infame, terrible, hab\u00eda pruebas de que los funcionarios hab\u00edan fallado en sus funciones\u00bb, dijo a T\u00e9lam la madre de Provedo, Alicia Tagliaferro.<\/p>\n<p>\u00abA mi marido y a m\u00ed ni se nos cruz\u00f3 por la cabeza no apelar despu\u00e9s de 11 a\u00f1os y medio pero es una decisi\u00f3n personal. No me siento en calidad de juzgar la actitud de nadie, fue mucha lucha, y cuatro meses de juicio en los que fui a todas las audiencias\u00bb, agreg\u00f3.<\/p>\n<p>\u00abAhora tenemos que esperar las respuestas, seguramente este tribunal, por c\u00f3mo es, nos va a negar todo, porque se manejaron as\u00ed. Al final del juicio todos los imputados les agradecieron por lo bien que hab\u00edan sido tratados, y a nosotros, los padres de las v\u00edctimas, no nos dejaron hablar ni un minuto antes de la sentencia\u00bb, agreg\u00f3.<\/p>\n<p>En tanto, el padre de Ariana, Juan Lizarraga, dijo a esta agencia que \u00abdespu\u00e9s de haber vivido estos cuatro meses de juicio oral, no apelamos por la desilusi\u00f3n y la sorpresa de vivir una experiencia inesperada por la falta de compasi\u00f3n y comprensi\u00f3n. Fue algo muy desagradable lo que nos toc\u00f3 pasar\u00bb.<\/p>\n<p>Y a\u00f1adi\u00f3 que \u00abteniendo tantas pruebas que condenaban a los funcionarios, absolverlos a todos fue algo muy armado, desde la primera audiencia se not\u00f3 que la balanza no estaba equilibrada, siempre pesaba m\u00e1s el lado del Gobierno que el nuestro. Evidentemente hay presiones sobre los jueces\u00bb.<\/p>\n<p>Luego aclar\u00f3 que si bien decidieron no apelar, van a \u00abseguir la causa\u00bb y esta decisi\u00f3n fue algo conversado con el fiscal, quien -al igual que la otra querella- tambi\u00e9n apel\u00f3.<\/p>\n<p>\u00abNo quiere decir que nos vayamos a alejar ni a desentender de la causa\u00bb, concluy\u00f3 Lizarraga.<\/p>\n<p>Entre las situaciones irregulares, el padre detall\u00f3 que \u00abcuando testimoniaban los testigos llamados por la querella o por el fiscal, eran interrumpidos constantemente, ya sea por los abogados de la defensa o por el mismo presidente del Tribunal pero cuando testimoniaban los (testigos) llamados por la defensa, se los dejaba hablar una hora y media o dos horas sin interrupciones, y si quer\u00edamos intervenir no se nos permit\u00eda, era demasiado evidente\u00bb.<\/p>\n<p>\u00abSe lleg\u00f3 a este fallo rid\u00edculo y absolutamente parcial\u00bb, se\u00f1al\u00f3.<\/p>\n<p>En cuanto a la carta, el padre de Ariana explic\u00f3 que \u00abfue la decisi\u00f3n de la familia\u00bb y subray\u00f3 que \u00abel 10 de septiembre se cumplir\u00e1n 12 a\u00f1os que estamos soportando una instrucci\u00f3n absolutamente corrupta, porque la exjueza Alicia Iermini tiene dos procesos por vender causas penales\u00bb.<\/p>\n<p>Sobre la instrucci\u00f3n, denunci\u00f3 que demor\u00f3 \u00abocho a\u00f1os\u00bb y que \u00abbuscaba claramente la prescripci\u00f3n\u00bb de la causa, porque \u00abpor ejemplo la causa de Croma\u00f1\u00f3n tuvo seis a\u00f1os de instrucci\u00f3n y la nuestra era mucho m\u00e1s sencilla porque nadie encendi\u00f3 ninguna bengala, los hechos eran muy concretos\u00bb.<\/p>\n<p>La familia Lizarraga manifest\u00f3, a trav\u00e9s de una carta al Tribunal, que no apelar\u00e1 la sentancia por la cual se \u00abconsagr\u00f3 la impunidad de los funcionarios p\u00fablicos del Gobierno de la Ciudad de Buenos Aires, c\u00f3mplices y m\u00e1ximos responsables de la muerte de nuestra hija y de su mejor amiga, Leticia Provedo\u00bb.<\/p>\n<p>En la misiva agradecieron a los letrados que los acompa\u00f1aron en todo el proceso y denunciaron los \u00abvej\u00e1menes en perjuicio de las v\u00edctimas y sus deudos\u00bb cometidos en la Instrucci\u00f3n.<\/p>\n<p>\u00abNo recurriremos -al fallo- porque somos conscientes de nuestra fragilidad pol\u00edtica frente a la prepotencia del poder que silenci\u00f3 el caso en los medios de prensa y logr\u00f3 homologar la impunidad en el Veredicto absolutorio\u00bb, agregaron y expresaron que \u00abya no estamos en condiciones ps\u00edquicas de tolerar m\u00e1s injusticias, hemos tomado la decisi\u00f3n de rendirnos ante una circunstancia ineluctable. No estamos dispuestos a seguir siendo c\u00f3mplices de simulaci\u00f3n de juicio, donde la tragedia de las v\u00edctimas contin\u00fae sucediendo como un acontecimiento menor frente al poder pol\u00edtico de sus victimarios funcionarios del Gobierno de la Ciudad\u00bb.<\/p>\n<p>Y, a\u00f1adieron: \u00abJam\u00e1s olvidaremos que se prob\u00f3 de manera categ\u00f3rica que los funcionarios p\u00fablicos sometidos a juicio fueron los que habilitaron esa trampa mortal llamada Boliche Beara\u00bb.<\/p>\n<p>\u00abNo nos han dejado otra alternativa que la resignaci\u00f3n. Pedimos disculpas a nuestra hija (&#8230;) Quiz\u00e1 pueda entender que el Poder Judicial tambi\u00e9n nos mat\u00f3 a nosotros\u00bb, concluyeron. <\/p>\n","protected":false},"excerpt":{"rendered":"<p>Foto: Pepe Mateos Las familias de las dos j\u00f3venes fallecidas en 2010 como consecuencia del derrumbe en el boliche Beara informaron que tomaron distintas posturas frente a la sentencia del Tribunal Oral Criminal 7 que conden\u00f3 a los propietarios del boliche y absolvi\u00f3 a funcionarios y polic\u00edas porte\u00f1os, conocida en junio de este a\u00f1o, cuyos [&hellip;]<\/p>\n","protected":false},"author":1,"featured_media":47115,"comment_status":"open","ping_status":"closed","sticky":false,"template":"","format":"standard","meta":[],"categories":[19],"tags":[],"_links":{"self":[{"href":"http:\/\/hoycordobaweb.com\/index.php\/wp-json\/wp\/v2\/posts\/47114"}],"collection":[{"href":"http:\/\/hoycordobaweb.com\/index.php\/wp-json\/wp\/v2\/posts"}],"about":[{"href":"http:\/\/hoycordobaweb.com\/index.php\/wp-json\/wp\/v2\/types\/post"}],"author":[{"embeddable":true,"href":"http:\/\/hoycordobaweb.com\/index.php\/wp-json\/wp\/v2\/users\/1"}],"replies":[{"embeddable":true,"href":"http:\/\/hoycordobaweb.com\/index.php\/wp-json\/wp\/v2\/comments?post=47114"}],"version-history":[{"count":0,"href":"http:\/\/hoycordobaweb.com\/index.php\/wp-json\/wp\/v2\/posts\/47114\/revisions"}],"wp:featuredmedia":[{"embeddable":true,"href":"http:\/\/hoycordobaweb.com\/index.php\/wp-json\/wp\/v2\/media\/47115"}],"wp:attachment":[{"href":"http:\/\/hoycordobaweb.com\/index.php\/wp-json\/wp\/v2\/media?parent=47114"}],"wp:term":[{"taxonomy":"category","embeddable":true,"href":"http:\/\/hoycordobaweb.com\/index.php\/wp-json\/wp\/v2\/categories?post=47114"},{"taxonomy":"post_tag","embeddable":true,"href":"http:\/\/hoycordobaweb.com\/index.php\/wp-json\/wp\/v2\/tags?post=47114"}],"curies":[{"name":"wp","href":"https:\/\/api.w.org\/{rel}","templated":true}]}}