{"id":47064,"date":"2022-08-18T21:50:00","date_gmt":"2022-08-18T21:50:00","guid":{"rendered":"http:\/\/hoycordobaweb.com\/index.php\/2022\/08\/18\/los-chicos-eligieron-a-paula-por-sobre-los-puntos\/"},"modified":"2022-08-18T21:50:00","modified_gmt":"2022-08-18T21:50:00","slug":"los-chicos-eligieron-a-paula-por-sobre-los-puntos","status":"publish","type":"post","link":"http:\/\/hoycordobaweb.com\/index.php\/2022\/08\/18\/los-chicos-eligieron-a-paula-por-sobre-los-puntos\/","title":{"rendered":"\u201cLos chicos eligieron a Paula por sobre los puntos\u201d"},"content":{"rendered":"<p><img src=\"http:\/\/hoycordobaweb.com\/wp-content\/uploads\/2022\/08\/los-chicos-eligieron-a-paula-por-sobre-los-puntos.jpg\"><\/p>\n<figure class=\"mb-3\"><img loading=\"lazy\" src=\"http:\/\/hoycordobaweb.com\/wp-content\/uploads\/2022\/08\/los-chicos-eligieron-a-paula-por-sobre-los-puntos-2.jpg\" width=\"100%\" height=\"100%\" alt=\"Los otros nenes del plantel eligieron seguir jugando con Paula Foto Club Cauelas \"><figcaption> Los otros nenes del plantel eligieron seguir jugando con Paula. Foto: Club Ca\u00f1uelas. <\/figcaption><\/figure>\n<p><strong>\u201cDespu\u00e9s del anuncio de la quita de puntos, el club dej\u00f3 la decisi\u00f3n en manos de los chicos. Ellos dijeron que ella es una m\u00e1s del equipo. La eligieron a Paula por sobre los puntos\u201d<\/strong>, cuenta Gabriela, la mam\u00e1 de la nena de 10 a\u00f1os que integra&nbsp; el equipo masculino infantil de la categor\u00eda 2012 del Club Ca\u00f1uelas. Fue despu\u00e9s de que tras jugarse 12 fechas en la n\u00famero 13 y, por protesta del rival, la Liga de Buenos Aires decidi\u00f3 quitarle los puntos al club por haberla incluido en el plantel.<\/p>\n<p>\u201cElla viene entrenando en un equipo mixto y no es la \u00fanica nena. Solo que cuando hubo que hacer el fichaje para la Liga, por condiciones f\u00edsicas y otras cuestiones, el club solo anot\u00f3 a Paula, pero tuvo que mandar sus datos y su DNI\u201d, relat\u00f3 Gabriela, la mam\u00e1 de la nena&nbsp; que entr\u00f3 en las canchas del club siguiendo los pasos de su hermano mayor Bruno.<\/p>\n<figure class=\"mb-3\"><img loading=\"lazy\" src=\"http:\/\/hoycordobaweb.com\/wp-content\/uploads\/2022\/08\/los-chicos-eligieron-a-paula-por-sobre-los-puntos-3.jpg\" width=\"100%\" height=\"100%\" alt=\"Paula una apasionada del ftbol \"><figcaption> Paula, una apasionada del f\u00fatbol. <\/figcaption><\/figure>\n<p>Gabriela record\u00f3 que, despu\u00e9s de que el equipo jug\u00f3 la fecha 13, el club cit\u00f3 a los pap\u00e1s de la categor\u00eda a una reuni\u00f3n. \u201cNo fuimos porque nos olvidamos, y despu\u00e9s los otros pap\u00e1s nos contaron que por un reclamo del equipo rival de que una nena jug\u00f3 en contra de lo que dice el reglamento, <strong>la Liga decidi\u00f3 descontar los puntos de todos los partidos en los que hab\u00eda jugado Paula\u201d<\/strong>, sintetiza la mam\u00e1 de la nena que es fan\u00e1tica de Messi y tiene en Ca\u00f1uelas a dos referentes de la primera divisi\u00f3n del femenino: Martina Iraola y Martina Cuarenta.<\/p>\n<p>La familia de Paula reconoce que el reglamento de la Liga en su art\u00edculo 12 habla de \u201cequipos de varones\u201d pero argumenta:&nbsp; \u201cCuando la inscribieron a Paula junto al resto del equipo se present\u00f3 su DNI, ficha m\u00e9dica, certificados y jam\u00e1s hubo un rechazo. En la previa de cada partido tambi\u00e9n se presenta el DNI y todos los jugadores, incluida Paula, firman una ficha. Los \u00e1rbitros, que son los que env\u00eda la Liga, siempre estuvieron al tanto de la participaci\u00f3n de ella en la cancha y nunca lo objetaron. <strong>Nunca se truch\u00f3 un DNI ni se false\u00f3 su identidad. <\/strong>Por eso es injusto que ahora salgan con este planteo\u201d. Luego explica: \u201cCon el paso de las fechas y que no hubo objeciones, el club asumi\u00f3 que el reglamento se hab\u00eda modificado\u201d.<\/p>\n<figure class=\"mb-3\"><img loading=\"lazy\" src=\"http:\/\/hoycordobaweb.com\/wp-content\/uploads\/2022\/08\/los-chicos-eligieron-a-paula-por-sobre-los-puntos-4.jpg\" width=\"100%\" height=\"100%\" alt=\"La nena en brazo de su hermano Bruno quien tambin juega en el club \"><figcaption> La nena en brazo de su hermano Bruno, quien tambi\u00e9n juega en el club. <\/figcaption><\/figure>\n<p>El desenlace de la historia, al menos por ahora, es que Ca\u00f1uelas opt\u00f3 por dejar que los chicos decidieran la conformaci\u00f3n del plantel. Previsiblemente, eligieron seguir jugando con su compa\u00f1era. \u201cMe emociona pero no me sorprende- le asegura Gabriela a T\u00e9lam- Mi hijo Bruno juega desde hace a\u00f1os y conocemos los valores que transmite el club\u00bb.<\/p>\n<blockquote class=\"instagram-media\" data-instgrm-captioned data-instgrm-permalink=\"https:\/\/www.instagram.com\/p\/ChQMQzYOte1\/?utm_source=ig_embed&amp;utm_campaign=loading\" data-instgrm-version=\"14\" readability=\"-0.21\"><\/blockquote>\n<p>El domingo <strong>Paula volvi\u00f3 a vestir la camiseta rojiblanca y el plantel sum\u00f3 a otra nena<\/strong>. \u201cChicos y padres lo tomaron como algo natural y nos hicieron sentir muy bien. No hubo insultos ni comentarios\u201d, precisa Gabriela, que es kinesi\u00f3loga.&nbsp;<\/p>\n<p>A futuro, la mujer cuenta que el club le pidi\u00f3 a la Liga que revea el reglamento. Argumentos no faltan: \u201cNo hay torneos para nenas menores de 12 a\u00f1os, ni siquiera en la AFA, y es impensable que entrenen sin poder competir. Es pedirles demasiado\u201d.&nbsp; Tambi\u00e9n solicitan la restituci\u00f3n de los puntos, para lo cual est\u00e1n llevando una \u201ctabla de posiciones paralela\u201d sumando los puntos de los partidos ganados o empatados para poder reclamarlos, y para hacerse cargo de los premios que los chicos pudiesen perderse por su actitud solidaria.<\/p>\n<div class=\"card col-md-10 offset-md-1 mb-4\">\n<h3 class=\"pt-2\">Relacionadas<\/h3>\n<\/p><\/div>\n<p>\u00abAgradecemos como familia al club, a los profesores, a los padres a la secretar\u00eda de g\u00e9nero y sobre todo, a sus compa\u00f1eros y compa\u00f1era que hayan priorizado en todo momento la inclusi\u00f3n de Paula por sobre cualquier medida. Si bien todo es muy injusto, desigual y discriminatorio, podemos visualizar un futuro de cambios. Por todas las nenas\u00bb, escribi\u00f3 la familia en respuesta a un posteo del club en Instagram.&nbsp; &nbsp; \u201cPaula est\u00e1 muy acompa\u00f1ada por sus compa\u00f1eros. Ella no deja de ir a entrenar y a jugar y el club incluso recibi\u00f3 el apoyo de otros seis clubes de la Liga en los que tambi\u00e9n juegan mujeres\u201d, sintetiza Gabriela, a la espera de que le permitan a su hija hacer lo que m\u00e1s le gusta: jugar a la pelota.<\/p>\n<figure class=\"mb-3\"><img loading=\"lazy\" src=\"http:\/\/hoycordobaweb.com\/wp-content\/uploads\/2022\/08\/los-chicos-eligieron-a-paula-por-sobre-los-puntos-5.jpg\" width=\"100%\" height=\"100%\" alt=\"Una ilustracin de Ro Ferrer en apoyo de la inclusin \"><figcaption> Una ilustraci\u00f3n de Ro Ferrer en apoyo de la inclusi\u00f3n. <\/figcaption><\/figure>\n<p> &nbsp; <\/p>\n","protected":false},"excerpt":{"rendered":"<p>Los otros nenes del plantel eligieron seguir jugando con Paula. Foto: Club Ca\u00f1uelas. \u201cDespu\u00e9s del anuncio de la quita de puntos, el club dej\u00f3 la decisi\u00f3n en manos de los chicos. Ellos dijeron que ella es una m\u00e1s del equipo. La eligieron a Paula por sobre los puntos\u201d, cuenta Gabriela, la mam\u00e1 de la nena [&hellip;]<\/p>\n","protected":false},"author":1,"featured_media":47065,"comment_status":"open","ping_status":"closed","sticky":false,"template":"","format":"standard","meta":[],"categories":[19],"tags":[],"_links":{"self":[{"href":"http:\/\/hoycordobaweb.com\/index.php\/wp-json\/wp\/v2\/posts\/47064"}],"collection":[{"href":"http:\/\/hoycordobaweb.com\/index.php\/wp-json\/wp\/v2\/posts"}],"about":[{"href":"http:\/\/hoycordobaweb.com\/index.php\/wp-json\/wp\/v2\/types\/post"}],"author":[{"embeddable":true,"href":"http:\/\/hoycordobaweb.com\/index.php\/wp-json\/wp\/v2\/users\/1"}],"replies":[{"embeddable":true,"href":"http:\/\/hoycordobaweb.com\/index.php\/wp-json\/wp\/v2\/comments?post=47064"}],"version-history":[{"count":0,"href":"http:\/\/hoycordobaweb.com\/index.php\/wp-json\/wp\/v2\/posts\/47064\/revisions"}],"wp:featuredmedia":[{"embeddable":true,"href":"http:\/\/hoycordobaweb.com\/index.php\/wp-json\/wp\/v2\/media\/47065"}],"wp:attachment":[{"href":"http:\/\/hoycordobaweb.com\/index.php\/wp-json\/wp\/v2\/media?parent=47064"}],"wp:term":[{"taxonomy":"category","embeddable":true,"href":"http:\/\/hoycordobaweb.com\/index.php\/wp-json\/wp\/v2\/categories?post=47064"},{"taxonomy":"post_tag","embeddable":true,"href":"http:\/\/hoycordobaweb.com\/index.php\/wp-json\/wp\/v2\/tags?post=47064"}],"curies":[{"name":"wp","href":"https:\/\/api.w.org\/{rel}","templated":true}]}}