{"id":47062,"date":"2022-08-18T21:58:00","date_gmt":"2022-08-18T21:58:00","guid":{"rendered":"http:\/\/hoycordobaweb.com\/index.php\/2022\/08\/18\/mujica-y-samper-llamaron-a-empoderar-la-celac-para-la-integracion-regional\/"},"modified":"2022-08-18T21:58:00","modified_gmt":"2022-08-18T21:58:00","slug":"mujica-y-samper-llamaron-a-empoderar-la-celac-para-la-integracion-regional","status":"publish","type":"post","link":"http:\/\/hoycordobaweb.com\/index.php\/2022\/08\/18\/mujica-y-samper-llamaron-a-empoderar-la-celac-para-la-integracion-regional\/","title":{"rendered":"Mujica y Samper llamaron a \u00abempoderar\u00bb la Celac para la integraci\u00f3n regional"},"content":{"rendered":"<p><img src=\"http:\/\/hoycordobaweb.com\/wp-content\/uploads\/2022\/08\/mujica-y-samper-llamaron-a-empoderar-la-celac-para-la-integracion-regional.jpg\"><\/p>\n<figure class=\"mb-3\"><img loading=\"lazy\" src=\"http:\/\/hoycordobaweb.com\/wp-content\/uploads\/2022\/08\/mujica-y-samper-llamaron-a-empoderar-la-celac-para-la-integracion-regional-2.jpg\" width=\"100%\" height=\"100%\" alt=\"En el encuentro se llam a fortalecer la Celac Foto Florencia Downes\"><figcaption> En el encuentro se llam\u00f3 a fortalecer la Celac. Foto: Florencia Downes <\/figcaption><\/figure>\n<p>El expresidente uruguayo Jos\u00e9 \u201cPepe\u201d Mujica y el colombiano Ernesto Samper destacaron este jueves la necesidad de \u00abempoderar\u00bb e \u00abinstitucionalizar\u00bb la Comunidad de Estados Latinoamericanos y Caribe\u00f1os (Celac) en un encuentro en Buenos Aires de dicho organismo, que estimaron debe crear m\u00e1s \u201cm\u00fasculo\u201d para ser la principal instancia de integraci\u00f3n regional.<\/p>\n<p><strong>\u201cEsta es una batalla muy larga, no hay ninguna integraci\u00f3n a la vuelta de la esquina, supone un cambio cultural, entre otras cosas, de los latinoamericanos\u201d, asegur\u00f3 Mujica<\/strong> durante el encuentro en el Centro Cultural Kirchner (CCK) organizado por la presidencia pro t\u00e9mpore a cargo de Argentina.<\/p>\n<p>Pidi\u00f3 que la integraci\u00f3n no sea un tema de las dirigencias, sino que \u00e9stas hablen con \u201clos pueblos en las calles\u201d, porque las masas \u201cno ligan intelectualmente el fen\u00f3meno de sus intereses con una pol\u00edtica defensiva de integraci\u00f3n\u201d.<\/p>\n<p>Mujica consider\u00f3 que esto no va en contra de la independencia de los pa\u00edses, sino que \u201c<strong>es por la independencia\u201d y \u201ces una causa de ser o no ser\u201d, y apunt\u00f3: \u201cSi nos atomizamos (&#8230;) lo \u00fanico que vamos a hacer es pulverizarnos\u201d.<\/strong><\/p>\n<p><strong>Pidi\u00f3 institucionalizar la Celac,<\/strong> pero dijo que esta debe crear mecanismos flexibles para \u201csalir y volver\u201d, porque hay que recordar \u201cque los gobiernos son de corto plazo\u201d y que por m\u00e1s sue\u00f1os de integraci\u00f3n que tengan, terminan absorbidos en las necesidades locales, mientras que \u201clo estrat\u00e9gico, de largo plazo, va quedando de lado\u201d.<\/p>\n<p><strong>Ambos mandatarios disertaron en el panel Panel Am\u00e9rica Latina y el Caribe, diversidades y consensos para la integraci\u00f3n, del seminario internacional sobre \u00abEl futuro de la integraci\u00f3n: Unidad en la Diversidad\u00bb<\/strong>, organizado por Celac en conjunto con el Banco de Desarrollo de Am\u00e9rica Latina (CAF).<\/p>\n<figure class=\"mb-3\"><img loading=\"lazy\" src=\"http:\/\/hoycordobaweb.com\/wp-content\/uploads\/2022\/08\/mujica-y-samper-llamaron-a-empoderar-la-celac-para-la-integracion-regional-3.jpg\" width=\"100%\" height=\"100%\" alt=\"Mujica saluda a la legisladora mexicana Beatriz Paredes Foto Florencia Downes\"><figcaption> Mujica saluda a la legisladora mexicana Beatriz Paredes. Foto: Florencia Downes <\/figcaption><\/figure>\n<p><br open> A su turno, <strong>Samper remarc\u00f3 la \u201cincapacidad de los mecanismos multilaterales de parar las amenazas\u201d actuales y enfatiz\u00f3 en la necesidad de \u201ccambiar el sistema\u201d.<\/strong><\/p>\n<p><strong>\u201cTendr\u00e1 que ser un sistema m\u00e1s din\u00e1mico conformado por bloques, vamos a un sistema multilateral por bloques, el europeo, el asi\u00e1tico, el africano, pero el latinoamericano no est\u00e1, porque hoy no estamos unificados como bloque\u201d<\/strong>, consider\u00f3.<\/p>\n<p>Adelant\u00f3 que los asistentes elaboraron tres documentos sobre la integraci\u00f3n y pidi\u00f3 centrarse en el fortalecimiento de la <strong>Celac, que hoy es el \u00fanico organismo en el que participan m\u00e1s de 30 pa\u00edses de la regi\u00f3n.<\/strong><\/p>\n<p>Por eso, estim\u00f3 que la Celac debe ser un \u201corganismo sombrilla\u201d o \u201cc\u00fapula\u201d y asegur\u00f3: <strong>\u201cNecesitamos una Celac m\u00e1s empoderada\u201d.<\/strong><\/p>\n<p><strong>Samper dijo que este organismo debe tener apoyo t\u00e9cnico y financiamiento propio, es decir, debe tener \u201cm\u00fasculo para asumir las responsabilidades que tiene que asumir\u201d.<\/strong><\/p>\n<p>Finalmente, descart\u00f3 los acuerdos de libre comercio como un mecanismo de integraci\u00f3n y llam\u00f3 a no multiplicar las instancias regionales.<\/p>\n<p><strong>En el panel, moderado por el canciller argentino Santiago Cafiero, expusieron tambi\u00e9n el excanciller brasile\u00f1o Celso Amorim (virtual), la senadora mexicana Beatriz Paredes (Partido Revolucionario Institucional-PRI), y el director general de la Organizaci\u00f3n de Estados del Caribe Oriental (OECO), Didacus Jules.<\/strong><\/p>\n<figure class=\"mb-3\"><img loading=\"lazy\" src=\"http:\/\/hoycordobaweb.com\/wp-content\/uploads\/2022\/08\/mujica-y-samper-llamaron-a-empoderar-la-celac-para-la-integracion-regional-4.jpg\" width=\"100%\" height=\"100%\" alt=\"Samper y Mujica visitaron a Alberto Fernndez Foto Presidencia\"><figcaption> Samper y Mujica visitaron a Alberto Fern\u00e1ndez. Foto: Presidencia <\/figcaption><\/figure>\n<p><br open><strong>\u201cEl mundo es mucho m\u00e1s complejo y peligroso que el que se dibujaba en la primera d\u00e9cada del a\u00f1o 2000\u201d, dijo Amorim<\/strong>, en referencia a las distintas \u201camenazas\u201d que vive el planeta y entre las mencion\u00f3 a la pandemia, el cambio clim\u00e1tico y la desigualdad.<\/p>\n<p><strong>Agreg\u00f3 que la guerra en Ucrania \u201ces una amenaza real para la humanidad\u201d <\/strong>y, por eso, estim\u00f3 que Celac pueda contribuir con su vocaci\u00f3n de paz.<\/p>\n<p>Respecto a la integraci\u00f3n, asegur\u00f3 que es necesario \u201ccomprender que tiene que ser en m\u00e1s de una velocidad\u201d y que \u201calgunas cosas se pueden hacer en el Mercosur, otras que no\u201d, al igual que en otras instituciones regionales.<\/p>\n<p>El excanciller, quien estuvo presente en forma virtual desde Brasil, agreg\u00f3 que el presidente de su pa\u00eds, Jair \u201cBolsonaro, no habla con nadie\u201d, para despejar especulaciones sobre su trato bilateral con Argentina.<\/p>\n<p><strong>Jules, por su parte, valor\u00f3 el rol de la regi\u00f3n y pidi\u00f3 \u201cdarle un m\u00fasculo m\u00e1s fuerte a la Celac<\/strong>\u201d, reconociendo la diversidad de Latinoam\u00e9rica.<\/p>\n<p>A su turno, <strong>Paredes pidi\u00f3 \u201csimplificar mecanismos migratorios\u201d<\/strong>, propuso un programa de becarios latinoamericanos que recoja la experiencia del programa Erasmus de la Uni\u00f3n Europea, integrar las cadenas productivas y de infraestructura, adem\u00e1s de no olvidar a Hait\u00ed. <\/p>\n","protected":false},"excerpt":{"rendered":"<p>En el encuentro se llam\u00f3 a fortalecer la Celac. Foto: Florencia Downes El expresidente uruguayo Jos\u00e9 \u201cPepe\u201d Mujica y el colombiano Ernesto Samper destacaron este jueves la necesidad de \u00abempoderar\u00bb e \u00abinstitucionalizar\u00bb la Comunidad de Estados Latinoamericanos y Caribe\u00f1os (Celac) en un encuentro en Buenos Aires de dicho organismo, que estimaron debe crear m\u00e1s \u201cm\u00fasculo\u201d [&hellip;]<\/p>\n","protected":false},"author":1,"featured_media":47063,"comment_status":"open","ping_status":"closed","sticky":false,"template":"","format":"standard","meta":[],"categories":[19],"tags":[],"_links":{"self":[{"href":"http:\/\/hoycordobaweb.com\/index.php\/wp-json\/wp\/v2\/posts\/47062"}],"collection":[{"href":"http:\/\/hoycordobaweb.com\/index.php\/wp-json\/wp\/v2\/posts"}],"about":[{"href":"http:\/\/hoycordobaweb.com\/index.php\/wp-json\/wp\/v2\/types\/post"}],"author":[{"embeddable":true,"href":"http:\/\/hoycordobaweb.com\/index.php\/wp-json\/wp\/v2\/users\/1"}],"replies":[{"embeddable":true,"href":"http:\/\/hoycordobaweb.com\/index.php\/wp-json\/wp\/v2\/comments?post=47062"}],"version-history":[{"count":0,"href":"http:\/\/hoycordobaweb.com\/index.php\/wp-json\/wp\/v2\/posts\/47062\/revisions"}],"wp:featuredmedia":[{"embeddable":true,"href":"http:\/\/hoycordobaweb.com\/index.php\/wp-json\/wp\/v2\/media\/47063"}],"wp:attachment":[{"href":"http:\/\/hoycordobaweb.com\/index.php\/wp-json\/wp\/v2\/media?parent=47062"}],"wp:term":[{"taxonomy":"category","embeddable":true,"href":"http:\/\/hoycordobaweb.com\/index.php\/wp-json\/wp\/v2\/categories?post=47062"},{"taxonomy":"post_tag","embeddable":true,"href":"http:\/\/hoycordobaweb.com\/index.php\/wp-json\/wp\/v2\/tags?post=47062"}],"curies":[{"name":"wp","href":"https:\/\/api.w.org\/{rel}","templated":true}]}}