{"id":47054,"date":"2022-08-18T11:37:46","date_gmt":"2022-08-18T11:37:46","guid":{"rendered":"https:\/\/www.mujerhoy.com\/moda\/no-te-pierdas\/chaqueta-sfera-tweed-copia-barata-chanel-imita-lujo-look-oficina-otono-20220818133729-nt.html"},"modified":"2022-08-18T11:37:46","modified_gmt":"2022-08-18T11:37:46","slug":"esta-chaqueta-de-sfera-que-parece-de-lujo-es-perfecta-para-la-vuelta-a-la-oficina-con-un-look-de-diez","status":"publish","type":"post","link":"http:\/\/hoycordobaweb.com\/index.php\/2022\/08\/18\/esta-chaqueta-de-sfera-que-parece-de-lujo-es-perfecta-para-la-vuelta-a-la-oficina-con-un-look-de-diez\/","title":{"rendered":"Esta chaqueta de Sfera que parece de lujo es perfecta para la vuelta a la oficina con un look de diez"},"content":{"rendered":"<p><!-- AUTHOR --><!-- COMPONENTS --><\/p>\n<p class=\"voc-paragraph\">Es hora de que comenzar a preparar el armario para la pr\u00f3xima temporada. Da igual que todav\u00eda queden d\u00edas de verano por disfrutar, hay que empezar a fichar las prendas que llevaremos en <strong>oto\u00f1o <\/strong>y, adem\u00e1s de la tendencia de <a data-voc-vtm-id=\"in-text-traffic\" href=\"https:\/\/www.mujerhoy.com\/moda\/tendencias\/botas-botines-zara-hym-magno-rebajas-calzado-comodo-otono-20220816134711-ga.html\">las botas que hemos encontrado en las rebajas<\/a>, es esencial de una buena <strong>chaqueta<\/strong>. Y su la gabardina te parece una opci\u00f3n aburrida, atenta a la propuesta de <strong>Sfera<\/strong>.\n<\/p>\n<p class=\"voc-paragraph\">Las novedades de Sfera gritan oto\u00f1o a los cuatro vientos. La firma low cost ha dicho adi\u00f3s al verano y ha dado paso a un sinf\u00edn de <strong>propuestas para la nueva temporada <\/strong>que nos dejan algunas pistas de lo que se va a llevar en los pr\u00f3ximos meses.\n<\/p>\n<p class=\"voc-paragraph\">Una nueva colecci\u00f3n en la que hemos podido fichar prendas ideales para arrancar la vuelta a la rutina con m\u00e1s \u00e1nimo y entre nuestras favoritas est\u00e1 una chaqueta que lo tiene todo para triunfar: ponible, pega con todo, barata, parece de lujo&#8230;\n<\/p>\n<div class=\"voc-detail__cmp\">\n<div class=\"voc-article-container\">\n<article class=\"voc-article voc-article--cmp-photo-text\" readability=\"26\">\n<div class=\"voc-img-container\" readability=\"7\"><picture>\n<div class=\"voc-horizontal voc-img-icon-link\"><img class=\"lazy\" loading=\"lazy\" data-original=\"\/\/static.mujerhoy.com\/www\/multimedia\/202208\/17\/media\/cortadas\/chaqueta-sfera-nueva-coleccion-kaHH--624x624@MujerHoy.jpg\" alt=\"La chaqueta de Sfera queda ideal con prendas b\u00e1sicas.\"><\/div>\n<\/picture>\n<p class=\"figure-caption \"> La chaqueta de Sfera queda ideal con prendas b\u00e1sicas. <span class=\"voc-photo-author\"><\/span><\/p>\n<\/div>\n<\/article>\n<\/div>\n<\/div>\n<p class=\"voc-paragraph\">Se trata de <strong>una chaqueta que recuerda much\u00edsimo a la ic\u00f3nica de Chanel<\/strong>, uno de los emblemas de la maison francesa y una de elementos m\u00e1s importantes en la liberaci\u00f3n del armario femenino. Una prenda que, a lo largo de los a\u00f1os, han lucido diferentes rostros conocidos como Grace Kelly y que a d\u00eda de hoy sigue siendo todo un \u00e9xito.\n<\/p>\n<p class=\"voc-paragraph\">\u00abEn la moda hay cosas que nunca pasan de moda: el vaquero, la camisa blanca y la chaqueta de Chanel\u00bb, dec\u00eda Karl Lagerfeld, el que fue director creativo de la firma. Y no se equivocaba, es un &#8216;must have&#8217; que much\u00edsimas marcas han versionado y que hoy <strong>puedes comprar en Sfera con un modelo low cost ideal<\/strong>.\n<\/p>\n<div class=\"voc-detail__cmp\">\n<div class=\"voc-article-container\">\n<article class=\"voc-article voc-article--cmp-photo-text\" readability=\"26\">\n<div class=\"voc-img-container\" readability=\"7\"><picture>\n<div class=\"voc-horizontal voc-img-icon-link\"><img class=\"lazy\" loading=\"lazy\" data-original=\"\/\/static2.mujerhoy.com\/www\/multimedia\/202208\/17\/media\/cortadas\/chaqueta-tweed-sfera-kaHH--624x624@MujerHoy.jpg\" alt=\"La chaqueta de Sfera azul marina con detalles en beige.\"><\/div>\n<\/picture>\n<p class=\"figure-caption \"> La chaqueta de Sfera azul marina con detalles en beige. <span class=\"voc-photo-author\"><\/span><\/p>\n<\/div>\n<\/article>\n<\/div>\n<\/div>\n<p class=\"voc-paragraph\">Se trata de un<br \/>\n<strong> modelo de tweed con cuello redondo y manga tres cuartos <\/strong>que tiene ese dise\u00f1o corto que queda por encima de la cadera y el doble bolsillo, adem\u00e1s de los remates a contraste, detalles que hacen que sea una chaqueta que recuerda mucho a la de la maison francesa.\n<\/p>\n<p class=\"voc-paragraph\">Este dise\u00f1o que propone Sfera est\u00e1 protagonizado por el<br \/>\n<strong> color azul marino y tiene detalles en beige<\/strong> y en azul m\u00e1s claro, unos tonos muy ponibles y que puedes combinar con casi todo. A\u00f1\u00e1dela a unos vaqueros o cualquier pantal\u00f3n de pinzas y&#8230; \u00a1Triunfar\u00e1s!\n<\/p>\n<p class=\"voc-paragraph\">Y lo mejor de todo es que puedes hacerte con ella por tan solo <strong>29,99 euros<\/strong>. Un precio de lo m\u00e1s asequible que ser\u00e1 tu aliado perfecto para el regreso a la oficina en los d\u00edas m\u00e1s frescos y que tambi\u00e9n puedes incluir en estilismos m\u00e1s casual cuando quieras aportar un toque m\u00e1s elegante y sofisticado.\n<\/p>\n<p class=\"voc-paragraph\">Eso s\u00ed, si te ha gustado tienes que darte prisa para hacerte con ella porque se est\u00e1 agotando. La chaqueta ha salido a la venta en la talla S, M y L y estas dos \u00faltimas ya <strong>no se encuentran disponibles<\/strong> en la web. Eso s\u00ed, al ser de nueva colecci\u00f3n es posible que puedas ficharlas en tienda f\u00edsica. \u00a1Que no se te escape!\n<\/p>\n<p><!-- TOPICS --><\/p>\n","protected":false},"excerpt":{"rendered":"<p>Es hora de que comenzar a preparar el armario para la pr\u00f3xima temporada. Da igual que todav\u00eda queden d\u00edas de verano por disfrutar, hay que empezar a fichar las prendas que llevaremos en oto\u00f1o y, adem\u00e1s de la tendencia de las botas que hemos encontrado en las rebajas, es esencial de una buena chaqueta. Y [&hellip;]<\/p>\n","protected":false},"author":1,"featured_media":47055,"comment_status":"closed","ping_status":"closed","sticky":false,"template":"","format":"standard","meta":[],"categories":[1],"tags":[],"_links":{"self":[{"href":"http:\/\/hoycordobaweb.com\/index.php\/wp-json\/wp\/v2\/posts\/47054"}],"collection":[{"href":"http:\/\/hoycordobaweb.com\/index.php\/wp-json\/wp\/v2\/posts"}],"about":[{"href":"http:\/\/hoycordobaweb.com\/index.php\/wp-json\/wp\/v2\/types\/post"}],"author":[{"embeddable":true,"href":"http:\/\/hoycordobaweb.com\/index.php\/wp-json\/wp\/v2\/users\/1"}],"replies":[{"embeddable":true,"href":"http:\/\/hoycordobaweb.com\/index.php\/wp-json\/wp\/v2\/comments?post=47054"}],"version-history":[{"count":0,"href":"http:\/\/hoycordobaweb.com\/index.php\/wp-json\/wp\/v2\/posts\/47054\/revisions"}],"wp:featuredmedia":[{"embeddable":true,"href":"http:\/\/hoycordobaweb.com\/index.php\/wp-json\/wp\/v2\/media\/47055"}],"wp:attachment":[{"href":"http:\/\/hoycordobaweb.com\/index.php\/wp-json\/wp\/v2\/media?parent=47054"}],"wp:term":[{"taxonomy":"category","embeddable":true,"href":"http:\/\/hoycordobaweb.com\/index.php\/wp-json\/wp\/v2\/categories?post=47054"},{"taxonomy":"post_tag","embeddable":true,"href":"http:\/\/hoycordobaweb.com\/index.php\/wp-json\/wp\/v2\/tags?post=47054"}],"curies":[{"name":"wp","href":"https:\/\/api.w.org\/{rel}","templated":true}]}}