{"id":47046,"date":"2022-08-18T17:15:12","date_gmt":"2022-08-18T17:15:12","guid":{"rendered":"https:\/\/www.ole.com.ar\/futbol-internacional\/gio-moreno-posibles-destinos-colombia_0_6slANtruwu.html"},"modified":"2022-08-18T17:15:12","modified_gmt":"2022-08-18T17:15:12","slug":"los-posibles-destinos-de-gio-moreno","status":"publish","type":"post","link":"http:\/\/hoycordobaweb.com\/index.php\/2022\/08\/18\/los-posibles-destinos-de-gio-moreno\/","title":{"rendered":"Los posibles destinos de Gio Moreno"},"content":{"rendered":"<p><img src=\"http:\/\/hoycordobaweb.com\/wp-content\/uploads\/2022\/08\/los-posibles-destinos-de-gio-moreno.jpg\"><\/p>\n<p><strong>Giovanni Moreno todav\u00eda est\u00e1 sin club. <\/strong>Luego de su conflictiva salida de <a alt=\"atletico-nacional\" class=\"slug\" href=\"https:\/\/www.ole.com.ar\/tema\/atletico-nacional.html\" target=\"_blank\" title=\"atletico-nacional\" rel=\"noopener noreferrer\">Atl\u00e9tico Nacional<\/a>, el volante de 36 a\u00f1os contin\u00faa sin una definici\u00f3n sobre su futuro y en Colombia le encuentran y borran pretendientes todos los d\u00edas. Este mi\u00e9rcoles, <strong>se empez\u00f3 a rumorear una inminente llegada a Once Caldas, pero el club tuvo que salir a desmentir el supuesto inter\u00e9s y su pr\u00f3ximo destino en una inc\u00f3gnita.<\/strong><\/p>\n<p>En problemas con la directiva del Verde, el creativo mediocampista sali\u00f3 en condici\u00f3n de jugador libre hace unos d\u00edas y tiene en sus manos la decisi\u00f3n de d\u00f3nde seguir con su carrera. Al principio, <strong>se filtr\u00f3 una posible vuelta al club de sus amores, Envigado, pero la situaci\u00f3n se diluy\u00f3 y la novela contin\u00faa.<\/strong><\/p>\n<div class=\"sp__Normal\">\n<div class=\"image-embeb image-trigger\" readability=\"6\">\n<picture><source media=\"(min-width: 720px)\" srcset=\"http:\/\/hoycordobaweb.com\/wp-content\/uploads\/2022\/08\/los-posibles-destinos-de-gio-moreno-2.jpg\"><img itemprop=\"image\" src=\"http:\/\/hoycordobaweb.com\/wp-content\/uploads\/2022\/08\/los-posibles-destinos-de-gio-moreno-2.jpg\" loading=\"lazy\" alt=\"Tuvo un paso expr\u00e9s por Nacional.\">\n<\/picture><figcaption readability=\"2\">\n<p>Tuvo un paso expr\u00e9s por Nacional.\n<\/p>\n<\/figcaption><\/div>\n<\/div>\n<div class=\"sp__SM\">\n<div class=\"content-new \">\n<span class=\"tit-mobile\">Mir\u00e1 tambi\u00e9n<\/span><\/p>\n<div class=\"mg\">\n<div class=\"wrap-figure\">\n<picture>\n<a href=\"https:\/\/www.ole.com.ar\/futbol-internacional\/america\/tecatito-corona-lesion-seleccion-mexico-perone-ligamentos-tobillo-sevilla_0_LChPWJNbRQ.html\" target=\"_self\" rel=\"noopener noreferrer\"><br \/>\n<img class=\"img-responsive\" alt=\"La figura de M\u00e9xico que sufri\u00f3 una importante lesi\u00f3n y se pierde el Mundial\" src=\"http:\/\/hoycordobaweb.com\/wp-content\/uploads\/2022\/08\/los-posibles-destinos-de-gio-moreno-3.jpg\" loading=\"lazy\"><br \/>\n<\/a>\n<\/picture>\n<\/div>\n<\/div><\/div>\n<\/div>\n<p>En Envigado, Moreno estuvo poco tiempo: jug\u00f3 desde su debut profesional en 2006 hasta 2008, a\u00f1o en el que pas\u00f3 a Atl\u00e9tico Nacional. Por el equipo de Medell\u00edn tuvo un \u00faltimo y fugaz paso este 2022, teniendo que irse por diferencias con los directivos, que no le renovaron el contrato.<\/p>\n<h2><strong>SE BAJ\u00d3 UN PRETENDIENTE<\/strong><\/h2>\n<p>Ahora, esta semana, se anunci\u00f3 que llegar\u00eda a Once Caldas de forma inmediata. <strong>\u00abConsultadas varias fuentes sobre el tema Gio Moreno a esta hora est\u00e1 m\u00e1s cerca de llegar al Once Caldas que a Independientemente Medell\u00edn o Junior de Barranquilla. \u00c9l volante ser\u00eda anunciado antes de las 6:00 p.m del viernes que s\u00e9 cierra el libro de pases para jugadores libres<\/strong>\u00ab, confirm\u00f3 el periodista Luis Hernao Montoya.<\/p>\n<div class=\"sp__Normal htmlLibre\">\n<div class=\"embed-responsive-c\" readability=\"6.6575342465753\">\n<blockquote class=\"twitter-tweet\" readability=\"7.1013698630137\">\n<p lang=\"es\" dir=\"ltr\">Consultadas varias fuentes sobre el tema Gio Moreno a esta hora est\u00e1 m\u00e1s cerca de llegar al Once Caldas que a Independientemente Medell\u00edn o Junior de Barranquilla. \u00c9l volante ser\u00eda anunciado antes de las 6:00 p.m del viernes que s\u00e9 cierra el libro de pases para jugadores libres. <a href=\"https:\/\/t.co\/Z9ssBQ3d23\">pic.twitter.com\/Z9ssBQ3d23<\/a><\/p>\n<p>\u2014 Luis Henao Montoya (@LuisHenao_M) <a href=\"https:\/\/twitter.com\/LuisHenao_M\/status\/1559949056201441281?ref_src=twsrc%5Etfw\">August 17, 2022<\/a><\/p><\/blockquote><\/div>\n<\/div>\n<div class=\"sp__SM\">\n<div class=\"content-new \">\n<span class=\"tit-mobile\">Mir\u00e1 tambi\u00e9n<\/span><\/p>\n<div class=\"mg\">\n<div class=\"wrap-figure\">\n<picture>\n<a href=\"https:\/\/www.ole.com.ar\/futbol-internacional\/america\/germano-cano-fluminense-gol_0_VCMXfIfIUh.html\" target=\"_self\" rel=\"noopener noreferrer\"><br \/>\n<img class=\"img-responsive\" alt=\"Germ\u00e1n Cano, on fire: volvi\u00f3 a meterla y lleva cinco en seis partidos\" src=\"http:\/\/hoycordobaweb.com\/wp-content\/uploads\/2022\/08\/los-posibles-destinos-de-gio-moreno-4.jpg\" loading=\"lazy\"><br \/>\n<\/a>\n<\/picture>\n<\/div>\n<\/div><\/div>\n<\/div>\n<p>Sin embargo, el club en cuesti\u00f3n emiti\u00f3 un comunicado aclarando todo. <strong>\u00abOnce Caldas se permite informar a la opini\u00f3n p\u00fablica que no hemos establecido contacto con el jugador Giovanni Moreno, ni con su empresario para concretar alguna negociaci\u00f3n. Desmentimos todas las noticias<\/strong> que circulan en redes sociales y medios de comunicaci\u00f3n sobre su posible vinculaci\u00f3n a nuestro equipo\u00bb, reza el escrito.<\/p>\n<p>Adem\u00e1s, aprovecharon la misma publicaci\u00f3n para comunicar sobre una estafa a nombre del Blanco Blanco: \u00abPor otro lado, informamos que hemos tenido conocimiento sobre una modalidad de estafa en la cual personas inescrupulosas y a trav\u00e9s de redes sociales est\u00e1n utilizando el buen nombre de la instituci\u00f3n, sin ninguna autorizaci\u00f3n, para solicitar consignaciones de dinero a trav\u00e9s de la plataforma Nequi a cambio de obtener acceso de por vida para asistir al estadio\u00bb.<\/p>\n<div class=\"sp__SM\">\n<div class=\"content-new no-img\">\n<span class=\"tit-mobile\">Mir\u00e1 tambi\u00e9n<\/span> <\/div>\n<\/div>\n<h2><strong>LOS POSIBLES DESTINOS<\/strong><\/h2>\n<p><strong>\u200b<\/strong>Borrada la posibilidad de Once Caldas, <strong>\u00c1guilas de Rionegro habr\u00eda tomado la iniciativa al contactar a Gio para sumarlo<\/strong> junto a Orlando Berrio, otro ex Nacional, seg\u00fan revel\u00f3&nbsp;Revista Semana. Igualmente,<strong> las posibilidades de Deportivo Cali, Junior,&nbsp;Independiente Medell\u00edn y Envigado todav\u00eda no se apagaron del todo.<\/strong> \u00bfCu\u00e1l ser\u00e1 su pr\u00f3ximo destino del crack de 35 a\u00f1os?<\/p>\n<div class=\"sp__SM\">\n<div class=\"content-new \">\n<span class=\"tit-mobile\">Mir\u00e1 tambi\u00e9n<\/span><\/p>\n<div class=\"mg\">\n<div class=\"wrap-figure\">\n<picture>\n<a href=\"https:\/\/www.ole.com.ar\/poli\/quintana-doping-tour-francia-ciclismo_0_4W7YK6p7vp.html\" target=\"_self\" rel=\"noopener noreferrer\"><br \/>\n<img class=\"img-responsive\" alt=\"Importante ciclista qued\u00f3 afuera del Tour de Francia por doping\" src=\"http:\/\/hoycordobaweb.com\/wp-content\/uploads\/2022\/08\/los-posibles-destinos-de-gio-moreno-5.jpg\" loading=\"lazy\"><br \/>\n<\/a>\n<\/picture>\n<\/div>\n<\/div><\/div>\n<\/div>\n<div class=\"entry-tags\">\n<h2>TEMAS QUE APARECEN EN ESTA NOTA<\/h2>\n<\/p><\/div>\n","protected":false},"excerpt":{"rendered":"<p>Giovanni Moreno todav\u00eda est\u00e1 sin club. Luego de su conflictiva salida de Atl\u00e9tico Nacional, el volante de 36 a\u00f1os contin\u00faa sin una definici\u00f3n sobre su futuro y en Colombia le encuentran y borran pretendientes todos los d\u00edas. Este mi\u00e9rcoles, se empez\u00f3 a rumorear una inminente llegada a Once Caldas, pero el club tuvo que salir [&hellip;]<\/p>\n","protected":false},"author":1,"featured_media":47047,"comment_status":"open","ping_status":"closed","sticky":false,"template":"","format":"standard","meta":[],"categories":[16],"tags":[],"_links":{"self":[{"href":"http:\/\/hoycordobaweb.com\/index.php\/wp-json\/wp\/v2\/posts\/47046"}],"collection":[{"href":"http:\/\/hoycordobaweb.com\/index.php\/wp-json\/wp\/v2\/posts"}],"about":[{"href":"http:\/\/hoycordobaweb.com\/index.php\/wp-json\/wp\/v2\/types\/post"}],"author":[{"embeddable":true,"href":"http:\/\/hoycordobaweb.com\/index.php\/wp-json\/wp\/v2\/users\/1"}],"replies":[{"embeddable":true,"href":"http:\/\/hoycordobaweb.com\/index.php\/wp-json\/wp\/v2\/comments?post=47046"}],"version-history":[{"count":0,"href":"http:\/\/hoycordobaweb.com\/index.php\/wp-json\/wp\/v2\/posts\/47046\/revisions"}],"wp:featuredmedia":[{"embeddable":true,"href":"http:\/\/hoycordobaweb.com\/index.php\/wp-json\/wp\/v2\/media\/47047"}],"wp:attachment":[{"href":"http:\/\/hoycordobaweb.com\/index.php\/wp-json\/wp\/v2\/media?parent=47046"}],"wp:term":[{"taxonomy":"category","embeddable":true,"href":"http:\/\/hoycordobaweb.com\/index.php\/wp-json\/wp\/v2\/categories?post=47046"},{"taxonomy":"post_tag","embeddable":true,"href":"http:\/\/hoycordobaweb.com\/index.php\/wp-json\/wp\/v2\/tags?post=47046"}],"curies":[{"name":"wp","href":"https:\/\/api.w.org\/{rel}","templated":true}]}}