{"id":47036,"date":"2022-08-18T21:02:29","date_gmt":"2022-08-18T21:02:29","guid":{"rendered":"https:\/\/www.ole.com.ar\/talleres\/talleres-patronato-liga-copa-descenso_0_NCntMsuWIt.html"},"modified":"2022-08-18T21:02:29","modified_gmt":"2022-08-18T21:02:29","slug":"talleres-busca-entrar-a-una-copa-y-patronato-aumentar-el-promedio","status":"publish","type":"post","link":"http:\/\/hoycordobaweb.com\/index.php\/2022\/08\/18\/talleres-busca-entrar-a-una-copa-y-patronato-aumentar-el-promedio\/","title":{"rendered":"Talleres busca entrar a una copa y Patronato, aumentar el promedio"},"content":{"rendered":"<p><img src=\"http:\/\/hoycordobaweb.com\/wp-content\/uploads\/2022\/08\/talleres-busca-entrar-a-una-copa-y-patronato-aumentar-el-promedio.jpg\"><\/p>\n<p>Si bien el sue\u00f1o de la Copa Libertadores se termin\u00f3 para <strong><a alt=\"talleres-de-cordoba\" class=\"slug\" href=\"https:\/\/www.ole.com.ar\/tema\/talleres-de-cordoba.html\" target=\"_blank\" title=\"talleres-de-cordoba\" rel=\"noopener noreferrer\">Talleres<\/a><\/strong> en los cuartos de final de la edici\u00f3n 2022, con la derrota frente a V\u00e9lez, <strong>el equipo cordob\u00e9s<\/strong> ahora<strong> se motiva con la posibilidad de lograr la clasificaci\u00f3n para un torneo internacional en 2023<\/strong>. Y <strong>este jueves contra <a alt=\"patronato\" class=\"slug\" href=\"https:\/\/www.ole.com.ar\/tema\/patronato.html\" target=\"_blank\" title=\"patronato\" rel=\"noopener noreferrer\">Patronato<\/a>, desde las 19 en el estadio Mario Alberto Kempes<\/strong>, comenzar\u00e1 con la carrera hacia ese objetivo que por el momento es lejano, ya que en la tabla anual est\u00e1 a 26 puntos de Gimnasia, el \u00faltimo equipo en zona de Libertadores hoy, y a 20 unidades de Newell&#8217;s, que ocupa la \u00faltima plaza para la Sudamericana. <strong>En cambio, el Patr\u00f3n tiene una urgencia mucho m\u00e1s preocupante, porque est\u00e1 en zona de descenso<\/strong> y tiene que empezar a sumar de a tres para aumentar el promedio.<\/p>\n<p>El partido ser\u00e1 dirigido por el \u00e1rbitro Nicol\u00e1s Ram\u00edrez y televisado por TNT Sports, aunque tambi\u00e9n lo pod\u00e9s seguir en vivo a trav\u00e9s del minuto a minuto de Ol\u00e9.<\/p>\n<div class=\"sp__SM\">\n<div class=\"content-new \">\n<span class=\"tit-mobile\">Mir\u00e1 tambi\u00e9n<\/span><\/p>\n<div class=\"mg\">\n<div class=\"wrap-figure\">\n<picture>\n<a href=\"https:\/\/www.ole.com.ar\/agenda-deportiva\/agenda-tv-fin-semana-boca-river-psg_0_LTW7eSuGQD.html\" target=\"_self\" rel=\"noopener noreferrer\"><br \/>\n<img class=\"img-responsive\" alt=\"La agenda del fin de semana: Boca, River, PSG, Premier League y mucho m\u00e1s\" src=\"http:\/\/hoycordobaweb.com\/wp-content\/uploads\/2022\/08\/talleres-busca-entrar-a-una-copa-y-patronato-aumentar-el-promedio-2.jpg\" loading=\"lazy\"><br \/>\n<\/a>\n<\/picture>\n<\/div>\n<\/div><\/div>\n<\/div>\n<h2><strong>Las posibles formaciones<\/strong><\/h2>\n<p><strong>Talleres:\u200b <\/strong>Guido Herrera; Gast\u00f3n Benav\u00eddez, Mat\u00edas Catal\u00e1n, Lucas Su\u00e1rez y Enzo D\u00edaz; Rodrigo Villagra, Christian Oliva y Rodrigo Garro; Diego Valoyes, Mat\u00edas Godoy y Michael Santos. DT: Pedro Caixinha.<\/p>\n<p><strong>Patronato<\/strong>:&nbsp;Facundo&nbsp;Altamirano; Ra\u00fal&nbsp;Lozano, Juan Cruz&nbsp;Guasone, Sergio&nbsp;Ojeda&nbsp;y Lucas&nbsp;Kruspzky; Jon\u00e1s&nbsp;Acevedo, Nicol\u00e1s&nbsp;Castro, Franco&nbsp;Leys&nbsp;y Sebasti\u00e1n&nbsp;Medina; Axel&nbsp;Rodr\u00edguez&nbsp;y Alexander&nbsp;Sosa.&nbsp;DT:&nbsp;Facundo&nbsp;Sava.<\/p>\n<p><opta-widget sport=\"football\" widget=\"timeline\" competition=\"724\" season=\"2022\" match=\"2287323\" template=\"normal\" live=\"true\" orientation=\"horizontal\" vertical_timebar_height=\"260\" show_match_header=\"true\" show_score=\"true\" show_crests=\"true\" show_assists=\"all\" show_team_formation=\"true\" show_clock=\"true\" show_period_dividers=\"true\" show_halftime_score=\"false\" show_date=\"true\" date_format=\"dddd D MMMM YYYY\" show_attendance=\"true\" show_images=\"true\" show_referee=\"true\" show_venue=\"true\" show_cards=\"all\" show_goals=\"true\" show_penalties_missed=\"true\" show_subs=\"false\" show_goals_combined=\"false\" show_shootouts=\"false\" show_competition_name=\"true\" competition_naming=\"full\" team_naming=\"full\" player_naming=\"full\" show_live=\"true\" show_logo=\"false\" show_title=\"true\" breakpoints=\"400, 700\"><\/opta-widget><opta-widget sport=\"football\" widget=\"matchstats\" competition=\"724\" season=\"2022\" match=\"2287323\" template=\"lineups\" live=\"true\" side=\"both\" column_count=\"1\" side_by_side=\"true\" show_match_header=\"true\" show_score=\"true\" show_halftime_score=\"false\" show_crests=\"false\" show_team_formation=\"true\" show_competition_name=\"true\" show_date=\"false\" date_format=\"dddd D MMMM YYYY\" order_by=\"position\" group_by_position=\"false\" show_position=\"true\" show_images=\"false\" show_key=\"false\" show_starters=\"true\" show_goalkeepers=\"true\" show_defenders=\"true\" show_midfielders=\"true\" show_forwards=\"true\" show_subs=\"true\" show_unused_subs=\"false\" show_managers=\"true\" show_captain=\"false\" show_match_events=\"true\" competition_naming=\"full\" team_naming=\"full\" player_naming=\"full\" show_live=\"false\" show_logo=\"false\" show_title=\"true\" breakpoints=\"400, 700\"><\/opta-widget><opta-widget widget=\"commentary\" competition=\"724\" season=\"2022\" match=\"2287323\" template=\"normal\" live=\"true\" data_type=\"auto\" order_by=\"time_descending\" show_event_icons=\"true\" show_minor_events=\"true\" fixed_height_comments=\"300\" show_live=\"true\" show_logo=\"false\" show_title=\"true\" breakpoints=\"400\" sport=\"football\"><\/opta-widget><opta-widget sport=\"football\" widget=\"heatmap\" competition=\"724\" season=\"2022\" match=\"2287323\" preselected_player template=\"normal\" live=\"true\" show_maps=\"all\" orientation=\"horizontal\" side=\"both\" dimension=\"2D\" one_direction=\"false\" show_match_header=\"true\" show_score=\"true\" show_halftime_score=\"false\" show_crests=\"false\" show_team_formation=\"true\" show_competition_name=\"true\" show_date=\"true\" date_format=\"dddd D MMMM YYYY\" show_team_sheets=\"true\" show_subs=\"true\" show_position=\"true\" show_timecontrols=\"true\" show_timecontrols_buttons=\"true\" show_timecontrols_bar=\"true\" show_tooltips=\"false\" competition_naming=\"full\" team_naming=\"full\" player_naming=\"full\" show_logo=\"false\" show_title=\"true\" breakpoints=\"400, 700\"><\/opta-widget><opta-widget widget=\"standings\" competition=\"724\" season=\"2022\" template=\"normal\" live=\"true\" default_nav=\"1\" side=\"combined\" data_detail=\"default\" show_key=\"true\" show_crests=\"true\" points_in_first_column=\"true\" lose_before_draw=\"false\" competition_naming=\"full\" team_naming=\"full\" date_format=\"dddd D MMMM YYYY\" sorting=\"false\" show_live=\"false\" show_relegation_average=\"true\" show_logo=\"true\" show_title=\"true\" breakpoints=\"382\" sport=\"football\"><\/opta-widget> <\/p>\n<div class=\"entry-tags\">\n<h2>TEMAS QUE APARECEN EN ESTA NOTA<\/h2>\n<\/p><\/div>\n","protected":false},"excerpt":{"rendered":"<p>Si bien el sue\u00f1o de la Copa Libertadores se termin\u00f3 para Talleres en los cuartos de final de la edici\u00f3n 2022, con la derrota frente a V\u00e9lez, el equipo cordob\u00e9s ahora se motiva con la posibilidad de lograr la clasificaci\u00f3n para un torneo internacional en 2023. Y este jueves contra Patronato, desde las 19 en [&hellip;]<\/p>\n","protected":false},"author":1,"featured_media":47037,"comment_status":"open","ping_status":"closed","sticky":false,"template":"","format":"standard","meta":[],"categories":[16],"tags":[],"_links":{"self":[{"href":"http:\/\/hoycordobaweb.com\/index.php\/wp-json\/wp\/v2\/posts\/47036"}],"collection":[{"href":"http:\/\/hoycordobaweb.com\/index.php\/wp-json\/wp\/v2\/posts"}],"about":[{"href":"http:\/\/hoycordobaweb.com\/index.php\/wp-json\/wp\/v2\/types\/post"}],"author":[{"embeddable":true,"href":"http:\/\/hoycordobaweb.com\/index.php\/wp-json\/wp\/v2\/users\/1"}],"replies":[{"embeddable":true,"href":"http:\/\/hoycordobaweb.com\/index.php\/wp-json\/wp\/v2\/comments?post=47036"}],"version-history":[{"count":0,"href":"http:\/\/hoycordobaweb.com\/index.php\/wp-json\/wp\/v2\/posts\/47036\/revisions"}],"wp:featuredmedia":[{"embeddable":true,"href":"http:\/\/hoycordobaweb.com\/index.php\/wp-json\/wp\/v2\/media\/47037"}],"wp:attachment":[{"href":"http:\/\/hoycordobaweb.com\/index.php\/wp-json\/wp\/v2\/media?parent=47036"}],"wp:term":[{"taxonomy":"category","embeddable":true,"href":"http:\/\/hoycordobaweb.com\/index.php\/wp-json\/wp\/v2\/categories?post=47036"},{"taxonomy":"post_tag","embeddable":true,"href":"http:\/\/hoycordobaweb.com\/index.php\/wp-json\/wp\/v2\/tags?post=47036"}],"curies":[{"name":"wp","href":"https:\/\/api.w.org\/{rel}","templated":true}]}}