{"id":46998,"date":"2022-08-17T15:28:11","date_gmt":"2022-08-17T15:28:11","guid":{"rendered":"https:\/\/www.ole.com.ar\/futbol-internacional\/linda-caicedo-luis-diaz-colombia_0_3BptGfplh8.html"},"modified":"2022-08-17T15:28:11","modified_gmt":"2022-08-17T15:28:11","slug":"en-colombia-piden-que-linda-caicedo-y-luis-diaz-hagan-dupla-en-la-seleccion","status":"publish","type":"post","link":"http:\/\/hoycordobaweb.com\/index.php\/2022\/08\/17\/en-colombia-piden-que-linda-caicedo-y-luis-diaz-hagan-dupla-en-la-seleccion\/","title":{"rendered":"En Colombia piden que Linda Caicedo y Luis D\u00edaz hagan dupla en la selecci\u00f3n"},"content":{"rendered":"<p><img src=\"http:\/\/hoycordobaweb.com\/wp-content\/uploads\/2022\/08\/en-colombia-piden-que-linda-caicedo-y-luis-diaz-hagan-dupla-en-la-seleccion.jpg\"><\/p>\n<p>Linda Caicedo se luce en Deportivo Cali y en la \u00faltima Copa Am\u00e9rica fue una de las estrellas de la selecci\u00f3n colombiana. A sus 17 a\u00f1os la delantera llama la atenci\u00f3n por su gran nivel y genera grandes expectativas. Es por eso que en redes sociales decidieron reclamar por su presencia en la selecci\u00f3n masculina para que haga dupla con Luis D\u00edaz.\u200b<\/p>\n<div class=\"sp__SM\">\n<div class=\"content-new \">\n<span class=\"tit-mobile\">Mir\u00e1 tambi\u00e9n<\/span><\/p>\n<div class=\"mg\">\n<div class=\"wrap-figure\">\n<picture>\n<a href=\"https:\/\/www.ole.com.ar\/fuera-de-juego\/baterista-coldplay-futbol-femenino_0_t1HlNmjjPM.html\" target=\"_self\" rel=\"noopener noreferrer\"><br \/>\n<img class=\"img-responsive\" alt=\"El destacado homenaje del baterista de Coldplay para la selecci\u00f3n inglesa de f\u00fatbol femenino\" src=\"http:\/\/hoycordobaweb.com\/wp-content\/uploads\/2022\/08\/en-colombia-piden-que-linda-caicedo-y-luis-diaz-hagan-dupla-en-la-seleccion-2.jpg\" loading=\"lazy\"><br \/>\n<\/a>\n<\/picture>\n<\/div>\n<\/div><\/div>\n<\/div>\n<p>La colombiana no s\u00f3lo brill\u00f3 en la Copa Am\u00e9rica donde perdieron en la final ante Brasil, sino que adem\u00e1s esta semana fue la estrella en el cruce ante Nueva Zelanda que les permiti\u00f3 clasificarse a cuartos de final del Mundial sub 20 femenino de Costa Rica. Si bien el partido termin\u00f3 2-2, los dos goles fueron de su autor\u00eda y no s\u00f3lo fueron determinantes para seguir avanzando sino que adem\u00e1s fueron un ejemplo de calidad.<\/p>\n<div class=\"sp__SM\">\n<div class=\"content-new \">\n<span class=\"tit-mobile\">Mir\u00e1 tambi\u00e9n<\/span><\/p>\n<div class=\"mg\">\n<div class=\"wrap-figure\">\n<picture>\n<a href=\"https:\/\/www.ole.com.ar\/futbol-internacional\/fifa-india-mundial-sub-17-femenino_0_JWO3deMMC3.html\" target=\"_self\" rel=\"noopener noreferrer\"><br \/>\n<img class=\"img-responsive\" alt=\"FIFA le sac\u00f3 a India la sede del Mundial Sub 17 femenino a dos meses del inicio\" src=\"http:\/\/hoycordobaweb.com\/wp-content\/uploads\/2022\/08\/en-colombia-piden-que-linda-caicedo-y-luis-diaz-hagan-dupla-en-la-seleccion-3.jpg\" loading=\"lazy\"> <\/a>\n<\/picture>\n<\/div>\n<\/div><\/div>\n<\/div>\n<p><mark><strong>\u00abLa verdad me siento muy feliz, ten\u00edamos que dejarlo todo en el campo y as\u00ed fue. Salimos confiadas a jugar, pero con el trabajo en la cabeza de lo que ten\u00edamos que hacer\u201d<\/strong><\/mark>, declar\u00f3 tras la clasificaci\u00f3n a cuartos.<\/p>\n<p>En el Grupo B las dirigidas por Carlos Paniagua est\u00e1n punteras tras haber jugado tres partidos de los cuales ganaron uno y empataron dos. Hasta el momento la estrella del plantel es Caicedo y por eso en Colombia piden por su presencia en la selecci\u00f3n masculina.<\/p>\n<div class=\"sp__SM\">\n<div class=\"content-new \">\n<span class=\"tit-mobile\">Mir\u00e1 tambi\u00e9n<\/span><\/p>\n<div class=\"mg\">\n<div class=\"wrap-figure\">\n<picture>\n<a href=\"https:\/\/www.ole.com.ar\/futbol-femenino\/seleccion-copa-america-mundial_0_ODr7r23lHs.html\" target=\"_self\" rel=\"noopener noreferrer\"><br \/>\n<img class=\"img-responsive\" alt=\"\u00bfCu\u00e1ndo vuelve a jugar Argentina y qu\u00e9 necesita para ir derecho al Mundial?\" src=\"http:\/\/hoycordobaweb.com\/wp-content\/uploads\/2022\/08\/en-colombia-piden-que-linda-caicedo-y-luis-diaz-hagan-dupla-en-la-seleccion-4.jpg\" loading=\"lazy\"><br \/>\n<\/a>\n<\/picture>\n<\/div>\n<\/div><\/div>\n<\/div>\n<p>El periodista Carlos Antonio V\u00e9lez escribi\u00f3 en su cuenta de Twitter: <strong>\u00ab\u00a1Profesor Lorenzo, mire la posibilidad de convocar a Linda Caicedo! \u00a1Con D\u00edaz y ella liderando la selecci\u00f3n, los liquidamos a todos! Pi\u00e9nselo\u00bb.<\/strong> R\u00e1pidamente distintos usuarios se sumaron a apoyar la idea y entre risas pidieron por la presencia de la peque\u00f1a crack.<\/p>\n<div class=\"sp__SM\">\n<div class=\"content-new \">\n<span class=\"tit-mobile\">Mir\u00e1 tambi\u00e9n<\/span><\/p>\n<div class=\"mg\">\n<div class=\"wrap-figure\">\n<picture>\n<a href=\"https:\/\/www.ole.com.ar\/futbol-femenino\/copa-america-jugadoras-destacadas_0_KBeXzdMz1k.html\" target=\"_self\" rel=\"noopener noreferrer\"><br \/>\n<img class=\"img-responsive\" alt=\"Final Copa Am\u00e9rica: jugadoras destacadas, n\u00fameros, premios y m\u00e1s\" src=\"http:\/\/hoycordobaweb.com\/wp-content\/uploads\/2022\/08\/en-colombia-piden-que-linda-caicedo-y-luis-diaz-hagan-dupla-en-la-seleccion-5.jpg\" loading=\"lazy\"><br \/>\n<\/a>\n<\/picture>\n<\/div>\n<\/div><\/div>\n<\/div>\n<p>Si bien es obvio que el pedido fue en broma ya que no existe el f\u00fatbol mixto a ese nivel, los colombianos destacan a su joven estrella que causa furor en el mundo entero y recibe elogios de distintas partes. Incluso la FIFA destac\u00f3 su labor en una nota que publicaron en su p\u00e1gina oficial en la que se animaron a compararla con la crack estadounidense Megan Rapinoe.<\/p>\n<div class=\"sp__SM\">\n<div class=\"content-new \">\n<span class=\"tit-mobile\">Mir\u00e1 tambi\u00e9n<\/span><\/p>\n<div class=\"mg\">\n<div class=\"wrap-figure\">\n<picture>\n<a href=\"https:\/\/www.ole.com.ar\/futbol-femenino\/brasil-copa-america-colombia_0_QTUvny33ZR.html\" target=\"_self\" rel=\"noopener noreferrer\"><br \/>\n<img class=\"img-responsive\" alt=\"Brasil derrot\u00f3 a Colombia y gan\u00f3 su octava Copa Am\u00e9rica\" src=\"http:\/\/hoycordobaweb.com\/wp-content\/uploads\/2022\/08\/en-colombia-piden-que-linda-caicedo-y-luis-diaz-hagan-dupla-en-la-seleccion-6.jpg\" loading=\"lazy\"><br \/>\n<\/a>\n<\/picture>\n<\/div>\n<\/div><\/div>\n<\/div>\n<p><strong>\u00abLinda Caicedo es la f\u00e1brica de emociones colombiana. La gente sigue entusiasmada con las actuaciones de Marta en Canad\u00e1 2002, Megan Rapinoe en Tailandia 2004 y Alex Popp en Alemania 2010. Seguro que har\u00e1n lo mismo en los pr\u00f3ximos a\u00f1os con Linda Caicedo en Costa Rica. La joven de 17 a\u00f1os decor\u00f3 otra actuaci\u00f3n electrizante con un doblete que incluy\u00f3 un gol del contendiente del torneo\u00bb,<\/strong> escribi\u00f3 la m\u00e1xima entidad del f\u00fatbol.<\/p>\n<div class=\"sp__SM\">\n<div class=\"content-new \">\n<span class=\"tit-mobile\">Mir\u00e1 tambi\u00e9n<\/span><\/p>\n<div class=\"mg\">\n<div class=\"wrap-figure\">\n<picture>\n<a href=\"https:\/\/www.ole.com.ar\/futbol-femenino\/uefa-futbol-femenino-potencial-economico_0_Hcg51e44iQ.html\" target=\"_self\" rel=\"noopener noreferrer\"><br \/>\n<img class=\"img-responsive\" alt=\"La UEFA reconoce el gran potencial econ\u00f3mico del f\u00fatbol femenino\" src=\"http:\/\/hoycordobaweb.com\/wp-content\/uploads\/2022\/08\/en-colombia-piden-que-linda-caicedo-y-luis-diaz-hagan-dupla-en-la-seleccion-7.jpg\" loading=\"lazy\"><br \/>\n<\/a>\n<\/picture>\n<\/div>\n<\/div><\/div>\n<\/div>\n<p>Si bien por el momento continuar\u00e1 su carrera en Deportivo Cali, ha recibido ofertas de grandes clubes como el Barcelona. Linda causa furor y busca levantar el trofeo en el Mundial Sub 20.<\/p>\n<div class=\"entry-tags\">\n<h2>TEMAS QUE APARECEN EN ESTA NOTA<\/h2>\n<\/p><\/div>\n","protected":false},"excerpt":{"rendered":"<p>Linda Caicedo se luce en Deportivo Cali y en la \u00faltima Copa Am\u00e9rica fue una de las estrellas de la selecci\u00f3n colombiana. A sus 17 a\u00f1os la delantera llama la atenci\u00f3n por su gran nivel y genera grandes expectativas. Es por eso que en redes sociales decidieron reclamar por su presencia en la selecci\u00f3n masculina [&hellip;]<\/p>\n","protected":false},"author":1,"featured_media":46999,"comment_status":"open","ping_status":"closed","sticky":false,"template":"","format":"standard","meta":[],"categories":[16],"tags":[],"_links":{"self":[{"href":"http:\/\/hoycordobaweb.com\/index.php\/wp-json\/wp\/v2\/posts\/46998"}],"collection":[{"href":"http:\/\/hoycordobaweb.com\/index.php\/wp-json\/wp\/v2\/posts"}],"about":[{"href":"http:\/\/hoycordobaweb.com\/index.php\/wp-json\/wp\/v2\/types\/post"}],"author":[{"embeddable":true,"href":"http:\/\/hoycordobaweb.com\/index.php\/wp-json\/wp\/v2\/users\/1"}],"replies":[{"embeddable":true,"href":"http:\/\/hoycordobaweb.com\/index.php\/wp-json\/wp\/v2\/comments?post=46998"}],"version-history":[{"count":0,"href":"http:\/\/hoycordobaweb.com\/index.php\/wp-json\/wp\/v2\/posts\/46998\/revisions"}],"wp:featuredmedia":[{"embeddable":true,"href":"http:\/\/hoycordobaweb.com\/index.php\/wp-json\/wp\/v2\/media\/46999"}],"wp:attachment":[{"href":"http:\/\/hoycordobaweb.com\/index.php\/wp-json\/wp\/v2\/media?parent=46998"}],"wp:term":[{"taxonomy":"category","embeddable":true,"href":"http:\/\/hoycordobaweb.com\/index.php\/wp-json\/wp\/v2\/categories?post=46998"},{"taxonomy":"post_tag","embeddable":true,"href":"http:\/\/hoycordobaweb.com\/index.php\/wp-json\/wp\/v2\/tags?post=46998"}],"curies":[{"name":"wp","href":"https:\/\/api.w.org\/{rel}","templated":true}]}}