{"id":46959,"date":"2022-08-16T20:00:44","date_gmt":"2022-08-16T20:00:44","guid":{"rendered":"https:\/\/www.trendencias.com\/general\/13-piezas-nueva-coleccion-zara-home-para-decorar-salon"},"modified":"2022-08-16T20:00:44","modified_gmt":"2022-08-16T20:00:44","slug":"13-piezas-de-la-nueva-coleccion-de-zara-home-para-decorar-el-salon","status":"publish","type":"post","link":"http:\/\/hoycordobaweb.com\/index.php\/2022\/08\/16\/13-piezas-de-la-nueva-coleccion-de-zara-home-para-decorar-el-salon\/","title":{"rendered":"13 piezas de la nueva colecci\u00f3n de Zara Home para decorar el sal\u00f3n"},"content":{"rendered":"<p><strong>Zara Home<\/strong> nos enamora con cada una de sus colecciones. Piezas que marca la diferencia en cualquier espacio de la casa. Pero hoy nos vamos a centrar en el sal\u00f3n, la estancia en la que probablemente pasamos m\u00e1s tiempo.<\/p>\n<p><!-- BREAK 1 --><\/p>\n<p><a href=\"https:\/\/decoracion.trendencias.com\/salon\/tendencias-para-salon-busca-decoracion-calida-envolvente-que-nos-haga-sentir-bien\">La decoraci\u00f3n del sal\u00f3n es clave en una casa<\/a> y por eso elegir determinadas piezas requiere su tiempo. Una pared de espejos o cuadros, una mesa con o sin flores, qu\u00e9 detalles decorativos elegir dependiendo de si nos gusta el estilo minimalista o m\u00e1s recargado, el color de los cojines o la alfombra, son piezas que marcan la diferencia. Y en la nueva colecci\u00f3n de <a href=\"https:\/\/www.trendencias.com\/tag\/zara\">Zara Home<\/a> encontramos estas<strong> 13 piezas para decorar el sal\u00f3n.<\/strong><\/p>\n<p><!-- BREAK 2 --> <\/p>\n<div class=\"article-asset article-asset-normal article-asset-center\">\n<div class=\"desvio-container\">\n<div class=\"desvio\">\n<div class=\"desvio-figure js-desvio-figure\"> <a href=\"https:\/\/www.trendencias.com\/diseno\/ikea-amazon-corte-ingles-estos-mejores-sofa-cama-temporada\"> <img alt=\"Ikea, Amazon, El Corte Ingl\u00e9s: estos son los mejores sof\u00e1 cama de la temporada \" src=\"http:\/\/hoycordobaweb.com\/wp-content\/uploads\/2022\/08\/13-piezas-de-la-nueva-coleccion-de-zara-home-para-decorar-el-salon.jpg\"> <\/a> <\/div><\/div><\/div>\n<\/div>\n<div class=\"article-asset-image article-asset-normal article-asset-center\">\n<div class=\"asset-content\">\n<div class=\"base-wrapper-image\"> <img class=\"sf-lazy centro_sinmarco\" data-sf-srcset=\"http:\/\/hoycordobaweb.com\/wp-content\/uploads\/2022\/08\/13-piezas-de-la-nueva-coleccion-de-zara-home-para-decorar-el-salon-1.jpg 450w, http:\/\/hoycordobaweb.com\/wp-content\/uploads\/2022\/08\/13-piezas-de-la-nueva-coleccion-de-zara-home-para-decorar-el-salon-16.jpg 681w,http:\/\/hoycordobaweb.com\/wp-content\/uploads\/2022\/08\/13-piezas-de-la-nueva-coleccion-de-zara-home-para-decorar-el-salon-17.jpg 1024w, http:\/\/hoycordobaweb.com\/wp-content\/uploads\/2022\/08\/13-piezas-de-la-nueva-coleccion-de-zara-home-para-decorar-el-salon-18.jpg 1366w,\" data-sf-src=\"http:\/\/hoycordobaweb.com\/wp-content\/uploads\/2022\/08\/13-piezas-de-la-nueva-coleccion-de-zara-home-para-decorar-el-salon-1.jpg\" alt=\"butaca de Zara Home\"> <noscript><img alt=\"butaca de Zara Home\" class=\"centro_sinmarco\" src=\"http:\/\/hoycordobaweb.com\/wp-content\/uploads\/2022\/08\/13-piezas-de-la-nueva-coleccion-de-zara-home-para-decorar-el-salon-1.jpg\"><\/noscript> <\/div><\/div>\n<\/div>\n<p>Butaca tapizada con tejido de lino y estructura de madera de fresno en color natural. Su precio es de <a href=\"https:\/\/www.zarahome.com\/es\/sal%C3%B3n\/muebles\/ver-todo\/butaca-fresno-y-lino-c1020446960p320256541.html?colorId=052&amp;ct=true\">299 euros.<\/a><\/p>\n<p><!-- BREAK 3 --><\/p>\n<div class=\"article-asset-image article-asset-normal article-asset-center\">\n<div class=\"asset-content\">\n<div class=\"base-wrapper-image\"> <img class=\"sf-lazy centro_sinmarco\" data-sf-srcset=\"http:\/\/hoycordobaweb.com\/wp-content\/uploads\/2022\/08\/13-piezas-de-la-nueva-coleccion-de-zara-home-para-decorar-el-salon-2.jpg 450w, http:\/\/hoycordobaweb.com\/wp-content\/uploads\/2022\/08\/13-piezas-de-la-nueva-coleccion-de-zara-home-para-decorar-el-salon-19.jpg 681w,http:\/\/hoycordobaweb.com\/wp-content\/uploads\/2022\/08\/13-piezas-de-la-nueva-coleccion-de-zara-home-para-decorar-el-salon-20.jpg 1024w, http:\/\/hoycordobaweb.com\/wp-content\/uploads\/2022\/08\/13-piezas-de-la-nueva-coleccion-de-zara-home-para-decorar-el-salon-21.jpg 1366w,\" data-sf-src=\"http:\/\/hoycordobaweb.com\/wp-content\/uploads\/2022\/08\/13-piezas-de-la-nueva-coleccion-de-zara-home-para-decorar-el-salon-2.jpg\" alt=\"mesa de Zara Home\"> <noscript><img alt=\"mesa de Zara Home\" class=\"centro_sinmarco\" src=\"http:\/\/hoycordobaweb.com\/wp-content\/uploads\/2022\/08\/13-piezas-de-la-nueva-coleccion-de-zara-home-para-decorar-el-salon-2.jpg\"><\/noscript> <\/div><\/div>\n<\/div>\n<p>Velador de metal negro de estilo vintage. Su precio es de <a href=\"https:\/\/www.zarahome.com\/es\/sal%C3%B3n\/muebles\/ver-todo\/velador-de-metal-c1020446960p323073926.html?colorId=800&amp;ct=true\">179 euros.<\/a><\/p>\n<p><!-- BREAK 4 --><\/p>\n<div class=\"article-asset-image article-asset-normal article-asset-center\">\n<div class=\"asset-content\">\n<div class=\"base-wrapper-image\"> <img class=\"sf-lazy centro_sinmarco\" data-sf-srcset=\"http:\/\/hoycordobaweb.com\/wp-content\/uploads\/2022\/08\/13-piezas-de-la-nueva-coleccion-de-zara-home-para-decorar-el-salon-3.jpg 450w, http:\/\/hoycordobaweb.com\/wp-content\/uploads\/2022\/08\/13-piezas-de-la-nueva-coleccion-de-zara-home-para-decorar-el-salon-22.jpg 681w,http:\/\/hoycordobaweb.com\/wp-content\/uploads\/2022\/08\/13-piezas-de-la-nueva-coleccion-de-zara-home-para-decorar-el-salon-23.jpg 1024w, http:\/\/hoycordobaweb.com\/wp-content\/uploads\/2022\/08\/13-piezas-de-la-nueva-coleccion-de-zara-home-para-decorar-el-salon-24.jpg 1366w,\" data-sf-src=\"http:\/\/hoycordobaweb.com\/wp-content\/uploads\/2022\/08\/13-piezas-de-la-nueva-coleccion-de-zara-home-para-decorar-el-salon-3.jpg\" alt=\"espejo de Zara Home\"> <noscript><img alt=\"espejo de Zara Home\" class=\"centro_sinmarco\" src=\"http:\/\/hoycordobaweb.com\/wp-content\/uploads\/2022\/08\/13-piezas-de-la-nueva-coleccion-de-zara-home-para-decorar-el-salon-3.jpg\"><\/noscript> <\/div><\/div>\n<\/div>\n<p>Los espejos son capaces de cambiar cualquier rinc\u00f3n, solos o combinando varios en diferentes tama\u00f1os, con los que se consiguen paredes con estilo. Este modelo es de estilo vintage, un dise\u00f1o con marco dorado de madera de estilo rom\u00e1ntico. Su precio es de <a href=\"https:\/\/www.zarahome.com\/es\/sal%C3%B3n\/espejos\/espejo-dorado-de-madera-c1089523p321938662.html?colorId=303&amp;ct=true\">69,99 euros.<\/a><\/p>\n<p><!-- BREAK 5 --><\/p>\n<div class=\"article-asset-image article-asset-normal article-asset-center\">\n<div class=\"asset-content\">\n<div class=\"base-wrapper-image\"> <img class=\"sf-lazy centro_sinmarco\" data-sf-srcset=\"http:\/\/hoycordobaweb.com\/wp-content\/uploads\/2022\/08\/13-piezas-de-la-nueva-coleccion-de-zara-home-para-decorar-el-salon-4.jpg 450w, http:\/\/hoycordobaweb.com\/wp-content\/uploads\/2022\/08\/13-piezas-de-la-nueva-coleccion-de-zara-home-para-decorar-el-salon-25.jpg 681w,http:\/\/hoycordobaweb.com\/wp-content\/uploads\/2022\/08\/13-piezas-de-la-nueva-coleccion-de-zara-home-para-decorar-el-salon-26.jpg 1024w, http:\/\/hoycordobaweb.com\/wp-content\/uploads\/2022\/08\/13-piezas-de-la-nueva-coleccion-de-zara-home-para-decorar-el-salon-27.jpg 1366w,\" data-sf-src=\"http:\/\/hoycordobaweb.com\/wp-content\/uploads\/2022\/08\/13-piezas-de-la-nueva-coleccion-de-zara-home-para-decorar-el-salon-4.jpg\" alt=\"alfombra de de Zara Home\"> <noscript><img alt=\"alfombra de de Zara Home\" class=\"centro_sinmarco\" src=\"http:\/\/hoycordobaweb.com\/wp-content\/uploads\/2022\/08\/13-piezas-de-la-nueva-coleccion-de-zara-home-para-decorar-el-salon-4.jpg\"><\/noscript> <\/div><\/div>\n<\/div>\n<p>Alfombra de polipropileno en color natural, un modelo muy vers\u00e1til y sencillo f\u00e1cil de combinar. Su precio es de <a href=\"https:\/\/www.zarahome.com\/es\/sal%C3%B3n\/alfombras\/ver-todo\/alfombra-de-exterior-c1020456433p320252042.html?colorId=710&amp;ct=true\">179 euros o 249 euros, <\/a>seg\u00fan el tama\u00f1o.<\/p>\n<p><!-- BREAK 6 --><\/p>\n<div class=\"article-asset-image article-asset-normal article-asset-center\">\n<div class=\"asset-content\">\n<div class=\"base-wrapper-image\"> <img class=\"sf-lazy centro_sinmarco\" data-sf-srcset=\"http:\/\/hoycordobaweb.com\/wp-content\/uploads\/2022\/08\/13-piezas-de-la-nueva-coleccion-de-zara-home-para-decorar-el-salon-5.jpg 450w, http:\/\/hoycordobaweb.com\/wp-content\/uploads\/2022\/08\/13-piezas-de-la-nueva-coleccion-de-zara-home-para-decorar-el-salon-28.jpg 681w,http:\/\/hoycordobaweb.com\/wp-content\/uploads\/2022\/08\/13-piezas-de-la-nueva-coleccion-de-zara-home-para-decorar-el-salon-29.jpg 1024w, http:\/\/hoycordobaweb.com\/wp-content\/uploads\/2022\/08\/13-piezas-de-la-nueva-coleccion-de-zara-home-para-decorar-el-salon-30.jpg 1366w,\" data-sf-src=\"http:\/\/hoycordobaweb.com\/wp-content\/uploads\/2022\/08\/13-piezas-de-la-nueva-coleccion-de-zara-home-para-decorar-el-salon-5.jpg\" alt=\"alfombra\"> <noscript><img alt=\"alfombra\" class=\"centro_sinmarco\" src=\"http:\/\/hoycordobaweb.com\/wp-content\/uploads\/2022\/08\/13-piezas-de-la-nueva-coleccion-de-zara-home-para-decorar-el-salon-5.jpg\"><\/noscript> <\/div><\/div>\n<\/div>\n<p>Alfombra de algod\u00f3n con estampado de cuadr\u00edculas de flores. Su precio es de <a href=\"https:\/\/www.zarahome.com\/es\/sal%C3%B3n\/alfombras\/ver-todo\/alfombra-block-print-c1020456433p321499758.html?colorId=550&amp;ct=true\">29,99 euros, 49,99 euros o 129 euros <\/a>seg\u00fan el tama\u00f1o.<\/p>\n<p><!-- BREAK 7 --><\/p>\n<div class=\"article-asset article-asset-normal article-asset-center\">\n<div class=\"desvio-container\">\n<div class=\"desvio\">\n<div class=\"desvio-figure js-desvio-figure\"> <a href=\"https:\/\/www.trendencias.com\/diseno\/nueve-estilos-alfombras-zara-home-como-escoger-que-le-conviene-a-tu-casa\"> <img alt=\"Nueve estilos de alfombras de Zara Home y c\u00f3mo escoger la que m\u00e1s le conviene a tu casa \" src=\"http:\/\/hoycordobaweb.com\/wp-content\/uploads\/2022\/08\/13-piezas-de-la-nueva-coleccion-de-zara-home-para-decorar-el-salon-6.jpg\"> <\/a> <\/div><\/div><\/div>\n<\/div>\n<div class=\"article-asset-image article-asset-normal article-asset-center\">\n<div class=\"asset-content\">\n<div class=\"base-wrapper-image\"> <img class=\"sf-lazy centro_sinmarco\" data-sf-srcset=\"http:\/\/hoycordobaweb.com\/wp-content\/uploads\/2022\/08\/13-piezas-de-la-nueva-coleccion-de-zara-home-para-decorar-el-salon-7.jpg 450w, http:\/\/hoycordobaweb.com\/wp-content\/uploads\/2022\/08\/13-piezas-de-la-nueva-coleccion-de-zara-home-para-decorar-el-salon-31.jpg 681w,http:\/\/hoycordobaweb.com\/wp-content\/uploads\/2022\/08\/13-piezas-de-la-nueva-coleccion-de-zara-home-para-decorar-el-salon-32.jpg 1024w, http:\/\/hoycordobaweb.com\/wp-content\/uploads\/2022\/08\/13-piezas-de-la-nueva-coleccion-de-zara-home-para-decorar-el-salon-33.jpg 1366w,\" data-sf-src=\"http:\/\/hoycordobaweb.com\/wp-content\/uploads\/2022\/08\/13-piezas-de-la-nueva-coleccion-de-zara-home-para-decorar-el-salon-7.jpg\" alt=\"espejo de Zara Home\"> <noscript><img alt=\"espejo de Zara Home\" class=\"centro_sinmarco\" src=\"http:\/\/hoycordobaweb.com\/wp-content\/uploads\/2022\/08\/13-piezas-de-la-nueva-coleccion-de-zara-home-para-decorar-el-salon-7.jpg\"><\/noscript> <\/div><\/div>\n<\/div>\n<p>Espejo con perfil curvo dorado, un modelo sencillo ideal. Su precio es de <a href=\"https:\/\/www.zarahome.com\/es\/sal%C3%B3n\/espejos\/espejo-perfil-curvo-c1089523p321633462.html?colorId=303&amp;ct=true\">69,99 euros o 89,99 euros, <\/a>seg\u00fan el tama\u00f1o.<\/p>\n<p><!-- BREAK 8 --><\/p>\n<div class=\"article-asset-image article-asset-normal article-asset-center\">\n<div class=\"asset-content\">\n<div class=\"base-wrapper-image\"> <img class=\"sf-lazy centro_sinmarco\" data-sf-srcset=\"http:\/\/hoycordobaweb.com\/wp-content\/uploads\/2022\/08\/13-piezas-de-la-nueva-coleccion-de-zara-home-para-decorar-el-salon-8.jpg 450w, http:\/\/hoycordobaweb.com\/wp-content\/uploads\/2022\/08\/13-piezas-de-la-nueva-coleccion-de-zara-home-para-decorar-el-salon-34.jpg 681w,http:\/\/hoycordobaweb.com\/wp-content\/uploads\/2022\/08\/13-piezas-de-la-nueva-coleccion-de-zara-home-para-decorar-el-salon-35.jpg 1024w, http:\/\/hoycordobaweb.com\/wp-content\/uploads\/2022\/08\/13-piezas-de-la-nueva-coleccion-de-zara-home-para-decorar-el-salon-36.jpg 1366w,\" data-sf-src=\"http:\/\/hoycordobaweb.com\/wp-content\/uploads\/2022\/08\/13-piezas-de-la-nueva-coleccion-de-zara-home-para-decorar-el-salon-8.jpg\" alt=\"espejo de Zara Home\"> <noscript><img alt=\"espejo de Zara Home\" class=\"centro_sinmarco\" src=\"http:\/\/hoycordobaweb.com\/wp-content\/uploads\/2022\/08\/13-piezas-de-la-nueva-coleccion-de-zara-home-para-decorar-el-salon-8.jpg\"><\/noscript> <\/div><\/div>\n<\/div>\n<p>Espejo con forma irregular con perfil de metal.<br \/>Tiene tres puntos de anclaje para poder colocarlo en vertical y horizontal. Su precio es de <a href=\"https:\/\/www.zarahome.com\/es\/sal%C3%B3n\/espejos\/espejo-irregurar-perfil-metal-c1089523p320240943.html?colorId=250&amp;ct=true\">89,90 euros.<\/a><\/p>\n<p><!-- BREAK 9 --><\/p>\n<div class=\"article-asset-image article-asset-normal article-asset-center\">\n<div class=\"asset-content\">\n<div class=\"base-wrapper-image\"> <img class=\"sf-lazy centro_sinmarco\" data-sf-srcset=\"http:\/\/hoycordobaweb.com\/wp-content\/uploads\/2022\/08\/13-piezas-de-la-nueva-coleccion-de-zara-home-para-decorar-el-salon-9.jpg 450w, http:\/\/hoycordobaweb.com\/wp-content\/uploads\/2022\/08\/13-piezas-de-la-nueva-coleccion-de-zara-home-para-decorar-el-salon-37.jpg 681w,http:\/\/hoycordobaweb.com\/wp-content\/uploads\/2022\/08\/13-piezas-de-la-nueva-coleccion-de-zara-home-para-decorar-el-salon-38.jpg 1024w, http:\/\/hoycordobaweb.com\/wp-content\/uploads\/2022\/08\/13-piezas-de-la-nueva-coleccion-de-zara-home-para-decorar-el-salon-39.jpg 1366w,\" data-sf-src=\"http:\/\/hoycordobaweb.com\/wp-content\/uploads\/2022\/08\/13-piezas-de-la-nueva-coleccion-de-zara-home-para-decorar-el-salon-9.jpg\" alt=\"l\u00e1mpara de Zara Home\"> <noscript><img alt=\"l\u00e1mpara de Zara Home\" class=\"centro_sinmarco\" src=\"http:\/\/hoycordobaweb.com\/wp-content\/uploads\/2022\/08\/13-piezas-de-la-nueva-coleccion-de-zara-home-para-decorar-el-salon-9.jpg\"><\/noscript> <\/div><\/div>\n<\/div>\n<p>La iluminaci\u00f3n siempre es imprescindible, y a trav\u00e9s de diferentes modelos de l\u00e1mpara o farolillos la podemos conseguir con mucho gusto y estilo. Ideal esta l\u00e1mpara de techo con doble hoja en color crudo y con detalle dorado. Su precio es de <a href=\"https:\/\/www.zarahome.com\/es\/sal%C3%B3n\/l%C3%A1mparas-e-iluminaci%C3%B3n\/l%C3%A1mpara-techo-doble-hoja-c1089527p320249010.html?colorId=251&amp;ct=true\">69,99 euros.&nbsp;<\/a><\/p>\n<p><!-- BREAK 10 --><\/p>\n<div class=\"article-asset-image article-asset-normal article-asset-center\">\n<div class=\"asset-content\">\n<div class=\"base-wrapper-image\"> <img class=\"sf-lazy centro_sinmarco\" data-sf-srcset=\"http:\/\/hoycordobaweb.com\/wp-content\/uploads\/2022\/08\/13-piezas-de-la-nueva-coleccion-de-zara-home-para-decorar-el-salon-10.jpg 450w, http:\/\/hoycordobaweb.com\/wp-content\/uploads\/2022\/08\/13-piezas-de-la-nueva-coleccion-de-zara-home-para-decorar-el-salon-40.jpg 681w,http:\/\/hoycordobaweb.com\/wp-content\/uploads\/2022\/08\/13-piezas-de-la-nueva-coleccion-de-zara-home-para-decorar-el-salon-41.jpg 1024w, http:\/\/hoycordobaweb.com\/wp-content\/uploads\/2022\/08\/13-piezas-de-la-nueva-coleccion-de-zara-home-para-decorar-el-salon-42.jpg 1366w,\" data-sf-src=\"http:\/\/hoycordobaweb.com\/wp-content\/uploads\/2022\/08\/13-piezas-de-la-nueva-coleccion-de-zara-home-para-decorar-el-salon-10.jpg\" alt=\"l\u00e1mpara de Zara Home\"> <noscript><img alt=\"l\u00e1mpara de Zara Home\" class=\"centro_sinmarco\" src=\"http:\/\/hoycordobaweb.com\/wp-content\/uploads\/2022\/08\/13-piezas-de-la-nueva-coleccion-de-zara-home-para-decorar-el-salon-10.jpg\"><\/noscript> <\/div><\/div>\n<\/div>\n<p>L\u00e1mpara con base y pantalla cil\u00edndrica y con acabado estucado. Su precio es de<a href=\"https:\/\/www.zarahome.com\/es\/sal%C3%B3n\/l%C3%A1mparas-e-iluminaci%C3%B3n\/l%C3%A1mpara-base-cer%C3%A1mica-c1089527p321994723.html?colorId=250&amp;ct=true\"> 149 euros.<\/a><\/p>\n<p><!-- BREAK 11 --><\/p>\n<div class=\"article-asset-image article-asset-normal article-asset-center\">\n<div class=\"asset-content\">\n<div class=\"base-wrapper-image\"> <img class=\"sf-lazy centro_sinmarco\" data-sf-srcset=\"http:\/\/hoycordobaweb.com\/wp-content\/uploads\/2022\/08\/13-piezas-de-la-nueva-coleccion-de-zara-home-para-decorar-el-salon-11.jpg 450w, http:\/\/hoycordobaweb.com\/wp-content\/uploads\/2022\/08\/13-piezas-de-la-nueva-coleccion-de-zara-home-para-decorar-el-salon-43.jpg 681w,http:\/\/hoycordobaweb.com\/wp-content\/uploads\/2022\/08\/13-piezas-de-la-nueva-coleccion-de-zara-home-para-decorar-el-salon-44.jpg 1024w, http:\/\/hoycordobaweb.com\/wp-content\/uploads\/2022\/08\/13-piezas-de-la-nueva-coleccion-de-zara-home-para-decorar-el-salon-45.jpg 1366w,\" data-sf-src=\"http:\/\/hoycordobaweb.com\/wp-content\/uploads\/2022\/08\/13-piezas-de-la-nueva-coleccion-de-zara-home-para-decorar-el-salon-11.jpg\" alt=\"l\u00e1mpara de Zara Home\"> <noscript><img alt=\"l\u00e1mpara de Zara Home\" class=\"centro_sinmarco\" src=\"http:\/\/hoycordobaweb.com\/wp-content\/uploads\/2022\/08\/13-piezas-de-la-nueva-coleccion-de-zara-home-para-decorar-el-salon-11.jpg\"><\/noscript> <\/div><\/div>\n<\/div>\n<p>L\u00e1mpara farolillo de luz solar con bombilla led y estructura de madera y cristal. Tiene un asa para su transporte. Su precio es de<a href=\"https:\/\/www.zarahome.com\/es\/sal%C3%B3n\/l%C3%A1mparas-e-iluminaci%C3%B3n\/l%C3%A1mpara-farolillo-solar-c1089527p321994715.html?colorId=052&amp;ct=true\"> 39,99 euros.<\/a><\/p>\n<p><!-- BREAK 12 --><\/p>\n<div class=\"article-asset-image article-asset-normal article-asset-center\">\n<div class=\"asset-content\">\n<div class=\"base-wrapper-image\"> <img class=\"sf-lazy centro_sinmarco\" data-sf-srcset=\"http:\/\/hoycordobaweb.com\/wp-content\/uploads\/2022\/08\/13-piezas-de-la-nueva-coleccion-de-zara-home-para-decorar-el-salon-12.jpg 450w, http:\/\/hoycordobaweb.com\/wp-content\/uploads\/2022\/08\/13-piezas-de-la-nueva-coleccion-de-zara-home-para-decorar-el-salon-46.jpg 681w,http:\/\/hoycordobaweb.com\/wp-content\/uploads\/2022\/08\/13-piezas-de-la-nueva-coleccion-de-zara-home-para-decorar-el-salon-47.jpg 1024w, http:\/\/hoycordobaweb.com\/wp-content\/uploads\/2022\/08\/13-piezas-de-la-nueva-coleccion-de-zara-home-para-decorar-el-salon-48.jpg 1366w,\" data-sf-src=\"http:\/\/hoycordobaweb.com\/wp-content\/uploads\/2022\/08\/13-piezas-de-la-nueva-coleccion-de-zara-home-para-decorar-el-salon-12.jpg\" alt=\"cesta de Zara Home\"> <noscript><img alt=\"cesta de Zara Home\" class=\"centro_sinmarco\" src=\"http:\/\/hoycordobaweb.com\/wp-content\/uploads\/2022\/08\/13-piezas-de-la-nueva-coleccion-de-zara-home-para-decorar-el-salon-12.jpg\"><\/noscript> <\/div><\/div>\n<\/div>\n<p>Cesta trenzada en color natural, disponible en varios tama\u00f1os. Su precio es de <a href=\"https:\/\/www.zarahome.com\/es\/sal%C3%B3n\/cestas\/cesta-trenzada-c1020249679p320253113.html?colorId=052&amp;ct=true\">59,99 euros y 129 euros,<\/a> seg\u00fan el tama\u00f1o.<\/p>\n<p><!-- BREAK 13 --><\/p>\n<div class=\"article-asset-image article-asset-normal article-asset-center\">\n<div class=\"asset-content\">\n<div class=\"base-wrapper-image\"> <img class=\"sf-lazy centro_sinmarco\" data-sf-srcset=\"http:\/\/hoycordobaweb.com\/wp-content\/uploads\/2022\/08\/13-piezas-de-la-nueva-coleccion-de-zara-home-para-decorar-el-salon-13.jpg 450w, http:\/\/hoycordobaweb.com\/wp-content\/uploads\/2022\/08\/13-piezas-de-la-nueva-coleccion-de-zara-home-para-decorar-el-salon-49.jpg 681w,http:\/\/hoycordobaweb.com\/wp-content\/uploads\/2022\/08\/13-piezas-de-la-nueva-coleccion-de-zara-home-para-decorar-el-salon-50.jpg 1024w, http:\/\/hoycordobaweb.com\/wp-content\/uploads\/2022\/08\/13-piezas-de-la-nueva-coleccion-de-zara-home-para-decorar-el-salon-51.jpg 1366w,\" data-sf-src=\"http:\/\/hoycordobaweb.com\/wp-content\/uploads\/2022\/08\/13-piezas-de-la-nueva-coleccion-de-zara-home-para-decorar-el-salon-13.jpg\" alt=\"cesta de Zara Home\"> <noscript><img alt=\"cesta de Zara Home\" class=\"centro_sinmarco\" src=\"http:\/\/hoycordobaweb.com\/wp-content\/uploads\/2022\/08\/13-piezas-de-la-nueva-coleccion-de-zara-home-para-decorar-el-salon-13.jpg\"><\/noscript> <\/div><\/div>\n<\/div>\n<p>Cesta alta redonda trenzada con tapa para guardar la colada o para guardar otro tipo de almacenaje, pr\u00e1ctica y decorativa. Su precio es de <a href=\"https:\/\/www.zarahome.com\/es\/sal%C3%B3n\/cestas\/cesta-redonda-con-tapa-c1020249679p321826355.html?colorId=052&amp;ct=truehttps:\/\/www.zarahome.com\/es\/sal%C3%B3n\/cestas\/cesta-redonda-con-tapa-c1020249679p321826355.html?colorId=052&amp;ct=true\">49,99 euros euros o 59,99 euros<\/a>, seg\u00fan el tama\u00f1o.<\/p>\n<p><!-- BREAK 14 --><\/p>\n<div class=\"article-asset-image article-asset-normal article-asset-center\">\n<div class=\"asset-content\">\n<div class=\"base-wrapper-image\"> <img class=\"sf-lazy centro_sinmarco\" data-sf-srcset=\"http:\/\/hoycordobaweb.com\/wp-content\/uploads\/2022\/08\/13-piezas-de-la-nueva-coleccion-de-zara-home-para-decorar-el-salon-14.jpg 450w, http:\/\/hoycordobaweb.com\/wp-content\/uploads\/2022\/08\/13-piezas-de-la-nueva-coleccion-de-zara-home-para-decorar-el-salon-52.jpg 681w,http:\/\/hoycordobaweb.com\/wp-content\/uploads\/2022\/08\/13-piezas-de-la-nueva-coleccion-de-zara-home-para-decorar-el-salon-53.jpg 1024w, http:\/\/hoycordobaweb.com\/wp-content\/uploads\/2022\/08\/13-piezas-de-la-nueva-coleccion-de-zara-home-para-decorar-el-salon-54.jpg 1366w,\" data-sf-src=\"http:\/\/hoycordobaweb.com\/wp-content\/uploads\/2022\/08\/13-piezas-de-la-nueva-coleccion-de-zara-home-para-decorar-el-salon-14.jpg\" alt=\"caja de Zara Home\"> <noscript><img alt=\"caja de Zara Home\" class=\"centro_sinmarco\" src=\"http:\/\/hoycordobaweb.com\/wp-content\/uploads\/2022\/08\/13-piezas-de-la-nueva-coleccion-de-zara-home-para-decorar-el-salon-14.jpg\"><\/noscript> <\/div><\/div>\n<\/div>\n<p>Caja grande de base rectangular con aristas met\u00e1licas en negro, ideal para decorar. Su precio es de <a href=\"https:\/\/www.zarahome.com\/es\/sal%C3%B3n\/cajas\/caja-grande-perfil-negro-c1089524p320245784.html?colorId=800&amp;ct=true\">17,99 euros.<\/a><\/p>\n<p><!-- BREAK 15 --><\/p>\n<p>Fotos | Zara Home<\/p>\n","protected":false},"excerpt":{"rendered":"<p>Zara Home nos enamora con cada una de sus colecciones. Piezas que marca la diferencia en cualquier espacio de la casa. Pero hoy nos vamos a centrar en el sal\u00f3n, la estancia en la que probablemente pasamos m\u00e1s tiempo. La decoraci\u00f3n del sal\u00f3n es clave en una casa y por eso elegir determinadas piezas requiere [&hellip;]<\/p>\n","protected":false},"author":1,"featured_media":46960,"comment_status":"closed","ping_status":"closed","sticky":false,"template":"","format":"standard","meta":[],"categories":[1],"tags":[],"_links":{"self":[{"href":"http:\/\/hoycordobaweb.com\/index.php\/wp-json\/wp\/v2\/posts\/46959"}],"collection":[{"href":"http:\/\/hoycordobaweb.com\/index.php\/wp-json\/wp\/v2\/posts"}],"about":[{"href":"http:\/\/hoycordobaweb.com\/index.php\/wp-json\/wp\/v2\/types\/post"}],"author":[{"embeddable":true,"href":"http:\/\/hoycordobaweb.com\/index.php\/wp-json\/wp\/v2\/users\/1"}],"replies":[{"embeddable":true,"href":"http:\/\/hoycordobaweb.com\/index.php\/wp-json\/wp\/v2\/comments?post=46959"}],"version-history":[{"count":0,"href":"http:\/\/hoycordobaweb.com\/index.php\/wp-json\/wp\/v2\/posts\/46959\/revisions"}],"wp:featuredmedia":[{"embeddable":true,"href":"http:\/\/hoycordobaweb.com\/index.php\/wp-json\/wp\/v2\/media\/46960"}],"wp:attachment":[{"href":"http:\/\/hoycordobaweb.com\/index.php\/wp-json\/wp\/v2\/media?parent=46959"}],"wp:term":[{"taxonomy":"category","embeddable":true,"href":"http:\/\/hoycordobaweb.com\/index.php\/wp-json\/wp\/v2\/categories?post=46959"},{"taxonomy":"post_tag","embeddable":true,"href":"http:\/\/hoycordobaweb.com\/index.php\/wp-json\/wp\/v2\/tags?post=46959"}],"curies":[{"name":"wp","href":"https:\/\/api.w.org\/{rel}","templated":true}]}}