{"id":46902,"date":"2022-08-15T17:12:12","date_gmt":"2022-08-15T17:12:12","guid":{"rendered":"https:\/\/www.ole.com.ar\/futbol-internacional\/francia\/psg-neymar-mbappe-calma_0_IcAk73IDMY.html"},"modified":"2022-08-15T17:12:12","modified_gmt":"2022-08-15T17:12:12","slug":"el-psg-llamo-a-la-calma-a-neymar-y-mbappe","status":"publish","type":"post","link":"http:\/\/hoycordobaweb.com\/index.php\/2022\/08\/15\/el-psg-llamo-a-la-calma-a-neymar-y-mbappe\/","title":{"rendered":"El PSG llam\u00f3 a la calma a Neymar y Mbapp\u00e9"},"content":{"rendered":"<p><img src=\"http:\/\/hoycordobaweb.com\/wp-content\/uploads\/2022\/08\/el-psg-llamo-a-la-calma-a-neymar-y-mbappe.jpg\"><\/p>\n<p>Las escenas quedaron a la vista de todo el Planeta F\u00fatbol: las diferencias entre <a alt=\"kylian-mbappe\" class=\"slug\" href=\"https:\/\/www.ole.com.ar\/tema\/kylian-mbappe.html\" target=\"_blank\" title=\"kylian-mbappe\" rel=\"noopener noreferrer\">Mbapp\u00e9 <\/a>y <a alt=\"neymar\" class=\"slug\" href=\"https:\/\/www.ole.com.ar\/tema\/neymar.html\" target=\"_blank\" title=\"neymar\" rel=\"noopener noreferrer\">Neymar <\/a>durante el partido que el Paris Saint Germain le gan\u00f3 5 a 2 al Montpellier. Ney resolvi\u00f3 rematar el segundo penal a favor de los parisinos contra la opini\u00f3n de Kylian, que hab\u00eda fallado el primero. Y fue gol del brasile\u00f1o. Un d\u00eda despu\u00e9s, <a href=\"https:\/\/www.ole.com.ar\/futbol-internacional\/francia\/guerra-psg-picantes-likes-neymar-mbappe_0_IsINSV7Eod.html\" target=\"_blank\" rel=\"noopener noreferrer\">el brasile\u00f1o like\u00f3 mensajes contra el franc\u00e9s en las redes sociales<\/a>. Mal clima. Y <strong>la dirigencia actu\u00f3<\/strong>.<\/p>\n<p>El manager del club, el portugu\u00e9s Luis Campos, junt\u00f3 a ambas estrellas en una reuni\u00f3n para calmar. Ambos jugadores escucharon que los cuestiones internas deben arreglarse puertas adentro y que las diferencias personales no pueden repercutir en la cancha. El dirigente les aclar\u00f3 que no estaba hablando en broma&#8230; Seg\u00fan inform\u00f3 L&#8217; Parisien, <strong>ambos dieron por terminado el problema.<\/strong><\/p>\n<p>Claro, esto en lo formal. <strong>Ol\u00e9 <\/strong>consult\u00f3 con un periodista que cubre d\u00eda a d\u00eda la actualidad del club y expuso sus dudas de que realmente los problemas no vuelvan a producirse. <\/p>\n<p>Adem\u00e1s, <mark>Neymar cree que la intenci\u00f3n del PSG de desprenderse de \u00e9l en el actual mercado de pases tiene relaci\u00f3n con un pedido de Mbapp\u00e9.<\/mark><\/p>\n<div class=\"sp__Normal\">\n<div class=\"image-embeb image-trigger\" readability=\"6\">\n<picture><source media=\"(min-width: 720px)\" srcset=\"http:\/\/hoycordobaweb.com\/wp-content\/uploads\/2022\/08\/el-psg-llamo-a-la-calma-a-neymar-y-mbappe-2.jpg\"><img itemprop=\"image\" src=\"http:\/\/hoycordobaweb.com\/wp-content\/uploads\/2022\/08\/el-psg-llamo-a-la-calma-a-neymar-y-mbappe-2.jpg\" loading=\"lazy\" alt=\"Ney y Mbapp\u00e9 antes del match ante Montpellier.\">\n<\/picture><figcaption readability=\"2\">\n<p>Ney y Mbapp\u00e9 antes del match ante Montpellier.\n<\/p>\n<\/figcaption><\/div>\n<\/div>\n<h2><strong>&nbsp;El triunfo del PSG<\/strong><\/h2>\n<p>En el partido ante el Montpellier, hubo un gesto muy inesperado de Mbapp\u00e9, quien se desentendi\u00f3 de una jugada cuando no le pasaron la pelota.&nbsp;<\/p>\n<p>Son situaciones de tensi\u00f3n que no aportan para el equipo de Galtier. El entrenador, en tanto, asegur\u00f3 que el encargado de rematar los penales seguir\u00e1 siendo Mbapp\u00e9. Esto en un plantel que por la presi\u00f3n medi\u00e1tica y de sus hinchas no puede conformarse con volver a ganar la Ligue 1. El objetivo es la Champions League.<\/p>\n<div class=\"entry-tags\">\n<h2>TEMAS QUE APARECEN EN ESTA NOTA<\/h2>\n<\/p><\/div>\n","protected":false},"excerpt":{"rendered":"<p>Las escenas quedaron a la vista de todo el Planeta F\u00fatbol: las diferencias entre Mbapp\u00e9 y Neymar durante el partido que el Paris Saint Germain le gan\u00f3 5 a 2 al Montpellier. Ney resolvi\u00f3 rematar el segundo penal a favor de los parisinos contra la opini\u00f3n de Kylian, que hab\u00eda fallado el primero. Y fue [&hellip;]<\/p>\n","protected":false},"author":1,"featured_media":46903,"comment_status":"open","ping_status":"closed","sticky":false,"template":"","format":"standard","meta":[],"categories":[16],"tags":[],"_links":{"self":[{"href":"http:\/\/hoycordobaweb.com\/index.php\/wp-json\/wp\/v2\/posts\/46902"}],"collection":[{"href":"http:\/\/hoycordobaweb.com\/index.php\/wp-json\/wp\/v2\/posts"}],"about":[{"href":"http:\/\/hoycordobaweb.com\/index.php\/wp-json\/wp\/v2\/types\/post"}],"author":[{"embeddable":true,"href":"http:\/\/hoycordobaweb.com\/index.php\/wp-json\/wp\/v2\/users\/1"}],"replies":[{"embeddable":true,"href":"http:\/\/hoycordobaweb.com\/index.php\/wp-json\/wp\/v2\/comments?post=46902"}],"version-history":[{"count":0,"href":"http:\/\/hoycordobaweb.com\/index.php\/wp-json\/wp\/v2\/posts\/46902\/revisions"}],"wp:featuredmedia":[{"embeddable":true,"href":"http:\/\/hoycordobaweb.com\/index.php\/wp-json\/wp\/v2\/media\/46903"}],"wp:attachment":[{"href":"http:\/\/hoycordobaweb.com\/index.php\/wp-json\/wp\/v2\/media?parent=46902"}],"wp:term":[{"taxonomy":"category","embeddable":true,"href":"http:\/\/hoycordobaweb.com\/index.php\/wp-json\/wp\/v2\/categories?post=46902"},{"taxonomy":"post_tag","embeddable":true,"href":"http:\/\/hoycordobaweb.com\/index.php\/wp-json\/wp\/v2\/tags?post=46902"}],"curies":[{"name":"wp","href":"https:\/\/api.w.org\/{rel}","templated":true}]}}