{"id":46815,"date":"2022-08-12T23:18:35","date_gmt":"2022-08-12T23:18:35","guid":{"rendered":"https:\/\/www.ole.com.ar\/futbol-internacional\/jugador-pelea-mexico-colombia_0_y5bpl7JNlf.html"},"modified":"2022-08-12T23:18:35","modified_gmt":"2022-08-12T23:18:35","slug":"el-jugador-por-el-que-se-pelean-mexico-y-colombia","status":"publish","type":"post","link":"http:\/\/hoycordobaweb.com\/index.php\/2022\/08\/12\/el-jugador-por-el-que-se-pelean-mexico-y-colombia\/","title":{"rendered":"El jugador por el que se pelean M\u00e9xico y Colombia"},"content":{"rendered":"<p><img src=\"http:\/\/hoycordobaweb.com\/wp-content\/uploads\/2022\/08\/el-jugador-por-el-que-se-pelean-mexico-y-colombia.jpg\"><\/p>\n<p>Los casos de jugadores con m\u00e1s de una nacionalidad generan disputa e intriga entre los seguidores del buen f\u00fatbol. Es por eso que el caso de Fernando \u00c1lvarez caus\u00f3 un<strong> fuerte revuelo ya que tiene triple nacionalidad: mexicana, colombiana y estadounidense<\/strong>. Ante esto, parecer\u00eda ser que la selecci\u00f3n de M\u00e9xico se quedar\u00e1 sin la posibilidad de incorporarlo en sus listas ya que en las \u00faltimas horas otro pa\u00eds lo primere\u00f3. <\/p>\n<div class=\"sp__SM\">\n<div class=\"content-new \">\n<span class=\"tit-mobile\">Mir\u00e1 tambi\u00e9n<\/span><\/p>\n<div class=\"mg\">\n<div class=\"wrap-figure\">\n<picture>\n<a href=\"https:\/\/www.ole.com.ar\/copadelmundoamateurrio\/futbol-mundial-amateur-rio_0_js1x7HAc51.html\" target=\"_self\" rel=\"noopener noreferrer\"><br \/>\n<img class=\"img-responsive\" alt=\"Arranc\u00f3 la previa del Mundial de F\u00fatbol Amateur\" src=\"http:\/\/hoycordobaweb.com\/wp-content\/uploads\/2022\/08\/el-jugador-por-el-que-se-pelean-mexico-y-colombia-2.jpg\" loading=\"lazy\"><br \/>\n<\/a>\n<\/picture>\n<\/div>\n<\/div><\/div>\n<\/div>\n<p>Fernando \u00c1lvarez tiene 18 a\u00f1os y naci\u00f3 en Nueva York y actualmente juega en Pachuca. Ya jug\u00f3 en la Liga MX Sub 20 y se destac\u00f3 como una de las estrellas del plantel. Sin embargo, al <strong>no haber competido a\u00fan con la mayor tiene la posibilidad de jugar con otras selecciones y Colombia hizo lo suyo.<\/strong><\/p>\n<div class=\"sp__SM\">\n<div class=\"content-new \">\n<span class=\"tit-mobile\">Mir\u00e1 tambi\u00e9n<\/span><\/p>\n<div class=\"mg\">\n<div class=\"wrap-figure\">\n<picture>\n<a href=\"https:\/\/www.ole.com.ar\/mundial\/mundial-qatar-202\/club-fan-argentinos-qatar-sangre-mundial_0_EylzmSAdJ7.html\" target=\"_self\" rel=\"noopener noreferrer\"><br \/>\n<img class=\"img-responsive\" alt=\"Hinchas argentinos donaron sangre en Qatar: un gesto lleno de pasi\u00f3n\" src=\"http:\/\/hoycordobaweb.com\/wp-content\/uploads\/2022\/08\/el-jugador-por-el-que-se-pelean-mexico-y-colombia-3.jpg\" loading=\"lazy\"><br \/>\n<\/a>\n<\/picture>\n<\/div>\n<\/div><\/div>\n<\/div>\n<p>En las \u00faltimas horas los colombianos presentaron su listado Sub 20 para una breve gira y entre los seleccionados por<strong> H\u00e9ctor Fabio C\u00e1rdenas figura el nombre de este joven mediocampista que ya pas\u00f3 por M\u00e9xico en las categor\u00edas Sub 16 y Sub 18.&nbsp;<\/strong><\/p>\n<div class=\"sp__SM\">\n<div class=\"content-new \">\n<span class=\"tit-mobile\">Mir\u00e1 tambi\u00e9n<\/span><\/p>\n<div class=\"mg\">\n<div class=\"wrap-figure\">\n<picture>\n<a href=\"https:\/\/www.ole.com.ar\/fuera-de-juego\/chile-insistencia-castillo-byron_0_Uubse37f5S.html\" target=\"_self\" rel=\"noopener noreferrer\"><br \/>\n<img class=\"img-responsive\" alt=\"Chile sigue insistiendo: denunci\u00f3 a Castillo por fraude al sistema de salud colombiano\" src=\"http:\/\/hoycordobaweb.com\/wp-content\/uploads\/2022\/08\/el-jugador-por-el-que-se-pelean-mexico-y-colombia-4.jpg\" loading=\"lazy\"><br \/>\n<\/a>\n<\/picture>\n<\/div>\n<\/div><\/div>\n<\/div>\n<p>Teniendo en cuenta que actualmente su contrato con el club mexicano vence en diciembre de este a\u00f1o y <strong>que gana 111 mil d\u00f3lares parecer\u00eda ser que buscar\u00e1 seguir su carrera en otra instituci\u00f3n. <\/strong>Mientras tanto a nivel selecci\u00f3n tiene la posibilidad de competir con cualquiera de las tres nacionalidades que posee hasta debutar en la m\u00e1xima categor\u00eda donde finalmente tendr\u00e1 que escoger qu\u00e9 pa\u00eds representar\u00e1 ya que no puede cambiar.<\/p>\n<div class=\"sp__SM\">\n<div class=\"content-new \">\n<span class=\"tit-mobile\">Mir\u00e1 tambi\u00e9n<\/span><\/p>\n<div class=\"mg\">\n<div class=\"wrap-figure\">\n<picture>\n<a href=\"https:\/\/www.ole.com.ar\/futbol-internacional\/video-guardiola-confusion-america-chivas_0_cct7agATbC.html\" target=\"_self\" rel=\"noopener noreferrer\"><br \/>\n<img class=\"img-responsive\" alt=\"Video: la viral confusi\u00f3n de Guardiola sobre el Am\u00e9rica de M\u00e9xico\" src=\"http:\/\/hoycordobaweb.com\/wp-content\/uploads\/2022\/08\/el-jugador-por-el-que-se-pelean-mexico-y-colombia-5.jpg\" loading=\"lazy\"><br \/>\n<\/a>\n<\/picture>\n<\/div>\n<\/div><\/div>\n<\/div>\n<p>El reglamento antes era mucho m\u00e1s estricto y no hab\u00eda lugar casi a interpretaciones ni a especulaciones de los futbolistas o las federaciones. Luego de varios cambios, la normativa vigente desde septiembre de 2020 permite que un jugador participe en la mayor de dos pa\u00edses, aunque con ciertas restricciones: no se puede cambiar de selecci\u00f3n como se hace entre clubes.<\/p>\n<div class=\"sp__SM\">\n<div class=\"content-new \">\n<span class=\"tit-mobile\">Mir\u00e1 tambi\u00e9n<\/span><\/p>\n<div class=\"mg\">\n<div class=\"wrap-figure\">\n<picture>\n<a href=\"https:\/\/www.ole.com.ar\/futbol-internacional\/america\/ormeno-chivas-mexico-seleccion-peru_0_V8y7wVfDtr.html\" target=\"_self\" rel=\"noopener noreferrer\"><br \/>\n<img class=\"img-responsive\" alt=\"Naci\u00f3 en M\u00e9xico pero eligi\u00f3 representar a Per\u00fa: &quot;Siento feo que me digan que no soy mexicano&quot;\" src=\"http:\/\/hoycordobaweb.com\/wp-content\/uploads\/2022\/08\/el-jugador-por-el-que-se-pelean-mexico-y-colombia-6.jpg\" loading=\"lazy\"><br \/>\n<\/a>\n<\/picture>\n<\/div>\n<\/div><\/div>\n<\/div>\n<p>Es que&nbsp;el jugador debe<strong> tener menos de 21 a\u00f1os al momento de haber representado a la otra naci\u00f3n, no jugar m\u00e1s de tres partidos oficiales o no oficiales con la selecci\u00f3n en cuesti\u00f3n, que hayan pasado tres a\u00f1os desde ese encuentro y no haber participado en Mundiales o torneos continentales de las distintas confederaciones.&nbsp;<\/strong>\u200bLas posibilidades para \u00c1lvarez son vastas y habr\u00e1 que ver donde se destaca a futuro.<\/p>\n<div class=\"sp__SM\">\n<div class=\"content-new \">\n<span class=\"tit-mobile\">Mir\u00e1 tambi\u00e9n<\/span><\/p>\n<div class=\"mg\">\n<div class=\"wrap-figure\">\n<picture>\n<a href=\"https:\/\/www.ole.com.ar\/ecuador\/emelec\/emelec-tarira-ligapro_0_gUC5tdkvu7.html\" target=\"_self\" rel=\"noopener noreferrer\"><br \/>\n<img class=\"img-responsive\" alt=\"De canterano al primer plantel: Emelec cerr\u00f3 su libro de pases\" src=\"http:\/\/hoycordobaweb.com\/wp-content\/uploads\/2022\/08\/el-jugador-por-el-que-se-pelean-mexico-y-colombia-7.jpg\" loading=\"lazy\"><br \/>\n<\/a>\n<\/picture>\n<\/div>\n<\/div><\/div>\n<\/div>\n<div class=\"entry-tags\">\n<h2>TEMAS QUE APARECEN EN ESTA NOTA<\/h2>\n<\/p><\/div>\n","protected":false},"excerpt":{"rendered":"<p>Los casos de jugadores con m\u00e1s de una nacionalidad generan disputa e intriga entre los seguidores del buen f\u00fatbol. Es por eso que el caso de Fernando \u00c1lvarez caus\u00f3 un fuerte revuelo ya que tiene triple nacionalidad: mexicana, colombiana y estadounidense. Ante esto, parecer\u00eda ser que la selecci\u00f3n de M\u00e9xico se quedar\u00e1 sin la posibilidad [&hellip;]<\/p>\n","protected":false},"author":1,"featured_media":46816,"comment_status":"open","ping_status":"closed","sticky":false,"template":"","format":"standard","meta":[],"categories":[16],"tags":[],"_links":{"self":[{"href":"http:\/\/hoycordobaweb.com\/index.php\/wp-json\/wp\/v2\/posts\/46815"}],"collection":[{"href":"http:\/\/hoycordobaweb.com\/index.php\/wp-json\/wp\/v2\/posts"}],"about":[{"href":"http:\/\/hoycordobaweb.com\/index.php\/wp-json\/wp\/v2\/types\/post"}],"author":[{"embeddable":true,"href":"http:\/\/hoycordobaweb.com\/index.php\/wp-json\/wp\/v2\/users\/1"}],"replies":[{"embeddable":true,"href":"http:\/\/hoycordobaweb.com\/index.php\/wp-json\/wp\/v2\/comments?post=46815"}],"version-history":[{"count":0,"href":"http:\/\/hoycordobaweb.com\/index.php\/wp-json\/wp\/v2\/posts\/46815\/revisions"}],"wp:featuredmedia":[{"embeddable":true,"href":"http:\/\/hoycordobaweb.com\/index.php\/wp-json\/wp\/v2\/media\/46816"}],"wp:attachment":[{"href":"http:\/\/hoycordobaweb.com\/index.php\/wp-json\/wp\/v2\/media?parent=46815"}],"wp:term":[{"taxonomy":"category","embeddable":true,"href":"http:\/\/hoycordobaweb.com\/index.php\/wp-json\/wp\/v2\/categories?post=46815"},{"taxonomy":"post_tag","embeddable":true,"href":"http:\/\/hoycordobaweb.com\/index.php\/wp-json\/wp\/v2\/tags?post=46815"}],"curies":[{"name":"wp","href":"https:\/\/api.w.org\/{rel}","templated":true}]}}