{"id":46813,"date":"2022-08-13T19:26:35","date_gmt":"2022-08-13T19:26:35","guid":{"rendered":"https:\/\/www.ole.com.ar\/futbol-internacional\/espana\/celta-coudet-empate-espanyol_0_Nr5PsCwq0S.html"},"modified":"2022-08-13T19:26:35","modified_gmt":"2022-08-13T19:26:35","slug":"al-celta-de-coudet-se-lo-igualaron-en-el-descuento","status":"publish","type":"post","link":"http:\/\/hoycordobaweb.com\/index.php\/2022\/08\/13\/al-celta-de-coudet-se-lo-igualaron-en-el-descuento\/","title":{"rendered":"Al Celta de Coudet se lo igualaron en el descuento"},"content":{"rendered":"<p><img src=\"http:\/\/hoycordobaweb.com\/wp-content\/uploads\/2022\/08\/al-celta-de-coudet-se-lo-igualaron-en-el-descuento.jpg\"><\/p>\n<p>Con un gol de penal de Joselu en el minuto 97, tras una inocente falta de Mingueza revisada por el VAR, al Celta de Eduardo Coudet se le escap\u00f3 el triunfo luego de arrancar ganando 2-0 frente al Espanyol.<\/p>\n<p>El primer tiempo apenas concentr\u00f3 ocasiones de gol. Careci\u00f3 de brillantez, pese a un inicio prometedor del Espanyol, que avis\u00f3 en los primeros minutos con un potente latigazo desde fuera del \u00e1rea de Darder que fue al poste.<\/p>\n<div class=\"sp__Normal\">\n<div class=\"image-embeb image-trigger\" readability=\"6\">\n<picture><source media=\"(min-width: 720px)\" srcset=\"http:\/\/hoycordobaweb.com\/wp-content\/uploads\/2022\/08\/al-celta-de-coudet-se-lo-igualaron-en-el-descuento-2.jpg\"><img itemprop=\"image\" src=\"http:\/\/hoycordobaweb.com\/wp-content\/uploads\/2022\/08\/al-celta-de-coudet-se-lo-igualaron-en-el-descuento-2.jpg\" loading=\"lazy\" alt=\"Augusto Solari fue titular en el Celta. (EFE)\">\n<\/picture><figcaption readability=\"2\">\n<p>Augusto Solari fue titular en el Celta. (EFE)\n<\/p>\n<\/figcaption><\/div>\n<\/div>\n<p>El Espanyol fue fiel a su plan. Se resguard\u00f3, sin apuros, a la espera de alg\u00fan contraataque con el que sorprender a Marches\u00edn. Solo lo logr\u00f3 una vez con una larga carrera de Rub\u00e9n, que finaliz\u00f3 sin peligro, como sucedi\u00f3 tambi\u00e9n, minutos despu\u00e9s, con un mal tiro de falta de Oliv\u00e1n.<\/p>\n<p>El partido, con posesi\u00f3n est\u00e9ril del equipo Vigo, fue adormeciendo hasta que, a un minuto del descanso, lleg\u00f3 la extraordinaria aparici\u00f3n de Iago Aspas. El Celta trenz\u00f3 una buena jugada, culminada con una triangulaci\u00f3n \u00d3scar-Solari-Aspas. Fue brillante: \u00d3scar vio el desmarque de Solari hacia la zona central del \u00e1rea, el argentino cabece\u00f3 hacia atr\u00e1s y Aspas, pegado al central Cabrera, marc\u00f3 el gol con un toque sutil, un suave tiro cruzado.<\/p>\n<div class=\"sp__Normal\">\n<div class=\"image-embeb image-trigger\" readability=\"6\">\n<picture><source media=\"(min-width: 720px)\" srcset=\"http:\/\/hoycordobaweb.com\/wp-content\/uploads\/2022\/08\/al-celta-de-coudet-se-lo-igualaron-en-el-descuento-3.jpg\"><img itemprop=\"image\" src=\"http:\/\/hoycordobaweb.com\/wp-content\/uploads\/2022\/08\/al-celta-de-coudet-se-lo-igualaron-en-el-descuento-3.jpg\" loading=\"lazy\" alt=\"Agust\u00edn Marches\u00edn hizo su debut en el Celta. (EFE)\">\n<\/picture><figcaption readability=\"2\">\n<p>Agust\u00edn Marches\u00edn hizo su debut en el Celta. (EFE)\n<\/p>\n<\/figcaption><\/div>\n<\/div>\n<p>En el segundo tiempo,&nbsp;el Celta, que tuvo a Cervi y Solari tambi\u00e9n de arranque, se apoder\u00f3 de la pelota. Fue m\u00e1s vertical. Manej\u00f3 el bal\u00f3n con m\u00e1s velocidad. Tapia avis\u00f3 con un disparo lejano. El Espanyol sufri\u00f3.<\/p>\n<p>El Celta concret\u00f3 todo su dominio mediada la segunda mitad con otra gran acci\u00f3n que coron\u00f3 Gonzalo Paciencia. El delantero portugu\u00e9s apareci\u00f3 por la zona central para aguantar la pelota, abrir el juego hacia la banda izquierda, correr hasta el \u00e1rea y cabecear el centro de Javi Gal\u00e1n. Paciencia, como hab\u00eda hecho Aspas en el primer tiempo, se impuso a Cabrera.<\/p>\n<p>Ese segundo tanto desaceler\u00f3 el ritmo del Celta. Y el equipo de Diego Mart\u00ednez apenas asom\u00f3 sobre el \u00e1rea gallega hasta los \u00faltimos veinte minutos del encuentro. El gol de&nbsp;Edu Exp\u00f3sito hiri\u00f3 a los de Coudet, pero el equipo celeste resisti\u00f3. Hasta que en el \u00faltimo minuto del descuento Mingueza derrib\u00f3 a Joselu dentro del \u00e1rea. Fue una falta ingenua que deriv\u00f3 en el empate de Joselu que silenci\u00f3 Bala\u00eddos.<\/p>\n<p><opta-widget sport=\"football\" widget=\"timeline\" competition=\"23\" season=\"2022\" match=\"2301590\" template=\"normal\" live=\"true\" orientation=\"horizontal\" vertical_timebar_height=\"260\" show_match_header=\"true\" show_score=\"true\" show_crests=\"true\" show_assists=\"all\" show_team_formation=\"true\" show_clock=\"true\" show_period_dividers=\"true\" show_halftime_score=\"false\" show_date=\"true\" date_format=\"dddd D MMMM YYYY\" show_attendance=\"true\" show_images=\"true\" show_referee=\"true\" show_venue=\"true\" show_cards=\"all\" show_goals=\"true\" show_penalties_missed=\"true\" show_subs=\"false\" show_goals_combined=\"false\" show_shootouts=\"false\" show_competition_name=\"true\" competition_naming=\"full\" team_naming=\"full\" player_naming=\"full\" show_live=\"true\" show_logo=\"false\" show_title=\"true\" breakpoints=\"400, 700\"><\/opta-widget><opta-widget sport=\"football\" widget=\"matchstats\" competition=\"23\" season=\"2022\" match=\"2301590\" template=\"lineups\" live=\"true\" side=\"both\" column_count=\"1\" side_by_side=\"true\" show_match_header=\"true\" show_score=\"true\" show_halftime_score=\"false\" show_crests=\"false\" show_team_formation=\"true\" show_competition_name=\"true\" show_date=\"false\" date_format=\"dddd D MMMM YYYY\" order_by=\"position\" group_by_position=\"false\" show_position=\"true\" show_images=\"false\" show_key=\"false\" show_starters=\"true\" show_goalkeepers=\"true\" show_defenders=\"true\" show_midfielders=\"true\" show_forwards=\"true\" show_subs=\"true\" show_unused_subs=\"false\" show_managers=\"true\" show_captain=\"false\" show_match_events=\"true\" competition_naming=\"full\" team_naming=\"full\" player_naming=\"full\" show_live=\"false\" show_logo=\"false\" show_title=\"true\" breakpoints=\"400, 700\"><\/opta-widget><opta-widget widget=\"commentary\" competition=\"23\" season=\"2022\" match=\"2301590\" template=\"normal\" live=\"true\" data_type=\"auto\" order_by=\"time_descending\" show_event_icons=\"true\" show_minor_events=\"true\" fixed_height_comments=\"300\" show_live=\"true\" show_logo=\"false\" show_title=\"true\" breakpoints=\"400\" sport=\"football\"><\/opta-widget><opta-widget sport=\"football\" widget=\"heatmap\" competition=\"23\" season=\"2022\" match=\"2301590\" preselected_player template=\"normal\" live=\"true\" show_maps=\"all\" orientation=\"horizontal\" side=\"both\" dimension=\"2D\" one_direction=\"false\" show_match_header=\"true\" show_score=\"true\" show_halftime_score=\"false\" show_crests=\"false\" show_team_formation=\"true\" show_competition_name=\"true\" show_date=\"true\" date_format=\"dddd D MMMM YYYY\" show_team_sheets=\"true\" show_subs=\"true\" show_position=\"true\" show_timecontrols=\"true\" show_timecontrols_buttons=\"true\" show_timecontrols_bar=\"true\" show_tooltips=\"false\" competition_naming=\"full\" team_naming=\"full\" player_naming=\"full\" show_logo=\"false\" show_title=\"true\" breakpoints=\"400, 700\"><\/opta-widget><opta-widget widget=\"standings\" competition=\"23\" season=\"2022\" template=\"normal\" live=\"true\" default_nav=\"1\" side=\"combined\" data_detail=\"default\" show_key=\"true\" show_crests=\"true\" points_in_first_column=\"true\" lose_before_draw=\"false\" competition_naming=\"full\" team_naming=\"full\" date_format=\"dddd D MMMM YYYY\" sorting=\"false\" show_live=\"false\" show_relegation_average=\"true\" show_logo=\"true\" show_title=\"true\" breakpoints=\"382\" sport=\"football\"><\/opta-widget> <\/p>\n<div class=\"entry-tags\">\n<h2>TEMAS QUE APARECEN EN ESTA NOTA<\/h2>\n<\/p><\/div>\n","protected":false},"excerpt":{"rendered":"<p>Con un gol de penal de Joselu en el minuto 97, tras una inocente falta de Mingueza revisada por el VAR, al Celta de Eduardo Coudet se le escap\u00f3 el triunfo luego de arrancar ganando 2-0 frente al Espanyol. El primer tiempo apenas concentr\u00f3 ocasiones de gol. Careci\u00f3 de brillantez, pese a un inicio prometedor [&hellip;]<\/p>\n","protected":false},"author":1,"featured_media":46814,"comment_status":"open","ping_status":"closed","sticky":false,"template":"","format":"standard","meta":[],"categories":[16],"tags":[],"_links":{"self":[{"href":"http:\/\/hoycordobaweb.com\/index.php\/wp-json\/wp\/v2\/posts\/46813"}],"collection":[{"href":"http:\/\/hoycordobaweb.com\/index.php\/wp-json\/wp\/v2\/posts"}],"about":[{"href":"http:\/\/hoycordobaweb.com\/index.php\/wp-json\/wp\/v2\/types\/post"}],"author":[{"embeddable":true,"href":"http:\/\/hoycordobaweb.com\/index.php\/wp-json\/wp\/v2\/users\/1"}],"replies":[{"embeddable":true,"href":"http:\/\/hoycordobaweb.com\/index.php\/wp-json\/wp\/v2\/comments?post=46813"}],"version-history":[{"count":0,"href":"http:\/\/hoycordobaweb.com\/index.php\/wp-json\/wp\/v2\/posts\/46813\/revisions"}],"wp:featuredmedia":[{"embeddable":true,"href":"http:\/\/hoycordobaweb.com\/index.php\/wp-json\/wp\/v2\/media\/46814"}],"wp:attachment":[{"href":"http:\/\/hoycordobaweb.com\/index.php\/wp-json\/wp\/v2\/media?parent=46813"}],"wp:term":[{"taxonomy":"category","embeddable":true,"href":"http:\/\/hoycordobaweb.com\/index.php\/wp-json\/wp\/v2\/categories?post=46813"},{"taxonomy":"post_tag","embeddable":true,"href":"http:\/\/hoycordobaweb.com\/index.php\/wp-json\/wp\/v2\/tags?post=46813"}],"curies":[{"name":"wp","href":"https:\/\/api.w.org\/{rel}","templated":true}]}}