{"id":46803,"date":"2022-08-11T20:32:19","date_gmt":"2022-08-11T20:32:19","guid":{"rendered":"https:\/\/ladecimaweb.com\/?p=14116"},"modified":"2022-08-11T20:32:19","modified_gmt":"2022-08-11T20:32:19","slug":"investigan-la-muerte-de-cinco-bebes-en-el-hospital-materno-neonatal","status":"publish","type":"post","link":"http:\/\/hoycordobaweb.com\/index.php\/2022\/08\/11\/investigan-la-muerte-de-cinco-bebes-en-el-hospital-materno-neonatal\/","title":{"rendered":"Investigan la muerte de cinco beb\u00e9s en el hospital Materno Neonatal"},"content":{"rendered":"<div class=\"boldgrid-section\">\n<div class=\"container\">\n<div class=\"row\">\n<div class=\"col-md-12 col-xs-12 col-sm-12 boldgrid-section\">\n<p class=\"\">La Justicia de C\u00f3rdoba investiga la muerte de al menos 5 beb\u00e9s entre marzo y junio en el Hospital Materno Neonatal de la Capital provincial, hecho por el cual fueron suspendidos empleados del centro asistencial, se\u00f1alaron fuentes judiciales.<\/p>\n<p class=\"\"><strong>El fiscal Ra\u00fal Garz\u00f3n confirm\u00f3 la investigaci\u00f3n y detall\u00f3 que se trata de \u201cvarios\u201d beb\u00e9s reci\u00e9n nacidos que fallecieron en el Hospital Neonatal meses atr\u00e1s.<\/strong><\/p>\n<p class=\"\">\u201cSe ha radicado una denuncia donde se da cuenta de fallecimiento de varios reci\u00e9n nacidos, un hecho de enorme gravedad\u201d, dijo a <b>Mitre C\u00f3rdoba<\/b>.<\/p>\n<p class=\"\">El fiscal orden\u00f3 el secuestro de material para \u201cdilucidar la causa de la muerte de los ni\u00f1itos reci\u00e9n nacidos\u201d. En el programa<span>&nbsp;<\/span><b>Mediod\u00eda en Mitre<\/b><span>&nbsp;<\/span>informaron sobre la muerte de 10 beb\u00e9s y la suspensi\u00f3n de \u201c40 empleados\u201d. Sin embargo, fuentes del Ministerio de Salud provincial se\u00f1alaron a<span>&nbsp;<\/span><b>La Voz<\/b><span>&nbsp;<\/span>que se investiga la muerte de \u201c5 beb\u00e9s\u201d ocurridas \u201centre marzo y junio\u201d y que el n\u00famero de empleados suspendidos o bajo investigaci\u00f3n es mucho menor.<\/p>\n<p>La intervenci\u00f3n judicial se dio luego de que la direcci\u00f3n del hospital y el \u00e1rea de Legales del Ministerio de Salud realizaran un sumario interno que plante\u00f3 la posibilidad de malas pr\u00e1cticas m\u00e9dicas como explicaciones para los decesos.<\/p>\n<p>\u201cTodo este material que hace a los antecedentes debe ser analizado por el cuerpo m\u00e9dico especializado\u201d, agreg\u00f3 el fiscal.<\/p>\n<p class=\"\"><strong>Consultado sobre si hay responsabilidad de alg\u00fan o algunos de los trabajadores del Neonatal, Garz\u00f3n dijo que \u201cno se descarta\u201d la posibilidad.<\/strong><\/p>\n<p>Garz\u00f3n cont\u00f3 que los casos se conocieron a ra\u00edz denuncias particulares, en los cuales se realizaron autopsias para determinar las causas de los decesos.<\/p>\n<p>\u201cExisten causas vinculadas. Por estos d\u00edas se va a resolver qui\u00e9n va a ser el fiscal que continuar\u00e1 interviniendo en los hechos\u201d, dijo.<\/p>\n<p>\u201cSe han realizado autopsias en las primeras causas, donde fueron denunciadas muertes puntuales\u201d, detall\u00f3.<\/p>\n<p><strong>Apartamientos<\/strong><\/p>\n<p class=\"\">El ministro de Salud provincial, Diego Cardozo, <strong>decidi\u00f3 apartar a la directora del hospital Materno Neonatal, Liliana As\u00eds,<\/strong> y a la subdirectora Claudia Ringelheim luego de que se conocieran las muertes de cinco beb\u00e9s y la intoxicaci\u00f3n de ocho m\u00e1s.&nbsp;<\/p>\n<p class=\"\">La investigaci\u00f3n est\u00e1 desde julio en la Provincia y el sumario interno se inici\u00f3 a mediados de junio en el hospital, con participaci\u00f3n del \u00e1rea de Legales de Salud.<\/p>\n<p class=\"\"><strong>Comunicado<\/strong><\/p>\n<p class=\"\"><span><strong>El Ministerio de Salud de la Provincia de C\u00f3rdoba emiti\u00f3 un comunicado<\/strong> este jueves donde informan, en relaci\u00f3n a la situaci\u00f3n del Hospital que, \u201ctras advertirse una serie de <strong>inconsistencias en la evoluci\u00f3n de pacientes de este nosocomio<\/strong>, entre marzo y junio del 2022, se procedi\u00f3 a recabar datos sobre su atenci\u00f3n sanitaria, y preventivamente se dispuso apartar al personal posiblemente relacionado a los hechos\u201d.<\/span><\/p>\n<p class=\"\">\u201cDe tal manera, observando factores adversos en com\u00fan y\/o muy similares, los que no coinciden con el diagn\u00f3stico y las caracter\u00edsticas de la madre y el reci\u00e9n nacido, <strong>se inici\u00f3 una investigaci\u00f3n administrativa a los fines de esclarecer los hechos<\/strong> y determinar la posible causal, y en caso de corresponder la efectiva atribuci\u00f3n de responsabilidades\u201d, a\u00f1adieron.<\/p>\n<p class=\"\">En ese marco, <strong>\u201cse detectaron cinco neonatos fallecidos, que contin\u00faan bajo investigaci\u00f3n del Ministerio de Salud y de la Justicia,<\/strong> a cargo del Dr. Ra\u00fal Garz\u00f3n (Fiscal\u00eda del Distrito 3 Turno 7), ante quien el Ministerio de Salud ha puesto a disposici\u00f3n todos los elementos solicitados para colaborar con la investigaci\u00f3n\u201d.<\/p>\n<p class=\"\">Por \u00faltimo, aseguraron que \u201cla cartera sanitaria dispuso apartar de sus funciones a los directivos del Hospital Neonatal\u201d.<\/p>\n<p class=\"\"><em>foto lavoz.com.ar<\/em><\/p>\n<p class=\"\">\n<div class=\"ubm_banner\"><a href=\"https:\/\/www.cba.gov.ar\" target=\"_blank\" rel=\"dofollow noopener noreferrer\"><img src=\"http:\/\/hoycordobaweb.com\/wp-content\/uploads\/2022\/08\/investigan-la-muerte-de-cinco-bebes-en-el-hospital-materno-neonatal.gif\" alt=\"\"><\/a><\/div>\n<\/div>\n<\/div>\n<\/div>\n<\/div>\n<p>La entrada <a rel=\"nofollow\" href=\"https:\/\/ladecimaweb.com\/investigan-la-muerte-de-cinco-bebes-en-el-hospital-materno-neonatal\/\">Investigan la muerte de cinco beb\u00e9s en el hospital Materno Neonatal<\/a> se public\u00f3 primero en <a rel=\"nofollow\" href=\"https:\/\/ladecimaweb.com\">LaDecima<\/a>.<\/p>\n","protected":false},"excerpt":{"rendered":"<p>La Justicia de C\u00f3rdoba investiga la muerte de al menos 5 beb\u00e9s entre marzo y junio en el Hospital Materno Neonatal de la Capital provincial, hecho por el cual fueron suspendidos empleados del centro asistencial, se\u00f1alaron fuentes judiciales. El fiscal Ra\u00fal Garz\u00f3n confirm\u00f3 la investigaci\u00f3n y detall\u00f3 que se trata de \u201cvarios\u201d beb\u00e9s reci\u00e9n nacidos [&hellip;]<\/p>\n","protected":false},"author":1,"featured_media":46804,"comment_status":"closed","ping_status":"closed","sticky":false,"template":"","format":"standard","meta":[],"categories":[19],"tags":[],"_links":{"self":[{"href":"http:\/\/hoycordobaweb.com\/index.php\/wp-json\/wp\/v2\/posts\/46803"}],"collection":[{"href":"http:\/\/hoycordobaweb.com\/index.php\/wp-json\/wp\/v2\/posts"}],"about":[{"href":"http:\/\/hoycordobaweb.com\/index.php\/wp-json\/wp\/v2\/types\/post"}],"author":[{"embeddable":true,"href":"http:\/\/hoycordobaweb.com\/index.php\/wp-json\/wp\/v2\/users\/1"}],"replies":[{"embeddable":true,"href":"http:\/\/hoycordobaweb.com\/index.php\/wp-json\/wp\/v2\/comments?post=46803"}],"version-history":[{"count":0,"href":"http:\/\/hoycordobaweb.com\/index.php\/wp-json\/wp\/v2\/posts\/46803\/revisions"}],"wp:featuredmedia":[{"embeddable":true,"href":"http:\/\/hoycordobaweb.com\/index.php\/wp-json\/wp\/v2\/media\/46804"}],"wp:attachment":[{"href":"http:\/\/hoycordobaweb.com\/index.php\/wp-json\/wp\/v2\/media?parent=46803"}],"wp:term":[{"taxonomy":"category","embeddable":true,"href":"http:\/\/hoycordobaweb.com\/index.php\/wp-json\/wp\/v2\/categories?post=46803"},{"taxonomy":"post_tag","embeddable":true,"href":"http:\/\/hoycordobaweb.com\/index.php\/wp-json\/wp\/v2\/tags?post=46803"}],"curies":[{"name":"wp","href":"https:\/\/api.w.org\/{rel}","templated":true}]}}