{"id":46792,"date":"2022-08-12T22:30:00","date_gmt":"2022-08-12T22:30:00","guid":{"rendered":"https:\/\/fm-comunicar.com.ar\/contenido\/19481\/confirman-el-festival-bum-bum-de-la-mona-jimenez-en-el-anfiteatro"},"modified":"2022-08-12T22:30:00","modified_gmt":"2022-08-12T22:30:00","slug":"confirman-el-festival-bum-bum-de-la-mona-jimenez-en-el-anfiteatro","status":"publish","type":"post","link":"http:\/\/hoycordobaweb.com\/index.php\/2022\/08\/12\/confirman-el-festival-bum-bum-de-la-mona-jimenez-en-el-anfiteatro\/","title":{"rendered":"Confirman el Festival \u00abBum Bum\u00bb de la Mona Jim\u00e9nez en el Anfiteatro"},"content":{"rendered":"<p>La ciudad de Jes\u00fas Mar\u00eda ser\u00e1 la primera del interior de C\u00f3rdoba en recibir la propuesta itinerante de m\u00fasica urbana y popular. Ser\u00e1 el s\u00e1bado 8 y domingo 9 de octubre. Las entradas se venden desde el 18 de agosto.<img src=\"http:\/\/hoycordobaweb.com\/wp-content\/uploads\/2022\/08\/confirman-el-festival-bum-bum-de-la-mona-jimenez-en-el-anfiteatro.jpg\"><\/p>\n","protected":false},"excerpt":{"rendered":"<p>La ciudad de Jes\u00fas Mar\u00eda ser\u00e1 la primera del interior de C\u00f3rdoba en recibir la propuesta itinerante de m\u00fasica urbana y popular. Ser\u00e1 el s\u00e1bado 8 y domingo 9 de octubre. Las entradas se venden desde el 18 de agosto.<\/p>\n","protected":false},"author":1,"featured_media":46793,"comment_status":"closed","ping_status":"closed","sticky":false,"template":"","format":"standard","meta":[],"categories":[18],"tags":[],"_links":{"self":[{"href":"http:\/\/hoycordobaweb.com\/index.php\/wp-json\/wp\/v2\/posts\/46792"}],"collection":[{"href":"http:\/\/hoycordobaweb.com\/index.php\/wp-json\/wp\/v2\/posts"}],"about":[{"href":"http:\/\/hoycordobaweb.com\/index.php\/wp-json\/wp\/v2\/types\/post"}],"author":[{"embeddable":true,"href":"http:\/\/hoycordobaweb.com\/index.php\/wp-json\/wp\/v2\/users\/1"}],"replies":[{"embeddable":true,"href":"http:\/\/hoycordobaweb.com\/index.php\/wp-json\/wp\/v2\/comments?post=46792"}],"version-history":[{"count":0,"href":"http:\/\/hoycordobaweb.com\/index.php\/wp-json\/wp\/v2\/posts\/46792\/revisions"}],"wp:featuredmedia":[{"embeddable":true,"href":"http:\/\/hoycordobaweb.com\/index.php\/wp-json\/wp\/v2\/media\/46793"}],"wp:attachment":[{"href":"http:\/\/hoycordobaweb.com\/index.php\/wp-json\/wp\/v2\/media?parent=46792"}],"wp:term":[{"taxonomy":"category","embeddable":true,"href":"http:\/\/hoycordobaweb.com\/index.php\/wp-json\/wp\/v2\/categories?post=46792"},{"taxonomy":"post_tag","embeddable":true,"href":"http:\/\/hoycordobaweb.com\/index.php\/wp-json\/wp\/v2\/tags?post=46792"}],"curies":[{"name":"wp","href":"https:\/\/api.w.org\/{rel}","templated":true}]}}