{"id":46785,"date":"2022-08-13T13:40:00","date_gmt":"2022-08-13T13:40:00","guid":{"rendered":"http:\/\/hoycordobaweb.com\/index.php\/2022\/08\/13\/benzema-es-el-favorito-de-mbappe-para-ganar-el-balon-de-oro\/"},"modified":"2022-08-13T13:40:00","modified_gmt":"2022-08-13T13:40:00","slug":"benzema-es-el-favorito-de-mbappe-para-ganar-el-balon-de-oro","status":"publish","type":"post","link":"http:\/\/hoycordobaweb.com\/index.php\/2022\/08\/13\/benzema-es-el-favorito-de-mbappe-para-ganar-el-balon-de-oro\/","title":{"rendered":"Benzema es el favorito de Mbapp\u00e9 para ganar el Bal\u00f3n de Oro"},"content":{"rendered":"<p><img src=\"http:\/\/hoycordobaweb.com\/wp-content\/uploads\/2022\/08\/benzema-es-el-favorito-de-mbappe-para-ganar-el-balon-de-oro.jpg\"><\/p>\n<figure class=\"mb-3\"><img loading=\"lazy\" src=\"http:\/\/hoycordobaweb.com\/wp-content\/uploads\/2022\/08\/benzema-es-el-favorito-de-mbappe-para-ganar-el-balon-de-oro-2.jpg\" width=\"100%\" height=\"100%\" alt=\"Los compatriotas disputarn el baln de oro Foto TWUEFA\"><figcaption> Los compatriotas disputar\u00e1n el bal\u00f3n de oro \/Foto: TW@UEFA <\/figcaption><\/figure>\n<p>El astro del Paris Saint Germain, el franc\u00e9s Kylian Mbapp\u00e9 dio este s\u00e1bado como favorito para ganar el Bal\u00f3n de Oro que de la revista gala France Football a su compatriota del Real Madrid, Karim Benzema, ubic\u00e1ndose junto al senegal\u00e9s Sadio Man\u00e9, exLiverpool y actual en Bayern Munich, en el segundo lugar.<\/p>\n<p>\u00abCreo que est\u00e1 Benzema primero y luego me ubico yo y Man\u00e9\u00bb, respondi\u00f3 a France Football al ser consultado por su &#8216;top-3&#8217;, un d\u00eda despu\u00e9s de la publicaci\u00f3n de la n\u00f3mina de 30 candidatos, en la cual por primera vez en 17 a\u00f1os no est\u00e1 Lionel Messi.<\/p>\n<p>El campe\u00f3n mundial en Rusia 2018, de 23 a\u00f1os, ve a Benzema como el mejor del mundo y vencedor del galard\u00f3n, al considerar: \u00abDebe ganar. Tiene 34 a\u00f1os, acaba de hacer la temporada de su vida, gan\u00f3 una nueva Liga de Campeones siendo a decisivo\u00bb.<\/p>\n<blockquote class=\"twitter-tweet\" readability=\"3.6352941176471\">\n<p lang=\"en\" dir=\"ltr\">Congratulations to our 4 Blues nominated for the Ballon d&#8217;Or!\u2728<a href=\"https:\/\/twitter.com\/hashtag\/FiersdetreBleus?src=hash&amp;ref_src=twsrc%5Etfw\">#FiersdetreBleus<\/a> <a href=\"https:\/\/twitter.com\/hashtag\/BallonDor?src=hash&amp;ref_src=twsrc%5Etfw\">#BallonDor<\/a> <a href=\"https:\/\/t.co\/iK1zJBiRQF\">pic.twitter.com\/iK1zJBiRQF<\/a><\/p>\n<p>\u2014 French Team \u2b50\u2b50 (@FrenchTeam) <a href=\"https:\/\/twitter.com\/FrenchTeam\/status\/1558162209657655296?ref_src=twsrc%5Etfw\">August 12, 2022<\/a><\/p><\/blockquote>\n<p>El Bal\u00f3n de Oro ser\u00e1 entregado el 17 de octubre pr\u00f3ximo en Par\u00eds y cambi\u00f3 de formato para esta edici\u00f3n: ya no corona al mejor jugador del a\u00f1o natural sino de la temporada deportiva, primando \u00ablas actuaciones individuales\u00bb y el \u00abcar\u00e1cter decisivo e impresionante\u00bb de los candidatos, consign\u00f3 AFP.<\/p>\n<p>Mbapp\u00e9, autor en la temporada 2021-22 de 39 goles y 26 asistencias, no conquist\u00f3 la Liga de Campeones, en cambio Benzema gan\u00f3 la Champions y la Liga, mientras que Man\u00e9 gan\u00f3 la Copa de \u00c1frica con Senegal, la Copa de la Liga inglesa, la Copa inglesa y alcanz\u00f3 la final de la Champions. <\/p>\n","protected":false},"excerpt":{"rendered":"<p>Los compatriotas disputar\u00e1n el bal\u00f3n de oro \/Foto: TW@UEFA El astro del Paris Saint Germain, el franc\u00e9s Kylian Mbapp\u00e9 dio este s\u00e1bado como favorito para ganar el Bal\u00f3n de Oro que de la revista gala France Football a su compatriota del Real Madrid, Karim Benzema, ubic\u00e1ndose junto al senegal\u00e9s Sadio Man\u00e9, exLiverpool y actual en [&hellip;]<\/p>\n","protected":false},"author":1,"featured_media":46786,"comment_status":"open","ping_status":"closed","sticky":false,"template":"","format":"standard","meta":[],"categories":[16],"tags":[],"_links":{"self":[{"href":"http:\/\/hoycordobaweb.com\/index.php\/wp-json\/wp\/v2\/posts\/46785"}],"collection":[{"href":"http:\/\/hoycordobaweb.com\/index.php\/wp-json\/wp\/v2\/posts"}],"about":[{"href":"http:\/\/hoycordobaweb.com\/index.php\/wp-json\/wp\/v2\/types\/post"}],"author":[{"embeddable":true,"href":"http:\/\/hoycordobaweb.com\/index.php\/wp-json\/wp\/v2\/users\/1"}],"replies":[{"embeddable":true,"href":"http:\/\/hoycordobaweb.com\/index.php\/wp-json\/wp\/v2\/comments?post=46785"}],"version-history":[{"count":0,"href":"http:\/\/hoycordobaweb.com\/index.php\/wp-json\/wp\/v2\/posts\/46785\/revisions"}],"wp:featuredmedia":[{"embeddable":true,"href":"http:\/\/hoycordobaweb.com\/index.php\/wp-json\/wp\/v2\/media\/46786"}],"wp:attachment":[{"href":"http:\/\/hoycordobaweb.com\/index.php\/wp-json\/wp\/v2\/media?parent=46785"}],"wp:term":[{"taxonomy":"category","embeddable":true,"href":"http:\/\/hoycordobaweb.com\/index.php\/wp-json\/wp\/v2\/categories?post=46785"},{"taxonomy":"post_tag","embeddable":true,"href":"http:\/\/hoycordobaweb.com\/index.php\/wp-json\/wp\/v2\/tags?post=46785"}],"curies":[{"name":"wp","href":"https:\/\/api.w.org\/{rel}","templated":true}]}}