{"id":46773,"date":"2022-08-12T11:10:57","date_gmt":"2022-08-12T11:10:57","guid":{"rendered":"https:\/\/www.mujerhoy.com\/moda\/tendencias\/faldas-pantalon-lucir-piernas-ir-comodisima-verano-combinan-todo-pull-and-bear-bershka-zara-20220812123545-nt.html"},"modified":"2022-08-12T11:10:57","modified_gmt":"2022-08-12T11:10:57","slug":"cuatro-faldas-pantalon-que-combinan-con-todo-para-lucir-piernas-e-ir-comodisima-en-verano","status":"publish","type":"post","link":"http:\/\/hoycordobaweb.com\/index.php\/2022\/08\/12\/cuatro-faldas-pantalon-que-combinan-con-todo-para-lucir-piernas-e-ir-comodisima-en-verano\/","title":{"rendered":"Cuatro faldas pantal\u00f3n (que combinan con todo) para lucir piernas e ir comod\u00edsima en verano"},"content":{"rendered":"<p><!-- AUTHOR --><!-- COMPONENTS --><\/p>\n<p class=\"voc-paragraph\">Es un <a data-voc-vtm-id=\"in-text-traffic\" href=\"https:\/\/www.mujerhoy.com\/moda\/tendencias\/12-basicos-frescos-para-primvera-y-verano-que-favorecen-20220607131932-ga.html\" title=\"www.mujerhoy.com\">b\u00e1sico<\/a> de armario. Imprescindible, favorecedor y s\u00faper ponible. Sin embargo, no siempre ha sido as\u00ed. La <a data-voc-vtm-id=\"in-text-traffic\" href=\"https:\/\/www.mujerhoy.com\/moda\/no-te-pierdas\/falda-pantalon-zara-nueva-coleccion-cuatro-colores-azul-blanco-negro-tendencia-20220720083458-nt.html\" title=\"www.mujerhoy.com\">falda pantal\u00f3n<\/a> naci\u00f3 hace m\u00e1s de 100 a\u00f1os como un s\u00edmbolo feminista que revolucion\u00f3 nuestro armario y nuestra forma de ver la moda. <\/p>\n<p class=\"voc-paragraph\">La usaban los egipcios en la Antig\u00fcedad, pero no fue hasta 1911 cuando la falda pantal\u00f3n (tambi\u00e9n conocida como <a data-voc-vtm-id=\"in-text-traffic\" href=\"https:\/\/www.mujerhoy.com\/moda\/tendencias\/faldas-pantalon-estilosas-zara-estilizan-figura-comodas-rejuvenecen-baratas-20220613113914-ga.html\" title=\"www.mujerhoy.com\">skort<\/a>) comenz\u00f3 a verse en las calles. Como cualquier b\u00e1sico novedoso en el armario femenino, primero se vio como un esc\u00e1ndalo y un acto de provocaci\u00f3n, y luego fue normaliz\u00e1ndose poco a poco hasta volverse una gran aliada para todos. <\/p>\n<p class=\"voc-paragraph\">Lo mejor de este tipo de prendas es que permite lucir piernas sin la incomodidad de tener que asegurarte todo el rato que la falda no se sube demasiado cuando vas caminando. Es femenina, es sexy, es ultra c\u00f3moda y sus posibilidades son infinitas. <\/p>\n<p class=\"voc-paragraph\">A lo largo de la historia de las <a data-voc-vtm-id=\"in-text-traffic\" href=\"https:\/\/www.mujerhoy.com\/moda\/no-te-pierdas\/202105\/08\/falda-pantalon-zara-hace-tipazo-comoda-bonita-combina-con-todo-20210419095706.html\" title=\"www.mujerhoy.com\">skorts<\/a>, hemos podido ver desde modelos deportivos que conquistan las canchas de los deportes de raqueta, hasta los m\u00e1s elegantes y glamurosos. Dise\u00f1os lisos, de colores neutros, apuestas arriesgadas con <a data-voc-vtm-id=\"in-text-traffic\" href=\"https:\/\/www.mujerhoy.com\/moda\/tendencias\/colores-que-favorecen-cuando-estas-morena-blanco-azul-naranja-20220615133227-nt.html\" title=\"www.mujerhoy.com\">tonos vibrantes<\/a> que resaltan el bronceado\u2026 El desaf\u00edo est\u00e1 en encontrar la que mejor se adapte a ti. <\/p>\n<p class=\"voc-paragraph\">Si est\u00e1s pensando c\u00f3mo combinarla, la respuesta es simple: con lo que quieras. Sientan fenomenal con <a data-voc-vtm-id=\"in-text-traffic\" href=\"https:\/\/www.mujerhoy.com\/moda\/tendencias\/tops-asimetricos-favorecedores-rebajas-verano-combinan-faldas-midi-verano-20220725114207-nt.html\" title=\"www.mujerhoy.com\">tops b\u00e1sicos<\/a>, pero tambi\u00e9n con blusas estampadas y tops lenceros. Adem\u00e1s, suelen ser de <a data-voc-vtm-id=\"in-text-traffic\" href=\"https:\/\/www.mujerhoy.com\/moda\/no-te-pierdas\/pantalones-tiro-alto-favorecen-mujeres-bajitas-parecer-mas-alta-estilizan-comodos-20220702143857-ga.html\" title=\"www.mujerhoy.com\">talle alto<\/a>, por lo que te har\u00e1n parecer mucho m\u00e1s alta y sin tacones. <\/p>\n<div class=\"voc-detail-photo-zoom\"><picture data-toggle=\"modal\" data-target=\"#photoZoomModal-315\" target=\"modal\">\n<div class=\"voc-img-icon-link\"><img loading=\"lazy\" data-original=\"\/\/static2.mujerhoy.com\/www\/multimedia\/202208\/05\/media\/cortadas\/cuatro-faldas-pantalon-4399407800_2_4_8-k3eB--460x637@MujerHoy.jpg\" class=\"lazy\"><noscript><img src=\"http:\/\/hoycordobaweb.com\/wp-content\/uploads\/2022\/08\/cuatro-faldas-pantalon-que-combinan-con-todo-para-lucir-piernas-e-ir-comodisima-en-verano.jpg\"><\/noscript><i class=\"voc-icons zoom voc-multimedia-box voc-ico-l\"><\/i><\/div><figcaption class=\"figure-caption\"><\/figcaption><\/picture><\/div>\n<div id=\"photoZoomModal-315\" class=\"voc-lightbox modal fade voc-lightbox--photo-zoom\" role=\"dialog\" data-voc-photozoom-lightbox>\n<div class=\"voc-lightbox__dialog\" role=\"document\">\n<div class=\"voc-lightbox__content\"><!-- Modal header --><!-- Modal content --><\/p>\n<div class=\"voc-lightbox__photo-container\"><picture class><img loading=\"lazy\" data-original=\"\/\/static2.mujerhoy.com\/www\/multimedia\/202208\/05\/media\/cortadas\/cuatro-faldas-pantalon-4399407800_2_4_8-k3eB--460x637@MujerHoy.jpg\" class=\"lazy\"><noscript><img src=\"http:\/\/hoycordobaweb.com\/wp-content\/uploads\/2022\/08\/cuatro-faldas-pantalon-que-combinan-con-todo-para-lucir-piernas-e-ir-comodisima-en-verano.jpg\"><\/noscript><\/picture><\/div>\n<\/div>\n<\/div>\n<\/div>\n<p class=\"voc-paragraph\">Las faldas pantal\u00f3n estampadas son las m\u00e1s cl\u00e1sicas y originales. Podr\u00e1s pon\u00e9rtelas con toda clase de b\u00e1sicos y son la mejor opci\u00f3n para un look sencillo, favorecedor y sin complicaciones. Truquito extra: para alargar tus piernas, opta por unas sandalias con plataforma. Skort estampado de Pull&amp;Bear, 12,99\u20ac.\n<\/p>\n<div class=\"voc-detail-photo-zoom\"><picture data-toggle=\"modal\" data-target=\"#photoZoomModal-477\" target=\"modal\">\n<div class=\"voc-img-icon-link\"><img loading=\"lazy\" data-original=\"\/\/static1.mujerhoy.com\/www\/multimedia\/202208\/05\/media\/cortadas\/cuatro-faldas-pantalon-2982168800_2_3_3-k3eB--460x637@MujerHoy.jpg\" class=\"lazy\"><noscript><img src=\"http:\/\/hoycordobaweb.com\/wp-content\/uploads\/2022\/08\/cuatro-faldas-pantalon-que-combinan-con-todo-para-lucir-piernas-e-ir-comodisima-en-verano-1.jpg\"><\/noscript><i class=\"voc-icons zoom voc-multimedia-box voc-ico-l\"><\/i><\/div><figcaption class=\"figure-caption\"><\/figcaption><\/picture><\/div>\n<div id=\"photoZoomModal-477\" class=\"voc-lightbox modal fade voc-lightbox--photo-zoom\" role=\"dialog\" data-voc-photozoom-lightbox>\n<div class=\"voc-lightbox__dialog\" role=\"document\">\n<div class=\"voc-lightbox__content\"><!-- Modal header --><!-- Modal content --><\/p>\n<div class=\"voc-lightbox__photo-container\"><picture class><img loading=\"lazy\" data-original=\"\/\/static1.mujerhoy.com\/www\/multimedia\/202208\/05\/media\/cortadas\/cuatro-faldas-pantalon-2982168800_2_3_3-k3eB--460x637@MujerHoy.jpg\" class=\"lazy\"><noscript><img src=\"http:\/\/hoycordobaweb.com\/wp-content\/uploads\/2022\/08\/cuatro-faldas-pantalon-que-combinan-con-todo-para-lucir-piernas-e-ir-comodisima-en-verano-1.jpg\"><\/noscript><\/picture><\/div>\n<\/div>\n<\/div>\n<\/div>\n<p class=\"voc-paragraph\">La falda pantal\u00f3n m\u00e1s atemporal, ponible y vers\u00e1til de la historia es el modelo liso de color negro. \u00a1Ser\u00e1 como llevar una minifalda negra! Este modelo con frunces de <strong>Bershka<\/strong> nos parece ideal. Podr\u00e1s llevarla por el d\u00eda con camisetas y deportivas y por la noche con tops lenceros y sandalias de tac\u00f3n c\u00f3modo. Falda pantal\u00f3n de Bershka, 19,99\u20ac.\n<\/p>\n<div class=\"voc-detail-photo-zoom\"><picture data-toggle=\"modal\" data-target=\"#photoZoomModal-490\" target=\"modal\">\n<div class=\"voc-img-icon-link\"><img loading=\"lazy\" data-original=\"\/\/static2.mujerhoy.com\/www\/multimedia\/202208\/05\/media\/cortadas\/cuatro-faldas-pantalon-8290177330_2_3_1-k3eB--460x637@MujerHoy.jpg\" class=\"lazy\"><noscript><img src=\"http:\/\/hoycordobaweb.com\/wp-content\/uploads\/2022\/08\/cuatro-faldas-pantalon-que-combinan-con-todo-para-lucir-piernas-e-ir-comodisima-en-verano-2.jpg\"><\/noscript><i class=\"voc-icons zoom voc-multimedia-box voc-ico-l\"><\/i><\/div><figcaption class=\"figure-caption\"><\/figcaption><\/picture><\/div>\n<div id=\"photoZoomModal-490\" class=\"voc-lightbox modal fade voc-lightbox--photo-zoom\" role=\"dialog\" data-voc-photozoom-lightbox>\n<div class=\"voc-lightbox__dialog\" role=\"document\">\n<div class=\"voc-lightbox__content\"><!-- Modal header --><!-- Modal content --><\/p>\n<div class=\"voc-lightbox__photo-container\"><picture class><img loading=\"lazy\" data-original=\"\/\/static2.mujerhoy.com\/www\/multimedia\/202208\/05\/media\/cortadas\/cuatro-faldas-pantalon-8290177330_2_3_1-k3eB--460x637@MujerHoy.jpg\" class=\"lazy\"><noscript><img src=\"http:\/\/hoycordobaweb.com\/wp-content\/uploads\/2022\/08\/cuatro-faldas-pantalon-que-combinan-con-todo-para-lucir-piernas-e-ir-comodisima-en-verano-2.jpg\"><\/noscript><\/picture><\/div>\n<\/div>\n<\/div>\n<\/div>\n<p class=\"voc-paragraph\">Hay skorts que se llevan a modo de conjuntos de dos piezas que podr\u00e1s llevar juntos o por separado. Sus opciones son infinitas, dan un aire natural y bohemio y podr\u00e1s combinarlos tanto con sandalias como con zapatillas veraniegas. Falda pantal\u00f3n con nudo de Zara, 25,95\u20ac.\n<\/p>\n<div class=\"voc-detail-photo-zoom\"><picture data-toggle=\"modal\" data-target=\"#photoZoomModal-855\" target=\"modal\">\n<div class=\"voc-img-icon-link\"><img loading=\"lazy\" data-original=\"\/\/static.mujerhoy.com\/www\/multimedia\/202208\/05\/media\/cortadas\/cuatro-faldas-pantalon-1331831600_2_2_2-k3eB--460x637@MujerHoy.jpg\" class=\"lazy\"><noscript><img src=\"http:\/\/hoycordobaweb.com\/wp-content\/uploads\/2022\/08\/cuatro-faldas-pantalon-que-combinan-con-todo-para-lucir-piernas-e-ir-comodisima-en-verano-3.jpg\"><\/noscript><i class=\"voc-icons zoom voc-multimedia-box voc-ico-l\"><\/i><\/div><figcaption class=\"figure-caption\"><\/figcaption><\/picture><\/div>\n<div id=\"photoZoomModal-855\" class=\"voc-lightbox modal fade voc-lightbox--photo-zoom\" role=\"dialog\" data-voc-photozoom-lightbox>\n<div class=\"voc-lightbox__dialog\" role=\"document\">\n<div class=\"voc-lightbox__content\"><!-- Modal header --><!-- Modal content --><\/p>\n<div class=\"voc-lightbox__photo-container\"><picture class><img loading=\"lazy\" data-original=\"\/\/static.mujerhoy.com\/www\/multimedia\/202208\/05\/media\/cortadas\/cuatro-faldas-pantalon-1331831600_2_2_2-k3eB--460x637@MujerHoy.jpg\" class=\"lazy\"><noscript><img src=\"http:\/\/hoycordobaweb.com\/wp-content\/uploads\/2022\/08\/cuatro-faldas-pantalon-que-combinan-con-todo-para-lucir-piernas-e-ir-comodisima-en-verano-3.jpg\"><\/noscript><\/picture><\/div>\n<\/div>\n<\/div>\n<\/div>\n<p class=\"voc-paragraph\">Otro de los estampados m\u00e1s populares y favorecedores de los skorts son los print florales. Si optas por un dise\u00f1o como este de <strong>Stradivarius<\/strong> podr\u00e1s disfrutar de un halo rom\u00e1ntico y result\u00f3n que realzar\u00e1 mucho tu moreno. Skort de flores de Stradivarius, 17,99\u20ac.\n<\/p>\n<p><!-- TOPICS --><\/p>\n","protected":false},"excerpt":{"rendered":"<p>Es un b\u00e1sico de armario. Imprescindible, favorecedor y s\u00faper ponible. Sin embargo, no siempre ha sido as\u00ed. La falda pantal\u00f3n naci\u00f3 hace m\u00e1s de 100 a\u00f1os como un s\u00edmbolo feminista que revolucion\u00f3 nuestro armario y nuestra forma de ver la moda. La usaban los egipcios en la Antig\u00fcedad, pero no fue hasta 1911 cuando la [&hellip;]<\/p>\n","protected":false},"author":1,"featured_media":46774,"comment_status":"closed","ping_status":"closed","sticky":false,"template":"","format":"standard","meta":[],"categories":[1],"tags":[],"_links":{"self":[{"href":"http:\/\/hoycordobaweb.com\/index.php\/wp-json\/wp\/v2\/posts\/46773"}],"collection":[{"href":"http:\/\/hoycordobaweb.com\/index.php\/wp-json\/wp\/v2\/posts"}],"about":[{"href":"http:\/\/hoycordobaweb.com\/index.php\/wp-json\/wp\/v2\/types\/post"}],"author":[{"embeddable":true,"href":"http:\/\/hoycordobaweb.com\/index.php\/wp-json\/wp\/v2\/users\/1"}],"replies":[{"embeddable":true,"href":"http:\/\/hoycordobaweb.com\/index.php\/wp-json\/wp\/v2\/comments?post=46773"}],"version-history":[{"count":0,"href":"http:\/\/hoycordobaweb.com\/index.php\/wp-json\/wp\/v2\/posts\/46773\/revisions"}],"wp:featuredmedia":[{"embeddable":true,"href":"http:\/\/hoycordobaweb.com\/index.php\/wp-json\/wp\/v2\/media\/46774"}],"wp:attachment":[{"href":"http:\/\/hoycordobaweb.com\/index.php\/wp-json\/wp\/v2\/media?parent=46773"}],"wp:term":[{"taxonomy":"category","embeddable":true,"href":"http:\/\/hoycordobaweb.com\/index.php\/wp-json\/wp\/v2\/categories?post=46773"},{"taxonomy":"post_tag","embeddable":true,"href":"http:\/\/hoycordobaweb.com\/index.php\/wp-json\/wp\/v2\/tags?post=46773"}],"curies":[{"name":"wp","href":"https:\/\/api.w.org\/{rel}","templated":true}]}}