{"id":46771,"date":"2022-08-12T11:13:12","date_gmt":"2022-08-12T11:13:12","guid":{"rendered":"https:\/\/www.mujerhoy.com\/moda\/no-te-pierdas\/pijamas-look-calle-barato-rejuvenece-favorito-famosas-influencers-zara-20220812131137-nt.html"},"modified":"2022-08-12T11:13:12","modified_gmt":"2022-08-12T11:13:12","slug":"alerta-tendencia-regresa-el-pijama-como-look-de-calle-y-asi-lo-confirman-las-influencers-y-celebrities-porque-rejuvenece","status":"publish","type":"post","link":"http:\/\/hoycordobaweb.com\/index.php\/2022\/08\/12\/alerta-tendencia-regresa-el-pijama-como-look-de-calle-y-asi-lo-confirman-las-influencers-y-celebrities-porque-rejuvenece\/","title":{"rendered":"\u00a1Alerta tendencia! Regresa el pijama como look de calle y as\u00ed lo confirman las influencers y celebrities porque rejuvenece"},"content":{"rendered":"<p><!-- AUTHOR --><!-- COMPONENTS --><\/p>\n<p class=\"voc-paragraph\">No hay nada <a data-voc-vtm-id=\"in-text-traffic\" href=\"https:\/\/www.mujerhoy.com\/moda\/no-te-pierdas\/202012\/09\/querras-salir-casa-cuando-20201203234533.html\">como llegar a casa quitarse la ropa de todo el d\u00eda<\/a>, darse una ducha relajante y ponerse <a data-voc-vtm-id=\"in-text-traffic\" href=\"https:\/\/www.mujerhoy.com\/moda\/tendencias\/202106\/12\/pijamas-primark-bueno-bonito-barato-comodo-fresquito-verano-140676575688-ga.html\">el pijama<\/a>. Es uno de los mayores placeres de la vida, da igual que sea verano o invierno. Sin embargo, en los \u00faltimos a\u00f1os, el pijama -una prenda habitualmente reconocida como de sleepwear- ha pasado a ser un esencial en el &#8216;street style&#8217;.\n<\/p>\n<p class=\"voc-paragraph\">Optar por un pijama para salir de casa no es nada raro. Hace unos a\u00f1os se puso de moda esta tendencia, cuando <strong>Prada lanz\u00f3 en su colecci\u00f3n de primavera\/verano de 2017 un conjunto pijamero con plumas<\/strong>. Desde entonces, hemos visto muchos modelos tanto de lujo como &#8216;low cost&#8217; imitando esta tendencia. <\/p>\n<p class=\"voc-paragraph\">Desde ese momento esta prenda se convirti\u00f3 en un esencial en eventos, fiestas&#8230;y dej\u00f3 de utilizarse solo para la casa (o al menos en su versi\u00f3n m\u00e1s sofisticada). Ahora <strong>la inspiraci\u00f3n pijamera regresa<\/strong> a nuestros armarios y lo hace con una variedad crom\u00e1tica m\u00e1s amplia. <\/p>\n<p class=\"voc-paragraph\">Prada ha vuelto a lanzar un modelo pijamero muy arriesgado en color amarillo, que algunas &#8216;influencers&#8217; ya han a\u00f1adido a su lista de deseos, o incluso algunas ya tienen en su armario. Pero el amarillo, no es el \u00fanico color que veremos este a\u00f1o. As\u00ed nos lo ha confirmado <strong>la actriz Angelina Jolie,<\/strong> quien ha vuelto a darle una oportunidad a los conjuntos de pijama para el d\u00eda a d\u00eda. <\/p>\n<p class=\"voc-paragraph\">La actriz ha querido ir c\u00f3moda al aeropuerto y en lugar de optar por un cl\u00e1sico ch\u00e1ndal, luce en algunas instant\u00e1neas <strong>un conjunto de pijama en color marr\u00f3n chocolate<\/strong>. Es un pijama largo con ribetes de color blanco. Un modelo cl\u00e1sico pero muy elegante.\n<\/p>\n<p class=\"voc-paragraph\">Se trata de <strong>una combinaci\u00f3n sofisticada y en acabado satinado<\/strong>, como se usaba hace algunos a\u00f1os. A juego, Angelina ha querido ir c\u00f3moda y fresquita optando por <strong>unas sandalias<\/strong>, tambi\u00e9n en marr\u00f3n (pero en un tono m\u00e1s claro), con logo en dorado.\n<\/p>\n<p class=\"voc-paragraph\">Pero no es la \u00fanica que ha vuelto a confiar en <strong>la tendencia de los pijamas<\/strong> para llevar tanto en invierno, como en verano. Algunas influencers est\u00e1n obsesionadas con <strong>los pijamas de la firma Sleeper<\/strong>, que cuenta con modelos satinados pero con plumas en las mangas y en el pantal\u00f3n. <\/p>\n<p class=\"voc-paragraph\">Tanto una opci\u00f3n como otra, nos parece puro flechazo. Son perfectas para llevar ahora con <a data-voc-vtm-id=\"in-text-traffic\" href=\"https:\/\/www.mujerhoy.com\/moda\/tendencias\/sandalias-planas-mango-baratas-estilizan-favorecen-alargan-piernas-eugenia-silva-look-verano-20220714142158-nt.html\">unas sandalias planas <\/a>como Angelina, u optar por <a data-voc-vtm-id=\"in-text-traffic\" href=\"https:\/\/www.mujerhoy.com\/moda\/no-te-pierdas\/sandalias-tacon-comodo-tiras-aguantar-sin-dolor-pies-made-in-spain-arrasan-influencers-tendencia-20220511072914-nt.html\">unas sandalias de tac\u00f3n c\u00f3modo<\/a>. Incluso, dependiendo del color, puede ser un conjunto perfecto <strong>para un evento de noche en verano<\/strong>. Por si te animas a llevarlo en tus pr\u00f3ximos planes, te proponemos esta opci\u00f3n &#8216;low cost&#8217;.\n<\/p>\n<div class=\"voc-detail-photo-zoom\"><picture data-toggle=\"modal\" data-target=\"#photoZoomModal-302\" target=\"modal\">\n<div class=\"voc-img-icon-link\"><img loading=\"lazy\" data-original=\"\/\/static3.mujerhoy.com\/www\/multimedia\/202208\/03\/media\/cortadas\/conjunto-pijama-saten-hym-kqpH--460x637@MujerHoy.jpeg\" class=\"lazy\"><noscript><img src=\"http:\/\/hoycordobaweb.com\/wp-content\/uploads\/2022\/08\/alerta-tendencia-regresa-el-pijama-como-look-de-calle-y-asi-lo-confirman-las-influencers-y-celebrities-porque-rejuvenece.jpg\"><\/noscript><i class=\"voc-icons zoom voc-multimedia-box voc-ico-l\"><\/i><\/div><figcaption class=\"figure-caption\"><\/figcaption><\/picture><\/div>\n<div id=\"photoZoomModal-302\" class=\"voc-lightbox modal fade voc-lightbox--photo-zoom\" role=\"dialog\" data-voc-photozoom-lightbox>\n<div class=\"voc-lightbox__dialog\" role=\"document\">\n<div class=\"voc-lightbox__content\"><!-- Modal header --><!-- Modal content --><\/p>\n<div class=\"voc-lightbox__photo-container\"><picture class><img loading=\"lazy\" data-original=\"\/\/static3.mujerhoy.com\/www\/multimedia\/202208\/03\/media\/cortadas\/conjunto-pijama-saten-hym-kqpH--460x637@MujerHoy.jpeg\" class=\"lazy\"><noscript><img src=\"http:\/\/hoycordobaweb.com\/wp-content\/uploads\/2022\/08\/alerta-tendencia-regresa-el-pijama-como-look-de-calle-y-asi-lo-confirman-las-influencers-y-celebrities-porque-rejuvenece.jpg\"><\/noscript><\/picture><\/div>\n<\/div>\n<\/div>\n<\/div>\n<p class=\"voc-paragraph\">Se trata de <strong>un conjunto pijamero en sat\u00e9n<\/strong> que ha lanzado recientemente la <strong>firma sueca H&amp;M (39,99 euros)<\/strong>. Es un dos piezas formado por camisa de manga larga con cuello abierto, y pantal\u00f3n amplio con cintura el\u00e1stica. Se trata de un conjunto con mucha ca\u00edda y disponible tambi\u00e9n en negro.\n<\/p>\n<p><!-- TOPICS --><\/p>\n","protected":false},"excerpt":{"rendered":"<p>No hay nada como llegar a casa quitarse la ropa de todo el d\u00eda, darse una ducha relajante y ponerse el pijama. Es uno de los mayores placeres de la vida, da igual que sea verano o invierno. Sin embargo, en los \u00faltimos a\u00f1os, el pijama -una prenda habitualmente reconocida como de sleepwear- ha pasado [&hellip;]<\/p>\n","protected":false},"author":1,"featured_media":46772,"comment_status":"closed","ping_status":"closed","sticky":false,"template":"","format":"standard","meta":[],"categories":[1],"tags":[],"_links":{"self":[{"href":"http:\/\/hoycordobaweb.com\/index.php\/wp-json\/wp\/v2\/posts\/46771"}],"collection":[{"href":"http:\/\/hoycordobaweb.com\/index.php\/wp-json\/wp\/v2\/posts"}],"about":[{"href":"http:\/\/hoycordobaweb.com\/index.php\/wp-json\/wp\/v2\/types\/post"}],"author":[{"embeddable":true,"href":"http:\/\/hoycordobaweb.com\/index.php\/wp-json\/wp\/v2\/users\/1"}],"replies":[{"embeddable":true,"href":"http:\/\/hoycordobaweb.com\/index.php\/wp-json\/wp\/v2\/comments?post=46771"}],"version-history":[{"count":0,"href":"http:\/\/hoycordobaweb.com\/index.php\/wp-json\/wp\/v2\/posts\/46771\/revisions"}],"wp:featuredmedia":[{"embeddable":true,"href":"http:\/\/hoycordobaweb.com\/index.php\/wp-json\/wp\/v2\/media\/46772"}],"wp:attachment":[{"href":"http:\/\/hoycordobaweb.com\/index.php\/wp-json\/wp\/v2\/media?parent=46771"}],"wp:term":[{"taxonomy":"category","embeddable":true,"href":"http:\/\/hoycordobaweb.com\/index.php\/wp-json\/wp\/v2\/categories?post=46771"},{"taxonomy":"post_tag","embeddable":true,"href":"http:\/\/hoycordobaweb.com\/index.php\/wp-json\/wp\/v2\/tags?post=46771"}],"curies":[{"name":"wp","href":"https:\/\/api.w.org\/{rel}","templated":true}]}}