{"id":46738,"date":"2022-08-12T12:31:38","date_gmt":"2022-08-12T12:31:38","guid":{"rendered":"https:\/\/www.espinof.com\/proyectos\/john-wick-4-sera-pelicula-larga-franquicia-keanu-reeves-fecha"},"modified":"2022-08-12T12:31:38","modified_gmt":"2022-08-12T12:31:38","slug":"john-wick-4-sera-la-pelicula-mas-larga-de-la-franquicia-de-keanu-reeves-hasta-la-fecha","status":"publish","type":"post","link":"http:\/\/hoycordobaweb.com\/index.php\/2022\/08\/12\/john-wick-4-sera-la-pelicula-mas-larga-de-la-franquicia-de-keanu-reeves-hasta-la-fecha\/","title":{"rendered":"&#8216;John Wick 4&#8217; ser\u00e1 la pel\u00edcula m\u00e1s larga de la franquicia de Keanu Reeves hasta la fecha"},"content":{"rendered":"<p>Los fans de <a href=\"https:\/\/www.espinof.com\/estrenos\/que-john-wick-se-ha-alzado-como-gran-heroe-accion-cine-ultima-decada\">&#8216;John Wick&#8217;<\/a> se pueden ir preparando para la pel\u00edcula m\u00e1s larga de la saga hasta el momento, ya que el cineasta Chad Stahelski confirm\u00f3 a <a href=\"https:\/\/collider.com\/john-wick-4-runtime-director-chad-stahelski-comments\/\">Collider<\/a> que la pr\u00f3xima &#8216;<a href=\"https:\/\/www.espinof.com\/fecha-de-estreno\/john-wick-4-fecha-estreno-trailer-reparto-pelicula-protagonizada-keanu-reeves\">John Wick: Cap\u00edtulo 4<\/a>&#8216; <strong>ser\u00e1 la entrega m\u00e1s larga de la franquicia<\/strong> y que est\u00e1n a solo unas pocas semanas de cerrar el corte final de la pel\u00edcula.<\/p>\n<h2>M\u00e1s larga, pero no tanto<\/h2>\n<p>Stahelski detall\u00f3 que la pel\u00edcula:<\/p>\n<p>\u201cEs m\u00e1s larga que las otras tres, pero no tanto. Estamos en la recta final, y luego tenemos a\u00f1adir VFX y m\u00fasica. Pero esto es lo m\u00e1s lejos que he estado, tanto en la publicaci\u00f3n. Nos encanta la m\u00fasica que tenemos hasta ahora. Todav\u00eda tenemos a Tyler Bates haciendo la composici\u00f3n en algunas de las secuencias m\u00e1s grandes. Los efectos visuales estar\u00e1n presentes durante el resto del a\u00f1o. Pero estamos peligrosamente cerca\u00bb.\n<\/p>\n<div class=\"article-asset article-asset-normal article-asset-center\">\n<div class=\"desvio-container\">\n<div class=\"desvio\">\n<div class=\"desvio-figure js-desvio-figure\"> <a href=\"https:\/\/www.espinof.com\/otros\/john-wick-alucinante-historia-real-que-inspiro-aclamada-pelicula-protagonizada-keanu-reeves\"> <img alt=\"'John Wick': la alucinante historia real que inspir\u00f3 la aclamada pel\u00edcula protagonizada por Keanu Reeves\" src=\"http:\/\/hoycordobaweb.com\/wp-content\/uploads\/2022\/08\/john-wick-4-sera-la-pelicula-mas-larga-de-la-franquicia-de-keanu-reeves-hasta-la-fecha.jpg\"> <\/a> <\/div><\/div><\/div>\n<\/div>\n<blockquote readability=\"12\">\n<p>\u201cEn nuestro proceso de montaje, en lo que respecta a nuestro bloqueo de imagen, estamos a unos minutos de bloquear. Nuestras secuencias est\u00e1n listas. La pel\u00edcula est\u00e1 esencialmente terminada. Probablemente haya otras semanas de ajustes en general, luego bloqueamos la imagen y nos dedicamos a la m\u00fasica, el sonido y los efectos\u201d.<\/p>\n<\/blockquote>\n<div class=\"article-asset-image article-asset-normal\">\n<div class=\"asset-content\">\n<div class=\"base-wrapper-image\"> <img class=\"sf-lazy centro_sinmarco\" data-sf-srcset=\"http:\/\/hoycordobaweb.com\/wp-content\/uploads\/2022\/08\/john-wick-4-sera-la-pelicula-mas-larga-de-la-franquicia-de-keanu-reeves-hasta-la-fecha-1.jpg 450w, http:\/\/hoycordobaweb.com\/wp-content\/uploads\/2022\/08\/john-wick-4-sera-la-pelicula-mas-larga-de-la-franquicia-de-keanu-reeves-hasta-la-fecha-3.jpg 681w,http:\/\/hoycordobaweb.com\/wp-content\/uploads\/2022\/08\/john-wick-4-sera-la-pelicula-mas-larga-de-la-franquicia-de-keanu-reeves-hasta-la-fecha-4.jpg 1024w, http:\/\/hoycordobaweb.com\/wp-content\/uploads\/2022\/08\/john-wick-4-sera-la-pelicula-mas-larga-de-la-franquicia-de-keanu-reeves-hasta-la-fecha-5.jpg 1366w,\" data-sf-src=\"http:\/\/hoycordobaweb.com\/wp-content\/uploads\/2022\/08\/john-wick-4-sera-la-pelicula-mas-larga-de-la-franquicia-de-keanu-reeves-hasta-la-fecha-1.jpg\" alt=\"Johnwick4\"> <noscript><img alt=\"Johnwick4\" class=\"centro_sinmarco\" src=\"http:\/\/hoycordobaweb.com\/wp-content\/uploads\/2022\/08\/john-wick-4-sera-la-pelicula-mas-larga-de-la-franquicia-de-keanu-reeves-hasta-la-fecha-1.jpg\"><\/noscript> <\/div><\/div>\n<\/div>\n<p>Si bien no se ha revelado un tiempo de durac\u00edn espec\u00edfico de &#8216;John Wick 4&#8217;, la pel\u00edcula <strong>debe de durar m\u00e1s de dos horas y 11 minutos, ya que es la duraci\u00f3n de m\u00e1s larga de la franquicia hasta el momento<\/strong>. El &#8216;John Wick&#8217; original dur\u00f3 101 minutos, mientras que &#8216;John Wick: Cap\u00edtulo 2&#8217; registr\u00f3 hasta 122 minutos, mientras que &#8216;John Wick Cap\u00edtulo 3: Parabellum&#8217; se prolong\u00f3 a\u00fan m\u00e1s hasta los 131 minutos. Si hay una quinta, \u00bfvolver\u00e1 a ser m\u00e1s larga que la anterior?<\/p>\n<p><!-- BREAK 1 --> <\/p>\n","protected":false},"excerpt":{"rendered":"<p>Los fans de &#8216;John Wick&#8217; se pueden ir preparando para la pel\u00edcula m\u00e1s larga de la saga hasta el momento, ya que el cineasta Chad Stahelski confirm\u00f3 a Collider que la pr\u00f3xima &#8216;John Wick: Cap\u00edtulo 4&#8216; ser\u00e1 la entrega m\u00e1s larga de la franquicia y que est\u00e1n a solo unas pocas semanas de cerrar el [&hellip;]<\/p>\n","protected":false},"author":1,"featured_media":46739,"comment_status":"open","ping_status":"closed","sticky":false,"template":"","format":"standard","meta":[],"categories":[1],"tags":[],"_links":{"self":[{"href":"http:\/\/hoycordobaweb.com\/index.php\/wp-json\/wp\/v2\/posts\/46738"}],"collection":[{"href":"http:\/\/hoycordobaweb.com\/index.php\/wp-json\/wp\/v2\/posts"}],"about":[{"href":"http:\/\/hoycordobaweb.com\/index.php\/wp-json\/wp\/v2\/types\/post"}],"author":[{"embeddable":true,"href":"http:\/\/hoycordobaweb.com\/index.php\/wp-json\/wp\/v2\/users\/1"}],"replies":[{"embeddable":true,"href":"http:\/\/hoycordobaweb.com\/index.php\/wp-json\/wp\/v2\/comments?post=46738"}],"version-history":[{"count":0,"href":"http:\/\/hoycordobaweb.com\/index.php\/wp-json\/wp\/v2\/posts\/46738\/revisions"}],"wp:featuredmedia":[{"embeddable":true,"href":"http:\/\/hoycordobaweb.com\/index.php\/wp-json\/wp\/v2\/media\/46739"}],"wp:attachment":[{"href":"http:\/\/hoycordobaweb.com\/index.php\/wp-json\/wp\/v2\/media?parent=46738"}],"wp:term":[{"taxonomy":"category","embeddable":true,"href":"http:\/\/hoycordobaweb.com\/index.php\/wp-json\/wp\/v2\/categories?post=46738"},{"taxonomy":"post_tag","embeddable":true,"href":"http:\/\/hoycordobaweb.com\/index.php\/wp-json\/wp\/v2\/tags?post=46738"}],"curies":[{"name":"wp","href":"https:\/\/api.w.org\/{rel}","templated":true}]}}