{"id":46709,"date":"2022-08-11T19:34:48","date_gmt":"2022-08-11T19:34:48","guid":{"rendered":"https:\/\/www.ole.com.ar\/futbol-internacional\/alexis-sanchez-dicho-chile-mago-valdivia_0_HAtU9AGaBQ.html"},"modified":"2022-08-11T19:34:48","modified_gmt":"2022-08-11T19:34:48","slug":"en-chile-reprocharon-los-dichos-de-alexis-sanchez","status":"publish","type":"post","link":"http:\/\/hoycordobaweb.com\/index.php\/2022\/08\/11\/en-chile-reprocharon-los-dichos-de-alexis-sanchez\/","title":{"rendered":"En Chile reprocharon los dichos de Alexis S\u00e1nchez"},"content":{"rendered":"<p><img src=\"http:\/\/hoycordobaweb.com\/wp-content\/uploads\/2022\/08\/en-chile-reprocharon-los-dichos-de-alexis-sanchez.jpg\"><\/p>\n<p><strong><a alt=\"alexis-sanchez\" class=\"slug\" href=\"https:\/\/www.ole.com.ar\/tema\/alexis-sanchez.html\" target=\"_blank\" title=\"alexis-sanchez\" rel=\"noopener noreferrer\">Alexis S\u00e1nchez<\/a><\/strong> fue presentado como refuerzo del <a alt=\"olympique-de-marsella\" class=\"slug\" href=\"https:\/\/www.ole.com.ar\/tema\/olympique-de-marsella.html\" target=\"_blank\" title=\"olympique-de-marsella\" rel=\"noopener noreferrer\">Olympique de Marsella<\/a> y los hinchas tienen las expectativas a mil, a tal punto de recibirlo en aeropuerto y hacer una enorme fiesta. El calor y cari\u00f1o le lleg\u00f3 al futbolista trasandino, quien demostr\u00f3 estar satisfecho por las muestras de afecto.<\/p>\n<p>El Ni\u00f1o Maravilla lleg\u00f3 libre desde el <a alt=\"inter-de-milan\" class=\"slug\" href=\"https:\/\/www.ole.com.ar\/tema\/inter-de-milan.html\" target=\"_blank\" title=\"inter-de-milan\" rel=\"noopener noreferrer\">Inter<\/a> ya que era tenido en cuenta muy poco por <strong><a alt=\"simone-inzaghi\" class=\"slug\" href=\"https:\/\/www.ole.com.ar\/tema\/simone-inzaghi.html\" target=\"_blank\" title=\"simone-inzaghi\" rel=\"noopener noreferrer\">Simone Inzaghi<\/a><\/strong> lo que lo llev\u00f3 a solicitar la liberaci\u00f3n de su contrato en este mercado de pases, pedido que fue aceptado por el Nerazzurro. As\u00ed, el Inter se desvincul\u00f3 de uno de los contratos m\u00e1s altos del plantel y ahora S\u00e1nchez formar\u00e1 parte del conjunto de Francia.<\/p>\n<div class=\"sp__Normal\">\n<div class=\"image-embeb image-trigger\" readability=\"6\">\n<picture><source media=\"(min-width: 720px)\" srcset=\"http:\/\/hoycordobaweb.com\/wp-content\/uploads\/2022\/08\/en-chile-reprocharon-los-dichos-de-alexis-sanchez-2.jpg\"><img itemprop=\"image\" src=\"http:\/\/hoycordobaweb.com\/wp-content\/uploads\/2022\/08\/en-chile-reprocharon-los-dichos-de-alexis-sanchez-2.jpg\" loading=\"lazy\" alt=\"Fue recibido como una estrella en Francia. (CHRISTOPHE SIMON \/ AFP)\">\n<\/picture><figcaption readability=\"2\">\n<p>Fue recibido como una estrella en Francia. (CHRISTOPHE SIMON \/ AFP)\n<\/p>\n<\/figcaption><\/div>\n<\/div>\n<div class=\"sp__SM\">\n<div class=\"content-new \">\n<span class=\"tit-mobile\">Mir\u00e1 tambi\u00e9n<\/span><\/p>\n<div class=\"mg\">\n<div class=\"wrap-figure\">\n<picture>\n<a href=\"https:\/\/www.ole.com.ar\/futbol-internacional\/yeferson-soteldo-tigres-mexico-santos_0_vDmnd1dviV.html\" target=\"_self\" rel=\"noopener noreferrer\"><br \/>\n<img class=\"img-responsive\" alt=\"Oficial: Soteldo dej\u00f3 M\u00e9xico y ya tiene nuevo club\" src=\"http:\/\/hoycordobaweb.com\/wp-content\/uploads\/2022\/08\/en-chile-reprocharon-los-dichos-de-alexis-sanchez-3.jpg\" loading=\"lazy\"><br \/>\n<\/a>\n<\/picture>\n<\/div>\n<\/div><\/div>\n<\/div>\n<p>Tras la impactante recibida que tuvo en Marsella, el delantero de 33 a\u00f1os habl\u00f3 sobre la calurosa bienvenida y destac\u00f3: <strong>\u00abMuy feliz, me sorprendieron, creo que aman a este club se ve una pasi\u00f3n<\/strong> y espero demostrar en el campo de juego lo mi\u00f3 y hacerlo de la mejor forma. En lo f\u00edsico me he estado entrenado en Mil\u00e1n con el Inter, estoy bien, me falta ajustar algunos detalles de jugar f\u00fatbol, de tener m\u00e1s contacto con el bal\u00f3n, pero f\u00edsicamente me siento bien\u00bb.<\/p>\n<p>En sinton\u00eda, apunt\u00f3 al cari\u00f1o que percibido en el OM e hizo una comparaci\u00f3n con los fan\u00e1ticos en Chile: <strong>\u00abEl recibimiento de ayer fue algo lindo, fuera de Chile siempre me han tratado bien. Como dice el dicho, <mark>uno nunca es \u00eddolo en su pa\u00eds, a veces el chileno es as\u00ed. Siempre queremos lo de afuera.<\/mark> Me siento muy querido por la gente del extranjero. Son cosas lindas que llegan en el momento, eso te llena de orgullo y te hace dimensionarlo\u00bb<\/strong>.<\/p>\n<div class=\"sp__Normal\">\n<div class=\"image-embeb image-trigger\" readability=\"6\">\n<picture><source media=\"(min-width: 720px)\" srcset=\"http:\/\/hoycordobaweb.com\/wp-content\/uploads\/2022\/08\/en-chile-reprocharon-los-dichos-de-alexis-sanchez-4.jpg\"><img itemprop=\"image\" src=\"http:\/\/hoycordobaweb.com\/wp-content\/uploads\/2022\/08\/en-chile-reprocharon-los-dichos-de-alexis-sanchez-4.jpg\" loading=\"lazy\" alt=\"Ya tuvo sus primeros d\u00edas en el OM. (CHRISTOPHE SIMON \/ AFP)\">\n<\/picture><figcaption readability=\"2\">\n<p>Ya tuvo sus primeros d\u00edas en el OM. (CHRISTOPHE SIMON \/ AFP)\n<\/p>\n<\/figcaption><\/div>\n<\/div>\n<div class=\"sp__SM\">\n<div class=\"content-new \">\n<span class=\"tit-mobile\">Mir\u00e1 tambi\u00e9n<\/span><\/p>\n<div class=\"mg\">\n<div class=\"wrap-figure\">\n<picture>\n<a href=\"https:\/\/www.ole.com.ar\/futbol-internacional\/alexis-sanchez-chile-trato-bien_0_nsdovZPCAE.html\" target=\"_self\" rel=\"noopener noreferrer\"><br \/>\n<img class=\"img-responsive\" alt=\"El palito de Alexis S\u00e1nchez: &quot;Fuera de Chile siempre me han tratado bien&quot;\" src=\"http:\/\/hoycordobaweb.com\/wp-content\/uploads\/2022\/08\/en-chile-reprocharon-los-dichos-de-alexis-sanchez-5.jpg\" loading=\"lazy\"><br \/>\n<\/a>\n<\/picture>\n<\/div>\n<\/div><\/div>\n<\/div>\n<h2><strong>EN CHILE CRITICARON SUS PALABRAS<\/strong><\/h2>\n<p>Pese a la aclaraci\u00f3n posterior de Alexis, el tema fue tocado por los medios de su pa\u00eds y fue <strong><a alt=\"jorge-valdivia\" class=\"slug\" href=\"https:\/\/www.ole.com.ar\/tema\/jorge-valdivia.html\" target=\"_blank\" title=\"jorge-valdivia\" rel=\"noopener noreferrer\">Jorge Valdivia<\/a><\/strong>, hist\u00f3rico de la selecci\u00f3n chilena y excompa\u00f1ero de S\u00e1nchez, quien se refiri\u00f3 a sus dichos. <strong>\u00abAlexis se equivoca en su declaraci\u00f3n y posteriormente rectifica. <\/strong>Nosotros tenemos algo que nos cuesta entender, que es no generalizar. Y generalizamos mucho. Y cuando uno lee, escucha o te comentan, y muchas veces te lo cuentan cambiado, nuestra primera reacci\u00f3n es querer ir de frente y al choque\u00bb, dijo en el programa&nbsp;ESPN 360 Chile.<\/p>\n<div class=\"sp__Normal\">\n<div class=\"image-embeb image-trigger\" readability=\"6\">\n<picture><source media=\"(min-width: 720px)\" srcset=\"http:\/\/hoycordobaweb.com\/wp-content\/uploads\/2022\/08\/en-chile-reprocharon-los-dichos-de-alexis-sanchez-6.jpg\"><img itemprop=\"image\" src=\"http:\/\/hoycordobaweb.com\/wp-content\/uploads\/2022\/08\/en-chile-reprocharon-los-dichos-de-alexis-sanchez-6.jpg\" loading=\"lazy\" alt=\"Dijo que se equivoc\u00f3 con su primer comentario. (CHRISTOPHE SIMON \/ AFP)\">\n<\/picture><figcaption readability=\"2\">\n<p>Dijo que se equivoc\u00f3 con su primer comentario. (CHRISTOPHE SIMON \/ AFP)\n<\/p>\n<\/figcaption><\/div>\n<\/div>\n<div class=\"sp__SM\">\n<div class=\"content-new \">\n<span class=\"tit-mobile\">Mir\u00e1 tambi\u00e9n<\/span><\/p>\n<div class=\"mg\">\n<div class=\"wrap-figure\">\n<picture>\n<a href=\"https:\/\/www.ole.com.ar\/futbol-internacional\/francia\/alexis-sanchez-jugador-refuerzo-olympique-marsella_0_4Loa61S9uy.html\" target=\"_self\" rel=\"noopener noreferrer\"><br \/>\n<img class=\"img-responsive\" alt=\"El selecto grupo al que entr\u00f3 Alexis S\u00e1nchez con su llegada a Francia\" src=\"http:\/\/hoycordobaweb.com\/wp-content\/uploads\/2022\/08\/en-chile-reprocharon-los-dichos-de-alexis-sanchez-7.jpg\" loading=\"lazy\"><br \/>\n<\/a>\n<\/picture>\n<\/div>\n<\/div><\/div>\n<\/div>\n<p>Adem\u00e1s, el Mago agreg\u00f3: <strong>\u00abHay un error de Alexis, porque debe ser con Arturo (Vidal) uno de los jugadores m\u00e1s queridos en Chile. Uno de los jugadores que el medio period\u00edstico m\u00e1s protege y en quien m\u00e1s confianza tiene a pesar del tiempo que lleva sin jugar.<\/strong> Estoy sacando al hincha, porque \u00e9l hizo referencia a los periodistas\u00bb.<\/p>\n<p><strong>\u00abPor eso considero que se equivoca, porque no son todos. Yo nunca me enoj\u00e9 cuando se me critic\u00f3 lo futbol\u00edstico. En la profesi\u00f3n del periodismo tienes que criticar cuando ves, merece y entiendes lo futbol\u00edstico. <\/strong>En un tiempo, no ahora, se mezclaron muchas cosas: lo futbol\u00edstico con lo extrafutbol\u00edstico, con la prensa de far\u00e1ndula. Se malinterpret\u00f3 el tema de lo deportivo\u00bb, a\u00f1adi\u00f3 Valdivia, en sinton\u00eda.<\/p>\n<div class=\"sp__Normal\">\n<div class=\"image-embeb image-trigger\" readability=\"6\">\n<picture><source media=\"(min-width: 720px)\" srcset=\"http:\/\/hoycordobaweb.com\/wp-content\/uploads\/2022\/08\/en-chile-reprocharon-los-dichos-de-alexis-sanchez-8.jpg\"><img itemprop=\"image\" src=\"http:\/\/hoycordobaweb.com\/wp-content\/uploads\/2022\/08\/en-chile-reprocharon-los-dichos-de-alexis-sanchez-8.jpg\" loading=\"lazy\" alt=\"Compartieron equipo en La Roja. (AP\/Luis Hidalgo)\">\n<\/picture><figcaption readability=\"2\">\n<p>Compartieron equipo en La Roja. (AP\/Luis Hidalgo)\n<\/p>\n<\/figcaption><\/div>\n<\/div>\n<div class=\"sp__SM\">\n<div class=\"content-new \">\n<span class=\"tit-mobile\">Mir\u00e1 tambi\u00e9n<\/span><\/p>\n<div class=\"mg\">\n<div class=\"wrap-figure\">\n<picture>\n<a href=\"https:\/\/www.ole.com.ar\/futbol-internacional\/refuerzos-flamengo-libertadores-velez_0_RGPT8Kxcic.html\" target=\"_self\" rel=\"noopener noreferrer\"><br \/>\n<img class=\"img-responsive\" alt=\"Todos los s\u00faper refuerzos del Flamengo en este mercado de pases\" src=\"http:\/\/hoycordobaweb.com\/wp-content\/uploads\/2022\/08\/en-chile-reprocharon-los-dichos-de-alexis-sanchez-9.jpg\" loading=\"lazy\"><br \/>\n<\/a>\n<\/picture>\n<\/div>\n<\/div><\/div>\n<\/div>\n<p>Para finalizar, sentenci\u00f3: <strong>\u00abEs un jugador que ac\u00e1 en Chile los ni\u00f1os lo tienen como \u00eddolo, en las calles las camisetas son de Alexis y de Vidal. Quiz\u00e1 sinti\u00f3 que la cobertura que tuvo Arturo no fue la misma que tuvo \u00e9l, y Alexis es de esos jugadores de piel, necesita sentirse apoyado y querido, prender la tele y que est\u00e9n hablando bien de \u00e9l. Es distinto a Arturo\u00bb<\/strong>.<\/p>\n<h2><strong>R\u00c9CORD DE ALEXIS<\/strong><\/h2>\n<p>Alexis S\u00e1nchez comparte un selecto grupo junto a Juan Pablo Sor\u00edn, Gabriel Heinze, \u00c1ngel Di Maria, Philippe Coutinho, Carlos S\u00e1nchez, James Rodr\u00edguez y Eduardo Vargas. \u00bfDe qu\u00e9 se trata? El chileno, ex Inter de Milan, Barcelona, Arsenal y Manchester United, es de lo pocos futbolista sudamericanos que pasaron por 4 ligas del Big 5.<\/p>\n<div class=\"sp__SM\">\n<div class=\"content-new \">\n<span class=\"tit-mobile\">Mir\u00e1 tambi\u00e9n<\/span><\/p>\n<div class=\"mg\">\n<div class=\"wrap-figure\">\n<picture>\n<a href=\"https:\/\/www.ole.com.ar\/futbol-internacional\/inglaterra\/chelsea-christian-pulisic-premier-league-newcastle-united_0_LjaJJxKS96.html\" target=\"_self\" rel=\"noopener noreferrer\"><br \/>\n<img class=\"img-responsive\" alt=\"Chelsea se quiere desprender de Pulisic y podr\u00eda jugar en otro equipo de Premier League\" src=\"http:\/\/hoycordobaweb.com\/wp-content\/uploads\/2022\/08\/en-chile-reprocharon-los-dichos-de-alexis-sanchez-10.jpg\" loading=\"lazy\"><br \/>\n<\/a>\n<\/picture>\n<\/div>\n<\/div><\/div>\n<\/div>\n<div class=\"entry-tags\">\n<h2>TEMAS QUE APARECEN EN ESTA NOTA<\/h2>\n<\/p><\/div>\n","protected":false},"excerpt":{"rendered":"<p>Alexis S\u00e1nchez fue presentado como refuerzo del Olympique de Marsella y los hinchas tienen las expectativas a mil, a tal punto de recibirlo en aeropuerto y hacer una enorme fiesta. El calor y cari\u00f1o le lleg\u00f3 al futbolista trasandino, quien demostr\u00f3 estar satisfecho por las muestras de afecto. El Ni\u00f1o Maravilla lleg\u00f3 libre desde el [&hellip;]<\/p>\n","protected":false},"author":1,"featured_media":46710,"comment_status":"open","ping_status":"closed","sticky":false,"template":"","format":"standard","meta":[],"categories":[16],"tags":[],"_links":{"self":[{"href":"http:\/\/hoycordobaweb.com\/index.php\/wp-json\/wp\/v2\/posts\/46709"}],"collection":[{"href":"http:\/\/hoycordobaweb.com\/index.php\/wp-json\/wp\/v2\/posts"}],"about":[{"href":"http:\/\/hoycordobaweb.com\/index.php\/wp-json\/wp\/v2\/types\/post"}],"author":[{"embeddable":true,"href":"http:\/\/hoycordobaweb.com\/index.php\/wp-json\/wp\/v2\/users\/1"}],"replies":[{"embeddable":true,"href":"http:\/\/hoycordobaweb.com\/index.php\/wp-json\/wp\/v2\/comments?post=46709"}],"version-history":[{"count":0,"href":"http:\/\/hoycordobaweb.com\/index.php\/wp-json\/wp\/v2\/posts\/46709\/revisions"}],"wp:featuredmedia":[{"embeddable":true,"href":"http:\/\/hoycordobaweb.com\/index.php\/wp-json\/wp\/v2\/media\/46710"}],"wp:attachment":[{"href":"http:\/\/hoycordobaweb.com\/index.php\/wp-json\/wp\/v2\/media?parent=46709"}],"wp:term":[{"taxonomy":"category","embeddable":true,"href":"http:\/\/hoycordobaweb.com\/index.php\/wp-json\/wp\/v2\/categories?post=46709"},{"taxonomy":"post_tag","embeddable":true,"href":"http:\/\/hoycordobaweb.com\/index.php\/wp-json\/wp\/v2\/tags?post=46709"}],"curies":[{"name":"wp","href":"https:\/\/api.w.org\/{rel}","templated":true}]}}