{"id":46701,"date":"2022-08-11T20:23:49","date_gmt":"2022-08-11T20:23:49","guid":{"rendered":"https:\/\/www.ole.com.ar\/mundial\/mundial-qatar-202\/oficial-cambio-dia-comienzo-mundial_0_OEQrj5pBuW.html"},"modified":"2022-08-11T20:23:49","modified_gmt":"2022-08-11T20:23:49","slug":"es-oficial-el-mundial-comienza-un-dia-antes","status":"publish","type":"post","link":"http:\/\/hoycordobaweb.com\/index.php\/2022\/08\/11\/es-oficial-el-mundial-comienza-un-dia-antes\/","title":{"rendered":"Es oficial: el Mundial comienza un d\u00eda antes"},"content":{"rendered":"<p><img src=\"http:\/\/hoycordobaweb.com\/wp-content\/uploads\/2022\/08\/es-oficial-el-mundial-comienza-un-dia-antes.jpg\"><\/p>\n<div><img src=\"http:\/\/hoycordobaweb.com\/wp-content\/uploads\/2022\/08\/es-oficial-el-mundial-comienza-un-dia-antes.jpg\" class=\"ff-og-image-inserted\"><\/div>\n<p>Para todos los fan\u00e1ticos del f\u00fatbol que vienen tachando los d\u00edas esperando el comienzo del Mundial, este martes se confirm\u00f3 una buena noticia. <strong>La cuenta regresiva ser\u00e1 m\u00e1s corta.<\/strong> Tal <a data-cke-saved-href=\"https:\/\/www.ole.com.ar\/mundial\/mundial-qatar-202\/ecuador-qatar-mundial-domingo-voviembre_0_f7Jjk7dSzh.html\" target=\"_blank\" href=\"https:\/\/www.ole.com.ar\/mundial\/mundial-qatar-202\/ecuador-qatar-mundial-domingo-voviembre_0_f7Jjk7dSzh.html\" rel=\"noopener noreferrer\"><strong>como hab\u00eda adelantado Ol\u00e9, Qatar 2022 comenzar\u00e1 el 20 de noviembre<\/strong><\/a>, y con un cambio de encuentro. \u00bfEntonces. cu\u00e1l ser\u00e1 el primer partido? Qatar-Ecuador, respetando las tradiciones de que el local dispute el encuentro de lanzamiento, con fiesta y chiches.<\/p>\n<p>En un principio, el choque de Senegal-Pa\u00edses Bajos iba a abrir la competencia el 21 de noviembre. Pero, atendiendo a la costumbre de que la selecci\u00f3n anfitriona juega el primer choque de los Mundiales, la FIFA pas\u00f3 para el domingo 20 de noviembre (a las 15 de la Argentina) el partido de Qatar ante el equipo de Gustavo Alfaro.<\/p>\n<div class=\"entry-tags\">\n<h2>TEMAS QUE APARECEN EN ESTA NOTA<\/h2>\n<\/p><\/div>\n","protected":false},"excerpt":{"rendered":"<p>Para todos los fan\u00e1ticos del f\u00fatbol que vienen tachando los d\u00edas esperando el comienzo del Mundial, este martes se confirm\u00f3 una buena noticia. La cuenta regresiva ser\u00e1 m\u00e1s corta. Tal como hab\u00eda adelantado Ol\u00e9, Qatar 2022 comenzar\u00e1 el 20 de noviembre, y con un cambio de encuentro. \u00bfEntonces. cu\u00e1l ser\u00e1 el primer partido? Qatar-Ecuador, respetando [&hellip;]<\/p>\n","protected":false},"author":1,"featured_media":46702,"comment_status":"open","ping_status":"closed","sticky":false,"template":"","format":"standard","meta":[],"categories":[16],"tags":[],"_links":{"self":[{"href":"http:\/\/hoycordobaweb.com\/index.php\/wp-json\/wp\/v2\/posts\/46701"}],"collection":[{"href":"http:\/\/hoycordobaweb.com\/index.php\/wp-json\/wp\/v2\/posts"}],"about":[{"href":"http:\/\/hoycordobaweb.com\/index.php\/wp-json\/wp\/v2\/types\/post"}],"author":[{"embeddable":true,"href":"http:\/\/hoycordobaweb.com\/index.php\/wp-json\/wp\/v2\/users\/1"}],"replies":[{"embeddable":true,"href":"http:\/\/hoycordobaweb.com\/index.php\/wp-json\/wp\/v2\/comments?post=46701"}],"version-history":[{"count":0,"href":"http:\/\/hoycordobaweb.com\/index.php\/wp-json\/wp\/v2\/posts\/46701\/revisions"}],"wp:featuredmedia":[{"embeddable":true,"href":"http:\/\/hoycordobaweb.com\/index.php\/wp-json\/wp\/v2\/media\/46702"}],"wp:attachment":[{"href":"http:\/\/hoycordobaweb.com\/index.php\/wp-json\/wp\/v2\/media?parent=46701"}],"wp:term":[{"taxonomy":"category","embeddable":true,"href":"http:\/\/hoycordobaweb.com\/index.php\/wp-json\/wp\/v2\/categories?post=46701"},{"taxonomy":"post_tag","embeddable":true,"href":"http:\/\/hoycordobaweb.com\/index.php\/wp-json\/wp\/v2\/tags?post=46701"}],"curies":[{"name":"wp","href":"https:\/\/api.w.org\/{rel}","templated":true}]}}