{"id":46686,"date":"2022-08-10T17:30:00","date_gmt":"2022-08-10T17:30:00","guid":{"rendered":"https:\/\/fm-comunicar.com.ar\/contenido\/19471\/agraria-renovo-la-comision-directiva-y-dario-coronel-es-el-nuevo-presidente"},"modified":"2022-08-10T17:30:00","modified_gmt":"2022-08-10T17:30:00","slug":"agraria-renovo-la-comision-directiva-y-dario-coronel-es-el-nuevo-presidente","status":"publish","type":"post","link":"http:\/\/hoycordobaweb.com\/index.php\/2022\/08\/10\/agraria-renovo-la-comision-directiva-y-dario-coronel-es-el-nuevo-presidente\/","title":{"rendered":"Agraria renov\u00f3 la comisi\u00f3n directiva y Dar\u00edo Coronel es el nuevo presidente"},"content":{"rendered":"<p>El reconocido profesor de Taekwondo reemplaza a Juan Carlos Tesino, que deja el m\u00e1ximo cargo tras 15 a\u00f1os.<img src=\"http:\/\/hoycordobaweb.com\/wp-content\/uploads\/2022\/08\/agraria-renovo-la-comision-directiva-y-dario-coronel-es-el-nuevo-presidente.jpg\"><\/p>\n","protected":false},"excerpt":{"rendered":"<p>El reconocido profesor de Taekwondo reemplaza a Juan Carlos Tesino, que deja el m\u00e1ximo cargo tras 15 a\u00f1os.<\/p>\n","protected":false},"author":1,"featured_media":46687,"comment_status":"closed","ping_status":"closed","sticky":false,"template":"","format":"standard","meta":[],"categories":[18],"tags":[],"_links":{"self":[{"href":"http:\/\/hoycordobaweb.com\/index.php\/wp-json\/wp\/v2\/posts\/46686"}],"collection":[{"href":"http:\/\/hoycordobaweb.com\/index.php\/wp-json\/wp\/v2\/posts"}],"about":[{"href":"http:\/\/hoycordobaweb.com\/index.php\/wp-json\/wp\/v2\/types\/post"}],"author":[{"embeddable":true,"href":"http:\/\/hoycordobaweb.com\/index.php\/wp-json\/wp\/v2\/users\/1"}],"replies":[{"embeddable":true,"href":"http:\/\/hoycordobaweb.com\/index.php\/wp-json\/wp\/v2\/comments?post=46686"}],"version-history":[{"count":0,"href":"http:\/\/hoycordobaweb.com\/index.php\/wp-json\/wp\/v2\/posts\/46686\/revisions"}],"wp:featuredmedia":[{"embeddable":true,"href":"http:\/\/hoycordobaweb.com\/index.php\/wp-json\/wp\/v2\/media\/46687"}],"wp:attachment":[{"href":"http:\/\/hoycordobaweb.com\/index.php\/wp-json\/wp\/v2\/media?parent=46686"}],"wp:term":[{"taxonomy":"category","embeddable":true,"href":"http:\/\/hoycordobaweb.com\/index.php\/wp-json\/wp\/v2\/categories?post=46686"},{"taxonomy":"post_tag","embeddable":true,"href":"http:\/\/hoycordobaweb.com\/index.php\/wp-json\/wp\/v2\/tags?post=46686"}],"curies":[{"name":"wp","href":"https:\/\/api.w.org\/{rel}","templated":true}]}}