{"id":46679,"date":"2022-08-11T12:57:24","date_gmt":"2022-08-11T12:57:24","guid":{"rendered":"https:\/\/fono.fcm.unc.edu.ar\/?p=9613"},"modified":"2022-08-11T12:57:24","modified_gmt":"2022-08-11T12:57:24","slug":"11-de-agosto-dia-del-y-de-las-nutricionistas","status":"publish","type":"post","link":"http:\/\/hoycordobaweb.com\/index.php\/2022\/08\/11\/11-de-agosto-dia-del-y-de-las-nutricionistas\/","title":{"rendered":"11 de agosto: D\u00eda del y de las Nutricionistas"},"content":{"rendered":"<h2 class=\"fusion-post-title\">11 de agosto: D\u00eda del y de las Nutricionistas<\/h2>\n<div class=\"post-content\" readability=\"39\">\n<p><img loading=\"lazy\" class=\"size-fusion-400 wp-image-9614 alignright\" src=\"https:\/\/fono.fcm.unc.edu.ar\/wp-content\/uploads\/sites\/14\/2022\/08\/WhatsApp-Image-2022-08-11-at-9.24.42-AM-400x400.jpeg\" alt width=\"400\" height=\"400\" srcset=\"https:\/\/fono.fcm.unc.edu.ar\/wp-content\/uploads\/sites\/14\/2022\/08\/WhatsApp-Image-2022-08-11-at-9.24.42-AM-66x66.jpeg 66w, https:\/\/fono.fcm.unc.edu.ar\/wp-content\/uploads\/sites\/14\/2022\/08\/WhatsApp-Image-2022-08-11-at-9.24.42-AM-150x150.jpeg 150w, https:\/\/fono.fcm.unc.edu.ar\/wp-content\/uploads\/sites\/14\/2022\/08\/WhatsApp-Image-2022-08-11-at-9.24.42-AM-200x200.jpeg 200w, https:\/\/fono.fcm.unc.edu.ar\/wp-content\/uploads\/sites\/14\/2022\/08\/WhatsApp-Image-2022-08-11-at-9.24.42-AM-300x300.jpeg 300w, https:\/\/fono.fcm.unc.edu.ar\/wp-content\/uploads\/sites\/14\/2022\/08\/WhatsApp-Image-2022-08-11-at-9.24.42-AM-400x400.jpeg 400w, https:\/\/fono.fcm.unc.edu.ar\/wp-content\/uploads\/sites\/14\/2022\/08\/WhatsApp-Image-2022-08-11-at-9.24.42-AM-600x600.jpeg 600w, https:\/\/fono.fcm.unc.edu.ar\/wp-content\/uploads\/sites\/14\/2022\/08\/WhatsApp-Image-2022-08-11-at-9.24.42-AM-768x768.jpeg 768w, https:\/\/fono.fcm.unc.edu.ar\/wp-content\/uploads\/sites\/14\/2022\/08\/WhatsApp-Image-2022-08-11-at-9.24.42-AM.jpeg 800w\" sizes=\"(max-width: 400px) 100vw, 400px\">Cada 11 de Agosto se celebra el dia la las y los profesionales Nutricionistas por el nacimiento de Pedro Escudero, m\u00e9dico argentino pionero de la nutrici\u00f3n en el mundo.<\/p>\n<p>Las Autoridades de la Escuela de Fonoaudiolog\u00eda saludan a todas las nutricionistas y los nutricionistas en su d\u00eda, en especial a los que pertenecen a la Escuela de Nutrici\u00f3n de nuestra Facultad de Ciencias M\u00e9dicas.<\/p>\n<\/p><\/div>\n","protected":false},"excerpt":{"rendered":"<p>11 de agosto: D\u00eda del y de las Nutricionistas Cada 11 de Agosto se celebra el dia la las y los profesionales Nutricionistas por el nacimiento de Pedro Escudero, m\u00e9dico argentino pionero de la nutrici\u00f3n en el mundo. Las Autoridades de la Escuela de Fonoaudiolog\u00eda saludan a todas las nutricionistas y los nutricionistas en su [&hellip;]<\/p>\n","protected":false},"author":1,"featured_media":0,"comment_status":"closed","ping_status":"closed","sticky":false,"template":"","format":"standard","meta":[],"categories":[1],"tags":[],"_links":{"self":[{"href":"http:\/\/hoycordobaweb.com\/index.php\/wp-json\/wp\/v2\/posts\/46679"}],"collection":[{"href":"http:\/\/hoycordobaweb.com\/index.php\/wp-json\/wp\/v2\/posts"}],"about":[{"href":"http:\/\/hoycordobaweb.com\/index.php\/wp-json\/wp\/v2\/types\/post"}],"author":[{"embeddable":true,"href":"http:\/\/hoycordobaweb.com\/index.php\/wp-json\/wp\/v2\/users\/1"}],"replies":[{"embeddable":true,"href":"http:\/\/hoycordobaweb.com\/index.php\/wp-json\/wp\/v2\/comments?post=46679"}],"version-history":[{"count":0,"href":"http:\/\/hoycordobaweb.com\/index.php\/wp-json\/wp\/v2\/posts\/46679\/revisions"}],"wp:attachment":[{"href":"http:\/\/hoycordobaweb.com\/index.php\/wp-json\/wp\/v2\/media?parent=46679"}],"wp:term":[{"taxonomy":"category","embeddable":true,"href":"http:\/\/hoycordobaweb.com\/index.php\/wp-json\/wp\/v2\/categories?post=46679"},{"taxonomy":"post_tag","embeddable":true,"href":"http:\/\/hoycordobaweb.com\/index.php\/wp-json\/wp\/v2\/tags?post=46679"}],"curies":[{"name":"wp","href":"https:\/\/api.w.org\/{rel}","templated":true}]}}