{"id":46665,"date":"2022-08-10T11:41:49","date_gmt":"2022-08-10T11:41:49","guid":{"rendered":"https:\/\/www.mujerhoy.com\/moda\/tendencias\/vestido-negro-zara-copia-barata-parece-lujo-look-alfombra-roja-elegante-sexy-favorito-famosas-20220810134107-nt.html"},"modified":"2022-08-10T11:41:49","modified_gmt":"2022-08-10T11:41:49","slug":"llega-a-zara-el-vestido-negro-mas-sexy-y-elegante-que-es-identico-a-uno-de-lujo-y-que-han-llevado-algunas-famosas-en-la-alfombra-roja","status":"publish","type":"post","link":"http:\/\/hoycordobaweb.com\/index.php\/2022\/08\/10\/llega-a-zara-el-vestido-negro-mas-sexy-y-elegante-que-es-identico-a-uno-de-lujo-y-que-han-llevado-algunas-famosas-en-la-alfombra-roja\/","title":{"rendered":"Llega a Zara el vestido negro m\u00e1s sexy y elegante que es id\u00e9ntico a uno de lujo y que han llevado algunas famosas en la alfombra roja"},"content":{"rendered":"<p><!-- AUTHOR --><!-- COMPONENTS --><\/p>\n<p class=\"voc-paragraph\"><strong>Zara <\/strong>es una de las firmas low cost favoritas, no solo por sus precios asequibles y atractivos, sino tambi\u00e9n por los dise\u00f1os que suele sacar a la venta y que poco tienen que envidiar al lujo. Adem\u00e1s, suele inspirarse en las piezas m\u00e1s exclusivas y que m\u00e1s \u00e9xito tienen permiti\u00e9ndonos al resto de mortales lucir looks similares a los de las &#8216;celebs&#8217;. Es el caso de<br \/>\n<a data-voc-vtm-id=\"in-text-traffic\" href=\"https:\/\/www.mujerhoy.com\/moda\/no-te-pierdas\/sandalias-preciosas-tacon-comodo-zara-que-parecen-caras-estan-a-punto-de-agotarse-20220806132515-nt.html\"> estas sandalias<\/a> y del <strong>vestido negro<\/strong> que promete arrasar.\n<\/p>\n<p class=\"voc-paragraph\">Y no, no es un vestido cualquiera. Es un V-E-S-T-I-D-A-Z-O, con todas las letras. Una prenda<br \/>\n<strong> sexy, elegante y sencilla <\/strong>que confirma que el menos es m\u00e1s y que lo tiene todo para convertir a cualquier mujer en una celebrity que triunfa en la alfombra roja.\n<\/p>\n<p class=\"voc-paragraph\">Hablamos de un vestido de Zara que es id\u00e9ntico a uno que present\u00f3<br \/>\n<strong> Yves Saint Laurent<\/strong> en el <strong>desfile de su colecci\u00f3n de oto\u00f1o-iniverno 2022<\/strong>. La casa de moda francesa incluy\u00f3 un vestido negro satinado en su propuesta y gust\u00f3 porque es un dise\u00f1o cl\u00e1sico que nunca pasa de moda, pero con el que siempre se acierta.\n<\/p>\n<div class=\"voc-detail-photo-zoom\"><picture data-toggle=\"modal\" data-target=\"#photoZoomModal-999\" target=\"modal\">\n<div class=\"voc-img-icon-link\"><img loading=\"lazy\" data-original=\"\/\/static1.mujerhoy.com\/www\/multimedia\/202208\/09\/media\/cortadas\/vestido-negro-yves-saint-laurent-k3LB--460x637@MujerHoy.jpg\" class=\"lazy\" alt=\"El vestido de Yves Saint Laurent.\"><noscript><img src=\"http:\/\/hoycordobaweb.com\/wp-content\/uploads\/2022\/08\/llega-a-zara-el-vestido-negro-mas-sexy-y-elegante-que-es-identico-a-uno-de-lujo-y-que-han-llevado-algunas-famosas-en-la-alfombra-roja.jpg\" alt=\"El vestido de Yves Saint Laurent.\"><\/noscript><i class=\"voc-icons zoom voc-multimedia-box voc-ico-l\"><\/i><\/div><figcaption class=\"figure-caption\">El vestido de Yves Saint Laurent.<\/figcaption><\/picture><\/div>\n<div id=\"photoZoomModal-999\" class=\"voc-lightbox modal fade voc-lightbox--photo-zoom\" role=\"dialog\" data-voc-photozoom-lightbox>\n<div class=\"voc-lightbox__dialog\" role=\"document\">\n<div class=\"voc-lightbox__content\"><!-- Modal header --><!-- Modal content --><\/p>\n<div class=\"voc-lightbox__photo-container\"><picture class><img loading=\"lazy\" data-original=\"\/\/static1.mujerhoy.com\/www\/multimedia\/202208\/09\/media\/cortadas\/vestido-negro-yves-saint-laurent-k3LB--460x637@MujerHoy.jpg\" alt=\"El vestido de Yves Saint Laurent.\" class=\"lazy\"><noscript><img src=\"http:\/\/hoycordobaweb.com\/wp-content\/uploads\/2022\/08\/llega-a-zara-el-vestido-negro-mas-sexy-y-elegante-que-es-identico-a-uno-de-lujo-y-que-han-llevado-algunas-famosas-en-la-alfombra-roja.jpg\" alt=\"El vestido de Yves Saint Laurent.\"><\/noscript><\/picture><\/div>\n<\/div>\n<\/div>\n<\/div>\n<p class=\"voc-paragraph\">Tanto es as\u00ed, que hemos visto a un sinf\u00edn de famosas lucir una prenda muy parecida en eventos, fiestas y, sobre todo, &#8216;red carpets&#8217;. De hecho,<br \/>\n<strong> Ana de Armas<\/strong> fue Trending Topic en las redes tras posar con un dise\u00f1o similar en la premiere de &#8216;James Bond, sin tiempo para morir&#8217;, pel\u00edcula en la que luce tambi\u00e9n el espectacular dise\u00f1o de Yves Saint Laurent como una aut\u00e9ntica chica Bond.\n<\/p>\n<p class=\"voc-paragraph\">Y no ha sido la \u00fanica, su doble en la producci\u00f3n tambi\u00e9n apost\u00f3 por un dise\u00f1o id\u00e9ntico en la presentaci\u00f3n, solo que en una versi\u00f3n en azul oscuro, y la modelo <strong>Barbara Palvin<\/strong> tambi\u00e9n arras\u00f3 gracias a esta prenda durante un evento celebrado a\u00f1os atr\u00e1s.\n<\/p>\n<div class=\"voc-detail-photo-zoom\"><picture data-toggle=\"modal\" data-target=\"#photoZoomModal-561\" target=\"modal\">\n<div class=\"voc-img-icon-link\"><img loading=\"lazy\" data-original=\"\/\/static1.mujerhoy.com\/www\/multimedia\/202208\/09\/media\/cortadas\/barbara-palvin-vestido-negro-k3LB--460x637@MujerHoy.jpg\" class=\"lazy\" alt=\"La modelo Barabara Palvin.\"><noscript><img src=\"http:\/\/hoycordobaweb.com\/wp-content\/uploads\/2022\/08\/llega-a-zara-el-vestido-negro-mas-sexy-y-elegante-que-es-identico-a-uno-de-lujo-y-que-han-llevado-algunas-famosas-en-la-alfombra-roja-1.jpg\" alt=\"La modelo Barabara Palvin.\"><\/noscript><i class=\"voc-icons zoom voc-multimedia-box voc-ico-l\"><\/i><\/div><figcaption class=\"figure-caption\">La modelo Barabara Palvin.<\/figcaption><\/picture><\/div>\n<div id=\"photoZoomModal-561\" class=\"voc-lightbox modal fade voc-lightbox--photo-zoom\" role=\"dialog\" data-voc-photozoom-lightbox>\n<div class=\"voc-lightbox__dialog\" role=\"document\">\n<div class=\"voc-lightbox__content\"><!-- Modal header --><!-- Modal content --><\/p>\n<div class=\"voc-lightbox__photo-container\"><picture class><img loading=\"lazy\" data-original=\"\/\/static1.mujerhoy.com\/www\/multimedia\/202208\/09\/media\/cortadas\/barbara-palvin-vestido-negro-k3LB--460x637@MujerHoy.jpg\" alt=\"La modelo Barabara Palvin.\" class=\"lazy\"><noscript><img src=\"http:\/\/hoycordobaweb.com\/wp-content\/uploads\/2022\/08\/llega-a-zara-el-vestido-negro-mas-sexy-y-elegante-que-es-identico-a-uno-de-lujo-y-que-han-llevado-algunas-famosas-en-la-alfombra-roja-1.jpg\" alt=\"La modelo Barabara Palvin.\"><\/noscript><\/picture><\/div>\n<\/div>\n<\/div>\n<\/div>\n<p class=\"voc-paragraph\">\u00bfTe ha gustado? Pues s\u00ed, querida lectora, t\u00fa tambi\u00e9n puedes lucirlo sin tener que pagar precios estratosf\u00e9ricos. Y es que, <strong>Zara <\/strong>parecer haberse inspirado en la firma de lujo para uno de sus \u00faltimos vestidos lanzados y ha sacado a la venta un dise\u00f1o casi id\u00e9ntico.\n<\/p>\n<p class=\"voc-paragraph\">Se trata de <strong>la versi\u00f3n low cost <\/strong>del vestido negro de Yves Saint Laurent y tiene las mismas caracter\u00edsticas:<br \/>\n<strong> tejido satinado, largo XL que cubre los pies, tirante fino y un escote en pico de infarto<\/strong>. Este \u00faltimo se encuentra tanto por delante como por detr\u00e1s, dejando la espalda al descubierto.\n<\/p>\n<div class=\"voc-detail-photo-zoom\"><picture data-toggle=\"modal\" data-target=\"#photoZoomModal-720\" target=\"modal\">\n<div class=\"voc-img-icon-link\"><img loading=\"lazy\" data-original=\"\/\/static.mujerhoy.com\/www\/multimedia\/202208\/09\/media\/cortadas\/vestido-negro-zara-lencero-k3LB--460x637@MujerHoy.jpg\" class=\"lazy\" alt=\"El vestido de Zara.\"><noscript><img src=\"http:\/\/hoycordobaweb.com\/wp-content\/uploads\/2022\/08\/llega-a-zara-el-vestido-negro-mas-sexy-y-elegante-que-es-identico-a-uno-de-lujo-y-que-han-llevado-algunas-famosas-en-la-alfombra-roja-2.jpg\" alt=\"El vestido de Zara.\"><\/noscript><i class=\"voc-icons zoom voc-multimedia-box voc-ico-l\"><\/i><\/div><figcaption class=\"figure-caption\">El vestido de Zara.<\/figcaption><\/picture><\/div>\n<div id=\"photoZoomModal-720\" class=\"voc-lightbox modal fade voc-lightbox--photo-zoom\" role=\"dialog\" data-voc-photozoom-lightbox>\n<div class=\"voc-lightbox__dialog\" role=\"document\">\n<div class=\"voc-lightbox__content\"><!-- Modal header --><!-- Modal content --><\/p>\n<div class=\"voc-lightbox__photo-container\"><picture class><img loading=\"lazy\" data-original=\"\/\/static.mujerhoy.com\/www\/multimedia\/202208\/09\/media\/cortadas\/vestido-negro-zara-lencero-k3LB--460x637@MujerHoy.jpg\" alt=\"El vestido de Zara.\" class=\"lazy\"><noscript><img src=\"http:\/\/hoycordobaweb.com\/wp-content\/uploads\/2022\/08\/llega-a-zara-el-vestido-negro-mas-sexy-y-elegante-que-es-identico-a-uno-de-lujo-y-que-han-llevado-algunas-famosas-en-la-alfombra-roja-2.jpg\" alt=\"El vestido de Zara.\"><\/noscript><\/picture><\/div>\n<\/div>\n<\/div>\n<\/div>\n<p class=\"voc-paragraph\">Tiene el bajo acabado en l\u00ednea evas\u00e9 para ese efecto cola que le convierten en un vestido de gala y el cierre en la espalda con cremallera. Cuesta<br \/>\n<strong> 89,95 euros<\/strong>, un precio mucho m\u00e1s asequible que el de la firma francesa y lo han sacado a la venta desde la talla XS a la L.\n<\/p>\n<p class=\"voc-paragraph\">\u00bfEl resultado? Que las dos tallas m\u00e1s peque\u00f1as ya aparecen como <strong>agotadas <\/strong>en la web del gigante de Inditex. Y no es para menos, porque aunque se trata de un vestido sencillo, habla por s\u00ed solo y no necesitar\u00e1 complementos llamativos para ser un lookazo de matr\u00edcula de honor.\n<\/p>\n<p><!-- TOPICS --><\/p>\n","protected":false},"excerpt":{"rendered":"<p>Zara es una de las firmas low cost favoritas, no solo por sus precios asequibles y atractivos, sino tambi\u00e9n por los dise\u00f1os que suele sacar a la venta y que poco tienen que envidiar al lujo. Adem\u00e1s, suele inspirarse en las piezas m\u00e1s exclusivas y que m\u00e1s \u00e9xito tienen permiti\u00e9ndonos al resto de mortales lucir [&hellip;]<\/p>\n","protected":false},"author":1,"featured_media":46666,"comment_status":"closed","ping_status":"closed","sticky":false,"template":"","format":"standard","meta":[],"categories":[1],"tags":[],"_links":{"self":[{"href":"http:\/\/hoycordobaweb.com\/index.php\/wp-json\/wp\/v2\/posts\/46665"}],"collection":[{"href":"http:\/\/hoycordobaweb.com\/index.php\/wp-json\/wp\/v2\/posts"}],"about":[{"href":"http:\/\/hoycordobaweb.com\/index.php\/wp-json\/wp\/v2\/types\/post"}],"author":[{"embeddable":true,"href":"http:\/\/hoycordobaweb.com\/index.php\/wp-json\/wp\/v2\/users\/1"}],"replies":[{"embeddable":true,"href":"http:\/\/hoycordobaweb.com\/index.php\/wp-json\/wp\/v2\/comments?post=46665"}],"version-history":[{"count":0,"href":"http:\/\/hoycordobaweb.com\/index.php\/wp-json\/wp\/v2\/posts\/46665\/revisions"}],"wp:featuredmedia":[{"embeddable":true,"href":"http:\/\/hoycordobaweb.com\/index.php\/wp-json\/wp\/v2\/media\/46666"}],"wp:attachment":[{"href":"http:\/\/hoycordobaweb.com\/index.php\/wp-json\/wp\/v2\/media?parent=46665"}],"wp:term":[{"taxonomy":"category","embeddable":true,"href":"http:\/\/hoycordobaweb.com\/index.php\/wp-json\/wp\/v2\/categories?post=46665"},{"taxonomy":"post_tag","embeddable":true,"href":"http:\/\/hoycordobaweb.com\/index.php\/wp-json\/wp\/v2\/tags?post=46665"}],"curies":[{"name":"wp","href":"https:\/\/api.w.org\/{rel}","templated":true}]}}