{"id":46632,"date":"2022-08-10T08:30:58","date_gmt":"2022-08-10T08:30:58","guid":{"rendered":"http:\/\/hoycordobaweb.com\/index.php\/2022\/08\/10\/el-argentino-mauro-ortiz-ultimo-refuerzo-del-motagua-para-el-apertura-futbol-internacional\/"},"modified":"2022-08-10T08:30:58","modified_gmt":"2022-08-10T08:30:58","slug":"el-argentino-mauro-ortiz-ultimo-refuerzo-del-motagua-para-el-apertura-futbol-internacional","status":"publish","type":"post","link":"http:\/\/hoycordobaweb.com\/index.php\/2022\/08\/10\/el-argentino-mauro-ortiz-ultimo-refuerzo-del-motagua-para-el-apertura-futbol-internacional\/","title":{"rendered":"El <b>argentino<\/b> Mauro Ortiz, \u00faltimo refuerzo del Motagua para el Apertura &#8211; <b>F\u00fatbol<\/b> Internacional"},"content":{"rendered":"<p>Ortiz se\u00f1al\u00f3 que viene por un a\u00f1o al Motagua, en calidad de pr\u00e9stamo por el Talleres de C\u00f3rdoba, del <b>f\u00fatbol argentino<\/b>. <\/p>\n","protected":false},"excerpt":{"rendered":"<p>Ortiz se\u00f1al\u00f3 que viene por un a\u00f1o al Motagua, en calidad de pr\u00e9stamo por el Talleres de C\u00f3rdoba, del f\u00fatbol argentino.<\/p>\n","protected":false},"author":1,"featured_media":0,"comment_status":"closed","ping_status":"closed","sticky":false,"template":"","format":"standard","meta":[],"categories":[22],"tags":[],"_links":{"self":[{"href":"http:\/\/hoycordobaweb.com\/index.php\/wp-json\/wp\/v2\/posts\/46632"}],"collection":[{"href":"http:\/\/hoycordobaweb.com\/index.php\/wp-json\/wp\/v2\/posts"}],"about":[{"href":"http:\/\/hoycordobaweb.com\/index.php\/wp-json\/wp\/v2\/types\/post"}],"author":[{"embeddable":true,"href":"http:\/\/hoycordobaweb.com\/index.php\/wp-json\/wp\/v2\/users\/1"}],"replies":[{"embeddable":true,"href":"http:\/\/hoycordobaweb.com\/index.php\/wp-json\/wp\/v2\/comments?post=46632"}],"version-history":[{"count":0,"href":"http:\/\/hoycordobaweb.com\/index.php\/wp-json\/wp\/v2\/posts\/46632\/revisions"}],"wp:attachment":[{"href":"http:\/\/hoycordobaweb.com\/index.php\/wp-json\/wp\/v2\/media?parent=46632"}],"wp:term":[{"taxonomy":"category","embeddable":true,"href":"http:\/\/hoycordobaweb.com\/index.php\/wp-json\/wp\/v2\/categories?post=46632"},{"taxonomy":"post_tag","embeddable":true,"href":"http:\/\/hoycordobaweb.com\/index.php\/wp-json\/wp\/v2\/tags?post=46632"}],"curies":[{"name":"wp","href":"https:\/\/api.w.org\/{rel}","templated":true}]}}