{"id":46630,"date":"2022-08-09T17:47:00","date_gmt":"2022-08-09T17:47:00","guid":{"rendered":"https:\/\/fm-comunicar.com.ar\/contenido\/19467\/este-miercoles-sera-normal-el-transporte-interurbano-de-colectivos"},"modified":"2022-08-09T17:47:00","modified_gmt":"2022-08-09T17:47:00","slug":"este-miercoles-sera-normal-el-transporte-interurbano-de-colectivos","status":"publish","type":"post","link":"http:\/\/hoycordobaweb.com\/index.php\/2022\/08\/09\/este-miercoles-sera-normal-el-transporte-interurbano-de-colectivos\/","title":{"rendered":"Este mi\u00e9rcoles ser\u00e1 normal el transporte interurbano de colectivos"},"content":{"rendered":"<p>Si bien AOITA hab\u00eda anunciado un paro por 24 horas, el Ministerio de Trabajo dict\u00f3 la conciliaci\u00f3n obligatoria y el gremio de choferes la acat\u00f3.<img src=\"http:\/\/hoycordobaweb.com\/wp-content\/uploads\/2022\/08\/este-miercoles-sera-normal-el-transporte-interurbano-de-colectivos.jpg\"><\/p>\n","protected":false},"excerpt":{"rendered":"<p>Si bien AOITA hab\u00eda anunciado un paro por 24 horas, el Ministerio de Trabajo dict\u00f3 la conciliaci\u00f3n obligatoria y el gremio de choferes la acat\u00f3.<\/p>\n","protected":false},"author":1,"featured_media":46631,"comment_status":"closed","ping_status":"closed","sticky":false,"template":"","format":"standard","meta":[],"categories":[18],"tags":[],"_links":{"self":[{"href":"http:\/\/hoycordobaweb.com\/index.php\/wp-json\/wp\/v2\/posts\/46630"}],"collection":[{"href":"http:\/\/hoycordobaweb.com\/index.php\/wp-json\/wp\/v2\/posts"}],"about":[{"href":"http:\/\/hoycordobaweb.com\/index.php\/wp-json\/wp\/v2\/types\/post"}],"author":[{"embeddable":true,"href":"http:\/\/hoycordobaweb.com\/index.php\/wp-json\/wp\/v2\/users\/1"}],"replies":[{"embeddable":true,"href":"http:\/\/hoycordobaweb.com\/index.php\/wp-json\/wp\/v2\/comments?post=46630"}],"version-history":[{"count":0,"href":"http:\/\/hoycordobaweb.com\/index.php\/wp-json\/wp\/v2\/posts\/46630\/revisions"}],"wp:featuredmedia":[{"embeddable":true,"href":"http:\/\/hoycordobaweb.com\/index.php\/wp-json\/wp\/v2\/media\/46631"}],"wp:attachment":[{"href":"http:\/\/hoycordobaweb.com\/index.php\/wp-json\/wp\/v2\/media?parent=46630"}],"wp:term":[{"taxonomy":"category","embeddable":true,"href":"http:\/\/hoycordobaweb.com\/index.php\/wp-json\/wp\/v2\/categories?post=46630"},{"taxonomy":"post_tag","embeddable":true,"href":"http:\/\/hoycordobaweb.com\/index.php\/wp-json\/wp\/v2\/tags?post=46630"}],"curies":[{"name":"wp","href":"https:\/\/api.w.org\/{rel}","templated":true}]}}