{"id":46623,"date":"2022-08-09T16:46:26","date_gmt":"2022-08-09T16:46:26","guid":{"rendered":"https:\/\/enfermeria.fcm.unc.edu.ar\/?p=3946"},"modified":"2022-08-09T16:46:26","modified_gmt":"2022-08-09T16:46:26","slug":"regimen-especial-de-cursado-segundo-cuatrimestre","status":"publish","type":"post","link":"http:\/\/hoycordobaweb.com\/index.php\/2022\/08\/09\/regimen-especial-de-cursado-segundo-cuatrimestre\/","title":{"rendered":"R\u00c9GIMEN ESPECIAL DE CURSADO \u2013 SEGUNDO CUATRIMESTRE"},"content":{"rendered":"<div class=\"post-content\" readability=\"44.519480519481\">\n<p>En base a las Resoluciones HCS 474\/14 y HCD 789\/2019 referidas al r\u00e9gimen de ense\u00f1anza, que facilita el ingreso y la permanencia de estudiantes que trabajan o tienen personas a cargo, y dentro del marco de la Escuela de Enfermer\u00eda, se consideran acciones especiales que contemplen la inclusi\u00f3n relativa del estudiante a las diferentes modalidades de cursado actual.<br \/>La Secretar\u00eda de Asuntos Estudiantiles present\u00f3 el \u00abR\u00e9gimen de Cursado\u00bb, aprobado bajo Resoluci\u00f3n Interna N\u00b0 109\/19 y las normativas explicitadas precedentemente.<\/p>\n<p>Para este segundo cuatrimestre, la convocatoria se realizar\u00e1 del d\u00eda&nbsp;<b>MI\u00c9RCOLES&nbsp;10 AL VIERNES 12 DE AGOSTO, de 8 a 16 horas de manera PRESENCIAL en la oficina de nuestra Secretar\u00eda en Hall Central, sin excepci\u00f3n.&nbsp;<\/b><\/p>\n<p>Encontrar\u00e1 en los siguientes archivos requisitos seg\u00fan r\u00e9gimen solicitado y nota solicitud.<\/p>\n<\/p><\/div>\n","protected":false},"excerpt":{"rendered":"<p>En base a las Resoluciones HCS 474\/14 y HCD 789\/2019 referidas al r\u00e9gimen de ense\u00f1anza, que facilita el ingreso y la permanencia de estudiantes que trabajan o tienen personas a cargo, y dentro del marco de la Escuela de Enfermer\u00eda, se consideran acciones especiales que contemplen la inclusi\u00f3n relativa del estudiante a las diferentes modalidades [&hellip;]<\/p>\n","protected":false},"author":1,"featured_media":0,"comment_status":"closed","ping_status":"closed","sticky":false,"template":"","format":"standard","meta":[],"categories":[17],"tags":[],"_links":{"self":[{"href":"http:\/\/hoycordobaweb.com\/index.php\/wp-json\/wp\/v2\/posts\/46623"}],"collection":[{"href":"http:\/\/hoycordobaweb.com\/index.php\/wp-json\/wp\/v2\/posts"}],"about":[{"href":"http:\/\/hoycordobaweb.com\/index.php\/wp-json\/wp\/v2\/types\/post"}],"author":[{"embeddable":true,"href":"http:\/\/hoycordobaweb.com\/index.php\/wp-json\/wp\/v2\/users\/1"}],"replies":[{"embeddable":true,"href":"http:\/\/hoycordobaweb.com\/index.php\/wp-json\/wp\/v2\/comments?post=46623"}],"version-history":[{"count":0,"href":"http:\/\/hoycordobaweb.com\/index.php\/wp-json\/wp\/v2\/posts\/46623\/revisions"}],"wp:attachment":[{"href":"http:\/\/hoycordobaweb.com\/index.php\/wp-json\/wp\/v2\/media?parent=46623"}],"wp:term":[{"taxonomy":"category","embeddable":true,"href":"http:\/\/hoycordobaweb.com\/index.php\/wp-json\/wp\/v2\/categories?post=46623"},{"taxonomy":"post_tag","embeddable":true,"href":"http:\/\/hoycordobaweb.com\/index.php\/wp-json\/wp\/v2\/tags?post=46623"}],"curies":[{"name":"wp","href":"https:\/\/api.w.org\/{rel}","templated":true}]}}