{"id":4661,"date":"2020-11-06T21:25:17","date_gmt":"2020-11-06T21:25:17","guid":{"rendered":"https:\/\/www.perfil.com\/noticias\/politica\/como-sera-el-gran-comando-vacunador-que-anuncio-alberto-fernandez.phtml"},"modified":"2020-11-06T21:25:17","modified_gmt":"2020-11-06T21:25:17","slug":"como-sera-el-gran-comando-vacunador-que-anuncio-alberto-fernandez","status":"publish","type":"post","link":"http:\/\/hoycordobaweb.com\/index.php\/2020\/11\/06\/como-sera-el-gran-comando-vacunador-que-anuncio-alberto-fernandez\/","title":{"rendered":"C\u00f3mo ser\u00e1 \u00abel gran comando\u00bb vacunador que anunci\u00f3 Alberto Fern\u00e1ndez"},"content":{"rendered":"<p><img src=\"http:\/\/hoycordobaweb.com\/wp-content\/uploads\/2020\/11\/como-sera-el-gran-comando-vacunador-que-anuncio-alberto-fernandez.jpg\"><\/p>\n<aside class=\"relatedPost\">\n<h3>Noticias Relacionadas<\/h3>\n<\/aside>\n<p>El presidente <a target=\"_blank\" href=\"https:\/\/www.perfil.com\/noticias\/politica\/alberto-fernandez-anunciara-el-inicio-del-fin-de-la-cuarentena-coronavirus.phtml\" rel=\"noopener noreferrer\">Alberto Fern\u00e1ndez<\/a> afirm\u00f3 que crear\u00e1 \u201c<strong>un comando con las provincias para organizar la vacunaci\u00f3n para los argentinos\u201d,<\/strong> y asegur\u00f3 que gracias al acuerdo con Rusia se podr\u00e1 \u201ccontar prontamente\u201d con una medicaci\u00f3n para combatir el coronavirus, al formular anuncios desde la residencia de Olivos <a target=\"_blank\" href=\"https:\/\/www.perfil.com\/noticias\/politica\/alberto-fernandez-anunciara-el-inicio-del-fin-de-la-cuarentena-coronavirus.phtml\" rel=\"noopener noreferrer\">sobre la continuidad de la emergencia sanitaria<\/a>.<\/p>\n<p>\u00abVamos a hacer una suerte de<strong> gran comando<\/strong>, al que me voy a poner al frente\u00bb, destac\u00f3. Y detall\u00f3: \u00abVa a estar presente el Ministerio de <strong>Salud<\/strong>, <strong>Defensa<\/strong>, <strong>Seguridad<\/strong>, <strong>Interior<\/strong> y vamos a ponernos en contacto con las 23 provincias de la Argentina y la Ciudad Aut\u00f3noma de Buenos Aires\u00bb.<\/p>\n<p>El mandatario, puntualiz\u00f3 que el objetivo es <strong>\u00aborganizar del mejor modo la vacunaci\u00f3n de los argentinos,<\/strong> debido a que exige ciertos cuidados y una log\u00edstica singular\u00bb.<\/p>\n<p class=\"destacadoNota\"><a target=\"_blank\" href=\"https:\/\/www.perfil.com\/noticias\/politica\/alberto-fernandez-anunciara-el-inicio-del-fin-de-la-cuarentena-coronavirus.phtml\" rel=\"noopener noreferrer\">Fin del aislamiento | Alberto Fern\u00e1ndez: \u00abPasamos al distanciamiento social\u00bb<\/a><\/p>\n<p>Fern\u00e1ndez expres\u00f3 su deseo de que \u00abpara el 29 de noviembre la Argentina est\u00e9 en un proceso de distanciamiento\u00bb y que \u00ablos contagios de coronavirus y muertes sigan cediendo\u00bb, a la vez que llam\u00f3 a \u00abunir esfuerzos para vacunar a los argentinos\u00bb.<\/p>\n<p><img alt=\"Alberto Fernandez 20201106\" src=\"http:\/\/hoycordobaweb.com\/wp-content\/uploads\/2020\/11\/como-sera-el-gran-comando-vacunador-que-anuncio-alberto-fernandez-2.jpg\"><\/p>\n<p>El Presidente asegur\u00f3&nbsp; que la tarea de vacunar<strong> exige \u00abun esfuerzo\u00bb de log\u00edstica<\/strong> y que en ese sentido est\u00e1 trabajando el Gobierno nacional y aclar\u00f3 que est\u00e1n en contacto tambi\u00e9n con \u00abotros laboratorios\u00bb, adem\u00e1s del ruso, con el objetivo que \u00ablos argentinos puedan contar en el menor tiempo posible con la vacuna\u00bb para poder retomar sus actividades.<\/p>\n<p class=\"destacadoNota\"><a target=\"_blank\" href=\"https:\/\/www.perfil.com\/noticias\/politica\/pidieron-informes-antecedentes-empresa-traera-dosis-vacuna-rusa-spunik-v.phtml\" rel=\"noopener noreferrer\">Pidieron informes de los antecedentes de la empresa que traer\u00e1 la dosis de la vacuna rusa Spunik V<\/a><\/p>\n<p>Fern\u00e1ndez reiter\u00f3 en otro tramo de la conferencia que los problemas generados por la pandemia \u00abcontin\u00faan\u00bb y es necesario \u00abseguir con los cuidados\u00bb sanitarios, tanto en contexto de aislamiento como de distanciamiento.<\/p>\n","protected":false},"excerpt":{"rendered":"<p>Noticias Relacionadas El presidente Alberto Fern\u00e1ndez afirm\u00f3 que crear\u00e1 \u201cun comando con las provincias para organizar la vacunaci\u00f3n para los argentinos\u201d, y asegur\u00f3 que gracias al acuerdo con Rusia se podr\u00e1 \u201ccontar prontamente\u201d con una medicaci\u00f3n para combatir el coronavirus, al formular anuncios desde la residencia de Olivos sobre la continuidad de la emergencia sanitaria. [&hellip;]<\/p>\n","protected":false},"author":1,"featured_media":4662,"comment_status":"closed","ping_status":"closed","sticky":false,"template":"","format":"standard","meta":[],"categories":[1],"tags":[],"_links":{"self":[{"href":"http:\/\/hoycordobaweb.com\/index.php\/wp-json\/wp\/v2\/posts\/4661"}],"collection":[{"href":"http:\/\/hoycordobaweb.com\/index.php\/wp-json\/wp\/v2\/posts"}],"about":[{"href":"http:\/\/hoycordobaweb.com\/index.php\/wp-json\/wp\/v2\/types\/post"}],"author":[{"embeddable":true,"href":"http:\/\/hoycordobaweb.com\/index.php\/wp-json\/wp\/v2\/users\/1"}],"replies":[{"embeddable":true,"href":"http:\/\/hoycordobaweb.com\/index.php\/wp-json\/wp\/v2\/comments?post=4661"}],"version-history":[{"count":0,"href":"http:\/\/hoycordobaweb.com\/index.php\/wp-json\/wp\/v2\/posts\/4661\/revisions"}],"wp:featuredmedia":[{"embeddable":true,"href":"http:\/\/hoycordobaweb.com\/index.php\/wp-json\/wp\/v2\/media\/4662"}],"wp:attachment":[{"href":"http:\/\/hoycordobaweb.com\/index.php\/wp-json\/wp\/v2\/media?parent=4661"}],"wp:term":[{"taxonomy":"category","embeddable":true,"href":"http:\/\/hoycordobaweb.com\/index.php\/wp-json\/wp\/v2\/categories?post=4661"},{"taxonomy":"post_tag","embeddable":true,"href":"http:\/\/hoycordobaweb.com\/index.php\/wp-json\/wp\/v2\/tags?post=4661"}],"curies":[{"name":"wp","href":"https:\/\/api.w.org\/{rel}","templated":true}]}}