{"id":46605,"date":"2022-08-09T17:34:52","date_gmt":"2022-08-09T17:34:52","guid":{"rendered":"https:\/\/www.ole.com.ar\/futbol-internacional\/crisis-futbol-peruano-campeoanto_0_DKrEztysHK.html"},"modified":"2022-08-09T17:34:52","modified_gmt":"2022-08-09T17:34:52","slug":"crisis-en-el-futbol-peruano-los-clubes-amenazan-con-una-paralizacion-del-campeonato","status":"publish","type":"post","link":"http:\/\/hoycordobaweb.com\/index.php\/2022\/08\/09\/crisis-en-el-futbol-peruano-los-clubes-amenazan-con-una-paralizacion-del-campeonato\/","title":{"rendered":"Crisis en el f\u00fatbol peruano: los clubes amenazan con una \u00abparalizaci\u00f3n del campeonato\u00bb"},"content":{"rendered":"<p><img src=\"http:\/\/hoycordobaweb.com\/wp-content\/uploads\/2022\/08\/crisis-en-el-futbol-peruano-los-clubes-amenazan-con-una-paralizacion-del-campeonato.jpg\"><\/p>\n<p>La Liga de Per\u00fa atraviesa un complejo momento en relaci\u00f3n a la transmisi\u00f3n de los partidos. Actualmente la cadena Gol TV, mediante la se\u00f1al Gol Per\u00fa, es la encargada de hacer llegar a los hogares cada partido, pero parecer\u00eda ser que eso est\u00e1 por cambia<strong>r. Ante esto, distintos clubes manifestaron su repudio y encendieron las alarmas.<\/strong><\/p>\n<p>Es que seg\u00fan dieron a conocer en el portal de noticias L\u00edbero, TNT Sports, que pertenece a&nbsp;WarnerMedia Latin America quiere obtener los derechos de todos los partidos de liga peruana. Sin embargo hay varios clubes que tienen contrato firmado hasta fines de 2023, otros hasta 2025&nbsp;&nbsp;y esta licitaci\u00f3n podr\u00eda generar fuertes problemas contractuales.<\/p>\n<div class=\"sp__SM\">\n<div class=\"content-new \"> <span class=\"tit-mobile\">Mir\u00e1 tambi\u00e9n<\/span> <\/p>\n<div class=\"mg\">\n<div class=\"wrap-figure\"> <picture> <a href=\"https:\/\/www.ole.com.ar\/ecuador\/barcelona-sc\/jorgecelico-barcelonasc-ligapro_0_0Nnkmq9fK7.html\" target=\"_self\" rel=\"noopener noreferrer\"> <img class=\"img-responsive\" alt=\"C\u00e9lico: &quot;Puede estar jugando en nuestra cabeza la chance de ya tener la final&quot;\" src=\"http:\/\/hoycordobaweb.com\/wp-content\/uploads\/2022\/08\/crisis-en-el-futbol-peruano-los-clubes-amenazan-con-una-paralizacion-del-campeonato-2.jpg\" loading=\"lazy\"> <\/a> <\/picture> <\/div><\/div><\/div>\n<\/div>\n<p>En dicho escenario,<strong> Universitario de Deportes, Alianza Lima y Cienciano<\/strong> indicaron que, si la Federaci\u00f3n Peruana de F\u00fatbol inicia aquel proceso de licitaci\u00f3n&nbsp;provocar\u00e1 \u201cuna serie de eventos de incumplimiento\u201d. A partir de ello, las consecuencias se traducir\u00e1n en \u201c<strong>multas y sanciones\u201d ya que los tres poseen contratos vigentes.<\/strong><\/p>\n<div class=\"sp__SM\">\n<div class=\"content-new \"> <span class=\"tit-mobile\">Mir\u00e1 tambi\u00e9n<\/span> <\/p>\n<div class=\"mg\">\n<div class=\"wrap-figure\"> <picture> <a href=\"https:\/\/www.ole.com.ar\/ecuador\/internacional\/ten-hag-cristiano-ronaldo-united_0_2stDVOIsHv.html\" target=\"_self\" rel=\"noopener noreferrer\"> <img class=\"img-responsive\" alt=\"Ten Hag se refiri\u00f3 al futuro de CR7: \u00bfse queda en el United?\" src=\"http:\/\/hoycordobaweb.com\/wp-content\/uploads\/2022\/08\/crisis-en-el-futbol-peruano-los-clubes-amenazan-con-una-paralizacion-del-campeonato-3.jpg\" loading=\"lazy\"> <\/a> <\/picture> <\/div><\/div><\/div>\n<\/div>\n<p>Mediante un comunicado en redes sociales, los tres clubes se unieron para detallar c\u00f3mo ser\u00edan perjudicados y alarmaron: \u00ab<strong>Esta injusta situaci\u00f3n podr\u00eda generar la paralizaci\u00f3n del campeonato, pues resulta evidente que diferentes casas televisivas se disputar\u00e1n los derechos de televisi\u00f3n, mientras tanto nosotros quedaremos en la incertidumbre, sin saber a qui\u00e9n le cederemos nuestras instalaciones para la transmisi\u00f3n de nuestros partidos\u00bb.<\/strong><\/p>\n<div class=\"sp__SM\">\n<div class=\"content-new \"> <span class=\"tit-mobile\">Mir\u00e1 tambi\u00e9n<\/span> <\/p>\n<div class=\"mg\">\n<div class=\"wrap-figure\"> <picture> <a href=\"https:\/\/www.ole.com.ar\/futbol-internacional\/america\/juvenil-brasileno-golazo-12-anos-video_0_FggSJY6xp7.html\" target=\"_self\" rel=\"noopener noreferrer\"> <img class=\"img-responsive\" alt=\"Video viral: cuatro jueguitos y volea al \u00e1ngulo, el golazo de un juvenil brasile\u00f1o de \u00a112 a\u00f1os!\" src=\"http:\/\/hoycordobaweb.com\/wp-content\/uploads\/2022\/08\/crisis-en-el-futbol-peruano-los-clubes-amenazan-con-una-paralizacion-del-campeonato-4.jpg\" loading=\"lazy\"> <\/a> <\/picture> <\/div><\/div><\/div>\n<\/div>\n<p>\u00abPor un lado, tendremos a GOL PER\u00da exigiendo el cumplimiento del contrato (con las acciones legales que brinda la Ley), y, por otro lado, estar\u00e1 la FPF exigiendo exactamente lo mismo, para que se cumpla el contrato que ellos suscribieron con un tercero\u00bb, agrega el comunicado.&nbsp;<\/p>\n<div class=\"sp__SM\">\n<div class=\"content-new \"> <span class=\"tit-mobile\">Mir\u00e1 tambi\u00e9n<\/span> <\/p>\n<div class=\"mg\">\n<div class=\"wrap-figure\"> <picture> <a href=\"https:\/\/www.ole.com.ar\/futbol-internacional\/america\/sporting-cristal-vs-ad-cantolao-penal-picado-yoshimar-yotun-jugador-seleccion-peru_0_Tb5YeicZAo.html\" target=\"_self\" rel=\"noopener noreferrer\"> <img class=\"img-responsive\" alt=\"Video: de una mano a lo Su\u00e1rez en Sud\u00e1frica y al ins\u00f3lito penal picado\" src=\"http:\/\/hoycordobaweb.com\/wp-content\/uploads\/2022\/08\/crisis-en-el-futbol-peruano-los-clubes-amenazan-con-una-paralizacion-del-campeonato-5.jpg\" loading=\"lazy\"> <\/a> <\/picture> <\/div><\/div><\/div>\n<\/div>\n<p>Por otra parte est\u00e1 el caso de los equipos que tienen <strong>convenio hasta 2025<\/strong> y seg\u00fan detall\u00f3 el portal de noticias La Rep\u00fablica, Universitario de Deportes, Sport Boys y Deportivo Municipal se encuentran en esta situaci\u00f3n. Mientras que Carlos A. Mannucci finaliza su contrato con esta casa <strong>televisiva a finales del 2023.&nbsp;<\/strong><\/p>\n<div class=\"sp__SM\">\n<div class=\"content-new no-img\"> <span class=\"tit-mobile\">Mir\u00e1 tambi\u00e9n<\/span> <\/div>\n<\/div>\n<p>En este contexto, los tres clubes unidos cerraron su comunicado reclamando: \u00abLo \u00fanico cierto y concreto es que, injustamente,<strong> somos los clubes quienes sufriremos las consecuencias econ\u00f3micas de esta innecesaria controversia; por ello exhortamos a los diferentes actores para que obren con responsabilidad y en estricto respeto a nuestro ordenamiento jur\u00eddico, <\/strong>debiendo extender cualquier interesado, que nuestros clubes no forman parte de las negociaciones y ofrecimientos que realiza la FPF al existir contratos vigentes.\u00bb.<\/p>\n<div class=\"entry-tags\">\n<h2>TEMAS QUE APARECEN EN ESTA NOTA<\/h2>\n<\/p><\/div>\n","protected":false},"excerpt":{"rendered":"<p>La Liga de Per\u00fa atraviesa un complejo momento en relaci\u00f3n a la transmisi\u00f3n de los partidos. Actualmente la cadena Gol TV, mediante la se\u00f1al Gol Per\u00fa, es la encargada de hacer llegar a los hogares cada partido, pero parecer\u00eda ser que eso est\u00e1 por cambiar. Ante esto, distintos clubes manifestaron su repudio y encendieron las [&hellip;]<\/p>\n","protected":false},"author":1,"featured_media":46606,"comment_status":"open","ping_status":"closed","sticky":false,"template":"","format":"standard","meta":[],"categories":[16],"tags":[],"_links":{"self":[{"href":"http:\/\/hoycordobaweb.com\/index.php\/wp-json\/wp\/v2\/posts\/46605"}],"collection":[{"href":"http:\/\/hoycordobaweb.com\/index.php\/wp-json\/wp\/v2\/posts"}],"about":[{"href":"http:\/\/hoycordobaweb.com\/index.php\/wp-json\/wp\/v2\/types\/post"}],"author":[{"embeddable":true,"href":"http:\/\/hoycordobaweb.com\/index.php\/wp-json\/wp\/v2\/users\/1"}],"replies":[{"embeddable":true,"href":"http:\/\/hoycordobaweb.com\/index.php\/wp-json\/wp\/v2\/comments?post=46605"}],"version-history":[{"count":0,"href":"http:\/\/hoycordobaweb.com\/index.php\/wp-json\/wp\/v2\/posts\/46605\/revisions"}],"wp:featuredmedia":[{"embeddable":true,"href":"http:\/\/hoycordobaweb.com\/index.php\/wp-json\/wp\/v2\/media\/46606"}],"wp:attachment":[{"href":"http:\/\/hoycordobaweb.com\/index.php\/wp-json\/wp\/v2\/media?parent=46605"}],"wp:term":[{"taxonomy":"category","embeddable":true,"href":"http:\/\/hoycordobaweb.com\/index.php\/wp-json\/wp\/v2\/categories?post=46605"},{"taxonomy":"post_tag","embeddable":true,"href":"http:\/\/hoycordobaweb.com\/index.php\/wp-json\/wp\/v2\/tags?post=46605"}],"curies":[{"name":"wp","href":"https:\/\/api.w.org\/{rel}","templated":true}]}}