{"id":46599,"date":"2022-08-09T19:20:08","date_gmt":"2022-08-09T19:20:08","guid":{"rendered":"https:\/\/www.ole.com.ar\/futbol-internacional\/enzo-fernandez-gol-benfica_0_dgjeeozybS.html"},"modified":"2022-08-09T19:20:08","modified_gmt":"2022-08-09T19:20:08","slug":"video-tercer-gol-de-enzo-fernandez-en-benfica","status":"publish","type":"post","link":"http:\/\/hoycordobaweb.com\/index.php\/2022\/08\/09\/video-tercer-gol-de-enzo-fernandez-en-benfica\/","title":{"rendered":"Video: tercer gol de Enzo Fern\u00e1ndez en Benfica"},"content":{"rendered":"<p><img src=\"http:\/\/hoycordobaweb.com\/wp-content\/uploads\/2022\/08\/video-tercer-gol-de-enzo-fernandez-en-benfica.jpg\"><\/p>\n<p>Tres partidos oficiales, tres goles para Enzo Fern\u00e1ndez en Benfica de Portugal. El desembarco del volante argentino en este club europeo ha sido m\u00e1s que positivo. Y con un registro de gol envidiable. <strong>Nuevamente por la fase de clasificaci\u00f3n a grupos de la Champions League, el ex River se anot\u00f3 en la red.<\/strong><\/p>\n<div class=\"sp__Normal\">\n<div class=\"image-embeb image-trigger\" readability=\"6\"> <picture><source media=\"(min-width: 720px)\" srcset=\"http:\/\/hoycordobaweb.com\/wp-content\/uploads\/2022\/08\/video-tercer-gol-de-enzo-fernandez-en-benfica-2.jpg\"><img itemprop=\"image\" src=\"http:\/\/hoycordobaweb.com\/wp-content\/uploads\/2022\/08\/video-tercer-gol-de-enzo-fernandez-en-benfica-2.jpg\" loading=\"lazy\" alt=\"Nuevo gol para el volante argentino (REUTER).\"> <\/picture><figcaption readability=\"2\">\n<p>Nuevo gol para el volante argentino (REUTER). <\/p>\n<\/figcaption><\/div>\n<\/div>\n<div class=\"sp__SM\">\n<div class=\"content-new \"> <span class=\"tit-mobile\">Mir\u00e1 tambi\u00e9n<\/span> <\/p>\n<div class=\"mg\">\n<div class=\"wrap-figure\"> <picture> <a href=\"https:\/\/www.ole.com.ar\/river-plate\/oferta-rayo-vallecano-david-martinez_0_f4v7xRfHOJ.html\" target=\"_self\" rel=\"noopener noreferrer\"> <img class=\"img-responsive\" alt=\"Lo fulmin\u00f3 como un Rayo: River no negocia por David Mart\u00ednez\" src=\"http:\/\/hoycordobaweb.com\/wp-content\/uploads\/2022\/08\/video-tercer-gol-de-enzo-fernandez-en-benfica-3.jpg\" loading=\"lazy\"> <\/a> <\/picture> <\/div><\/div><\/div>\n<\/div>\n<p>Las \u00c1guilas visitaron al Midtjylland de Dinamarca (con Nico Otamendi tambi\u00e9n como titular), por la vuelta de la tercera ronda clasificatoria (en los playoffs ir\u00e1n con el ganador de Dinamo Kiev y el Sturm Graz&nbsp;y despu\u00e9s comenzar\u00e1 la etapa de grupos, con 32 conjuntos). <strong>En la ida hab\u00edan ganado 4-1 con un gol de Enzo y, ya en la revancha, \u00e9ste abri\u00f3 la cuenta a los 23 minutos del primer tiempo.<\/strong> <mark>Apareci\u00f3 por el segundo palo tras un centro desde la izquierda y la empuj\u00f3 con su pierna derecha para extender la cuenta en el global. El partido termin\u00f3 3-1 y el global, 7-2.<\/mark><\/p>\n<h2><mark><strong>EL GOL DE FERN\u00c1NDEZ<\/strong><\/mark><\/h2>\n<div class=\"sp__SM\">\n<div class=\"content-new \"> <span class=\"tit-mobile\">Mir\u00e1 tambi\u00e9n<\/span> <\/p>\n<div class=\"mg\">\n<div class=\"wrap-figure\"> <picture> <a href=\"https:\/\/www.ole.com.ar\/estudiantes\/estudiantes-regreso-jose-sosa-principito_0_XAGYkR9jJs.html\" target=\"_self\" rel=\"noopener noreferrer\"> <img class=\"img-responsive\" alt=\"Confirmado: Jos\u00e9 Sosa vuelve a Estudiantes\" src=\"http:\/\/hoycordobaweb.com\/wp-content\/uploads\/2022\/08\/video-tercer-gol-de-enzo-fernandez-en-benfica-4.jpg\" loading=\"lazy\"> <\/a> <\/picture> <\/div><\/div><\/div>\n<\/div>\n<p>En tanto, el pasado viernes, Enzo le hab\u00eda marcado al Arouca por la primera fecha de la liga de Portugal. Su equipo se impuso por 4-0. Tres jugados, tres goles. Nada mal, Enzito&#8230;<\/p>\n<p><strong>Vale recordar:<\/strong> River vendi\u00f3 el 75% del pase en 10 millones de euros, m\u00e1s ocho en variables, que se ir\u00e1n abonando con el correr de los partidos y distintas metas que cumpla Fern\u00e1ndez. Tiene una cl\u00e1usula de rescici\u00f3n de 120 palos.&nbsp;<\/p>\n<div class=\"sp__SM\">\n<div class=\"content-new \"> <span class=\"tit-mobile\">Mir\u00e1 tambi\u00e9n<\/span> <\/p>\n<div class=\"mg\">\n<div class=\"wrap-figure\"> <picture> <a href=\"https:\/\/www.ole.com.ar\/futbol-internacional\/benzema-argentina-seleccion_0_JIYyXuSlcO.html\" target=\"_self\" rel=\"noopener noreferrer\"> <img class=\"img-responsive\" alt=\"Benzema sobre Argentina: &quot;Un equipo fant\u00e1stico, con Messi y Di Mar\u00eda&quot;\" src=\"http:\/\/hoycordobaweb.com\/wp-content\/uploads\/2022\/08\/video-tercer-gol-de-enzo-fernandez-en-benfica-5.jpg\" loading=\"lazy\"> <\/a> <\/picture> <\/div><\/div><\/div>\n<\/div>\n<div class=\"sp__SM\">\n<div class=\"content-new \"> <span class=\"tit-mobile\">Mir\u00e1 tambi\u00e9n<\/span> <\/p>\n<div class=\"mg\">\n<div class=\"wrap-figure\"> <picture> <a href=\"https:\/\/www.ole.com.ar\/futbol-internacional\/francia\/pogba-lesion-juventus-francia-_0_o4doj3p65T.html\" target=\"_self\" rel=\"noopener noreferrer\"> <img class=\"img-responsive\" alt=\"Deschamps y la presencia de Pogba en Qatar 2022\" src=\"http:\/\/hoycordobaweb.com\/wp-content\/uploads\/2022\/08\/video-tercer-gol-de-enzo-fernandez-en-benfica-6.jpg\" loading=\"lazy\"> <\/a> <\/picture> <\/div><\/div><\/div>\n<\/div>\n<div class=\"entry-tags\">\n<h2>TEMAS QUE APARECEN EN ESTA NOTA<\/h2>\n<\/p><\/div>\n","protected":false},"excerpt":{"rendered":"<p>Tres partidos oficiales, tres goles para Enzo Fern\u00e1ndez en Benfica de Portugal. El desembarco del volante argentino en este club europeo ha sido m\u00e1s que positivo. Y con un registro de gol envidiable. Nuevamente por la fase de clasificaci\u00f3n a grupos de la Champions League, el ex River se anot\u00f3 en la red. Nuevo gol [&hellip;]<\/p>\n","protected":false},"author":1,"featured_media":46600,"comment_status":"open","ping_status":"closed","sticky":false,"template":"","format":"standard","meta":[],"categories":[16],"tags":[],"_links":{"self":[{"href":"http:\/\/hoycordobaweb.com\/index.php\/wp-json\/wp\/v2\/posts\/46599"}],"collection":[{"href":"http:\/\/hoycordobaweb.com\/index.php\/wp-json\/wp\/v2\/posts"}],"about":[{"href":"http:\/\/hoycordobaweb.com\/index.php\/wp-json\/wp\/v2\/types\/post"}],"author":[{"embeddable":true,"href":"http:\/\/hoycordobaweb.com\/index.php\/wp-json\/wp\/v2\/users\/1"}],"replies":[{"embeddable":true,"href":"http:\/\/hoycordobaweb.com\/index.php\/wp-json\/wp\/v2\/comments?post=46599"}],"version-history":[{"count":0,"href":"http:\/\/hoycordobaweb.com\/index.php\/wp-json\/wp\/v2\/posts\/46599\/revisions"}],"wp:featuredmedia":[{"embeddable":true,"href":"http:\/\/hoycordobaweb.com\/index.php\/wp-json\/wp\/v2\/media\/46600"}],"wp:attachment":[{"href":"http:\/\/hoycordobaweb.com\/index.php\/wp-json\/wp\/v2\/media?parent=46599"}],"wp:term":[{"taxonomy":"category","embeddable":true,"href":"http:\/\/hoycordobaweb.com\/index.php\/wp-json\/wp\/v2\/categories?post=46599"},{"taxonomy":"post_tag","embeddable":true,"href":"http:\/\/hoycordobaweb.com\/index.php\/wp-json\/wp\/v2\/tags?post=46599"}],"curies":[{"name":"wp","href":"https:\/\/api.w.org\/{rel}","templated":true}]}}