{"id":46597,"date":"2022-08-09T19:29:23","date_gmt":"2022-08-09T19:29:23","guid":{"rendered":"https:\/\/www.ole.com.ar\/futbol-ascenso\/ascenso-primera-b-villa-san-carlos-_0_Tr0ebsJyx2.html"},"modified":"2022-08-09T19:29:23","modified_gmt":"2022-08-09T19:29:23","slug":"villa-san-carlos-sufrio-un-acto-vandalico","status":"publish","type":"post","link":"http:\/\/hoycordobaweb.com\/index.php\/2022\/08\/09\/villa-san-carlos-sufrio-un-acto-vandalico\/","title":{"rendered":"Villa San Carlos sufri\u00f3 un acto vand\u00e1lico"},"content":{"rendered":"<p><img src=\"http:\/\/hoycordobaweb.com\/wp-content\/uploads\/2022\/08\/villa-san-carlos-sufrio-un-acto-vandalico.jpg\"><\/p>\n<p>Esta vez le toc\u00f3 a <strong>Villa San Carlos <\/strong>\u200bpasar por este hecho de barbarie&nbsp;en la madrugada del lunes en el <strong>Estadio Genacio S\u00e1lice.<\/strong> All\u00ed forzaron las puertas que llevan a los vestuarios causando destrozos dentro de los mismos. Desde la Comisi\u00f3n Directiva ya trabajan en la b\u00fasqueda de los culpables.&nbsp;<\/p>\n<div class=\"sp__Normal\">\n<div class=\"image-embeb image-trigger\" readability=\"6\"> <picture><source media=\"(min-width: 720px)\" srcset=\"http:\/\/hoycordobaweb.com\/wp-content\/uploads\/2022\/08\/villa-san-carlos-sufrio-un-acto-vandalico-2.jpg\"><img itemprop=\"image\" src=\"http:\/\/hoycordobaweb.com\/wp-content\/uploads\/2022\/08\/villa-san-carlos-sufrio-un-acto-vandalico-2.jpg\" loading=\"lazy\" alt=\"La puerta del vestuario (@CAVSOficial)\"> <\/picture><figcaption readability=\"2\">\n<p>La puerta del vestuario (@CAVSOficial) <\/p>\n<\/figcaption><\/div>\n<\/div>\n<div class=\"sp__SM\">\n<div class=\"content-new \"> <span class=\"tit-mobile\">Mir\u00e1 tambi\u00e9n<\/span> <\/p>\n<div class=\"mg\">\n<div class=\"wrap-figure\"> <picture> <a href=\"https:\/\/www.ole.com.ar\/belgrano\/tas-tigres-belgrano-zelarayan-venta-mls_0_0f79EydYsO.html\" target=\"_self\" rel=\"noopener noreferrer\"> <img class=\"img-responsive\" alt=\"El TAS fall\u00f3 a favor de Belgrano y Tigres deber\u00e1 pagarle por la venta de Zelaray\u00e1n\" src=\"http:\/\/hoycordobaweb.com\/wp-content\/uploads\/2022\/08\/villa-san-carlos-sufrio-un-acto-vandalico-3.jpg\" loading=\"lazy\"> <\/a> <\/picture> <\/div><\/div><\/div>\n<\/div>\n<div class=\"sp__SM\">\n<div class=\"content-new \"> <span class=\"tit-mobile\">Mir\u00e1 tambi\u00e9n<\/span> <\/p>\n<div class=\"mg\">\n<div class=\"wrap-figure\"> <picture> <a href=\"https:\/\/www.ole.com.ar\/fuera-de-juego\/dave-evans-cantante-acdc-temperley_0_2AXNNE5MXc.html\" target=\"_self\" rel=\"noopener noreferrer\"> <img class=\"img-responsive\" alt=\"\u00bfC\u00f3mo lleg\u00f3 Dave Evans, el primer cantante de AC\/DC, a ser fan\u00e1tico de Temperley?\" src=\"http:\/\/hoycordobaweb.com\/wp-content\/uploads\/2022\/08\/villa-san-carlos-sufrio-un-acto-vandalico-4.jpg\" loading=\"lazy\"> <\/a> <\/picture> <\/div><\/div><\/div>\n<\/div>\n<p>Los clubes del <strong>Ascenso<\/strong> no poseen la mayor\u00eda con las mejores infraestructuras posibles. Muchos de ellos no cuentan con la posibilidad econ\u00f3mica, m\u00e1s a\u00fan con el momento actual del pa\u00eds, para realizar inversiones de primer nivel. Varios trabajos incluso son a pulm\u00f3n por los socios que est\u00e1n involucrados en el d\u00eda a d\u00eda de la instituci\u00f3n.<\/p>\n<div class=\"sp__SM\">\n<div class=\"content-new \"> <span class=\"tit-mobile\">Mir\u00e1 tambi\u00e9n<\/span> <\/p>\n<div class=\"mg\">\n<div class=\"wrap-figure\"> <picture> <a href=\"https:\/\/www.ole.com.ar\/futbol-ascenso\/b-nacional\/instituto-guemes_0_hXKq2ESOEU.html\" target=\"_self\" rel=\"noopener noreferrer\"> <img class=\"img-responsive\" alt=\"La fiesta no fue completa para Instituto\" src=\"http:\/\/hoycordobaweb.com\/wp-content\/uploads\/2022\/08\/villa-san-carlos-sufrio-un-acto-vandalico-5.jpg\" loading=\"lazy\"> <\/a> <\/picture> <\/div><\/div><\/div>\n<\/div>\n<div class=\"sp__Normal\">\n<div class=\"image-embeb image-trigger\" readability=\"6\"> <picture><source media=\"(min-width: 720px)\" srcset=\"http:\/\/hoycordobaweb.com\/wp-content\/uploads\/2022\/08\/villa-san-carlos-sufrio-un-acto-vandalico-6.jpg\"><img itemprop=\"image\" src=\"http:\/\/hoycordobaweb.com\/wp-content\/uploads\/2022\/08\/villa-san-carlos-sufrio-un-acto-vandalico-6.jpg\" loading=\"lazy\" alt=\"Los da\u00f1os en el vestuario local (@CAVSOficial)\"> <\/picture><figcaption readability=\"2\">\n<p>Los da\u00f1os en el vestuario local (@CAVSOficial) <\/p>\n<\/figcaption><\/div>\n<\/div>\n<div class=\"sp__SM\">\n<div class=\"content-new \"> <span class=\"tit-mobile\">Mir\u00e1 tambi\u00e9n<\/span> <\/p>\n<div class=\"mg\">\n<div class=\"wrap-figure\"> <picture> <a href=\"https:\/\/www.ole.com.ar\/futbol-ascenso\/ascenso-primera-b-andes_0_8mibsq5cYW.html\" target=\"_self\" rel=\"noopener noreferrer\"> <img class=\"img-responsive\" alt=\"Los Andes gan\u00f3 y sue\u00f1a con la permanencia\" src=\"http:\/\/hoycordobaweb.com\/wp-content\/uploads\/2022\/08\/villa-san-carlos-sufrio-un-acto-vandalico-7.jpg\" loading=\"lazy\"> <\/a> <\/picture> <\/div><\/div><\/div>\n<\/div>\n<div class=\"sp__SM\">\n<div class=\"content-new \"> <span class=\"tit-mobile\">Mir\u00e1 tambi\u00e9n<\/span> <\/p>\n<div class=\"mg\">\n<div class=\"wrap-figure\"> <picture> <a href=\"https:\/\/www.ole.com.ar\/futbol-ascenso\/ascenso-b-nacional-_0_6hl7WCgPUa.html\" target=\"_self\" rel=\"noopener noreferrer\"> <img class=\"img-responsive\" alt=\"San Mart\u00edn se qued\u00f3 con la pulseada ante Brown\" src=\"http:\/\/hoycordobaweb.com\/wp-content\/uploads\/2022\/08\/villa-san-carlos-sufrio-un-acto-vandalico-8.jpg\" loading=\"lazy\"> <\/a> <\/picture> <\/div><\/div><\/div>\n<\/div>\n<p>Los dirigentes del Villero ya hicieron la denuncia correspondiente al caso en la comisaria m\u00e1s cercana a las inmediaciones. Adem\u00e1s sacaron un comunicado explicando la situaci\u00f3n y repudiando, con mucho dolor, los da\u00f1os ocasionados. Una nueva mancha para el f\u00fatbol argentino.&nbsp;<\/p>\n<h2><u><strong>EL COMUNICADO DEL VILLERO:&nbsp;<\/strong><\/u><\/h2>\n<div class=\"sp__Normal htmlLibre\">\n<div class=\"embed-responsive-c\" readability=\"7.067055393586\">\n<blockquote class=\"twitter-tweet\" readability=\"7.9504373177843\">\n<p lang=\"es\" dir=\"ltr\">COMUNICADO OFICIAL<\/p>\n<p>El C.A.Villa San Carlos, a trav\u00e9s de su Comisi\u00f3n Directiva repudia totalmente los hechos vand\u00e1licos sufridos en la noche de ayer en las instalaciones de nuestro estadio, donde se produjeron destrozos en los ingresos a vestuarios. <a href=\"https:\/\/t.co\/3r7TjsMOVh\">pic.twitter.com\/3r7TjsMOVh<\/a><\/p>\n<p>\u2014 Club Atl\u00e9tico Villa San Carlos (@CAVSCoficial) <a href=\"https:\/\/twitter.com\/CAVSCoficial\/status\/1556813132550610944?ref_src=twsrc%5Etfw\">August 9, 2022<\/a><\/p><\/blockquote><\/div><\/div>\n<div class=\"entry-tags\">\n<h2>TEMAS QUE APARECEN EN ESTA NOTA<\/h2>\n<\/p><\/div>\n","protected":false},"excerpt":{"rendered":"<p>Esta vez le toc\u00f3 a Villa San Carlos \u200bpasar por este hecho de barbarie&nbsp;en la madrugada del lunes en el Estadio Genacio S\u00e1lice. All\u00ed forzaron las puertas que llevan a los vestuarios causando destrozos dentro de los mismos. Desde la Comisi\u00f3n Directiva ya trabajan en la b\u00fasqueda de los culpables.&nbsp; La puerta del vestuario (@CAVSOficial) [&hellip;]<\/p>\n","protected":false},"author":1,"featured_media":46598,"comment_status":"open","ping_status":"closed","sticky":false,"template":"","format":"standard","meta":[],"categories":[16],"tags":[],"_links":{"self":[{"href":"http:\/\/hoycordobaweb.com\/index.php\/wp-json\/wp\/v2\/posts\/46597"}],"collection":[{"href":"http:\/\/hoycordobaweb.com\/index.php\/wp-json\/wp\/v2\/posts"}],"about":[{"href":"http:\/\/hoycordobaweb.com\/index.php\/wp-json\/wp\/v2\/types\/post"}],"author":[{"embeddable":true,"href":"http:\/\/hoycordobaweb.com\/index.php\/wp-json\/wp\/v2\/users\/1"}],"replies":[{"embeddable":true,"href":"http:\/\/hoycordobaweb.com\/index.php\/wp-json\/wp\/v2\/comments?post=46597"}],"version-history":[{"count":0,"href":"http:\/\/hoycordobaweb.com\/index.php\/wp-json\/wp\/v2\/posts\/46597\/revisions"}],"wp:featuredmedia":[{"embeddable":true,"href":"http:\/\/hoycordobaweb.com\/index.php\/wp-json\/wp\/v2\/media\/46598"}],"wp:attachment":[{"href":"http:\/\/hoycordobaweb.com\/index.php\/wp-json\/wp\/v2\/media?parent=46597"}],"wp:term":[{"taxonomy":"category","embeddable":true,"href":"http:\/\/hoycordobaweb.com\/index.php\/wp-json\/wp\/v2\/categories?post=46597"},{"taxonomy":"post_tag","embeddable":true,"href":"http:\/\/hoycordobaweb.com\/index.php\/wp-json\/wp\/v2\/tags?post=46597"}],"curies":[{"name":"wp","href":"https:\/\/api.w.org\/{rel}","templated":true}]}}