{"id":46585,"date":"2022-08-09T14:40:25","date_gmt":"2022-08-09T14:40:25","guid":{"rendered":"https:\/\/ladecimaweb.com\/?p=14095"},"modified":"2022-08-09T14:40:25","modified_gmt":"2022-08-09T14:40:25","slug":"crecen-los-reclamos-por-la-higiene-y-seguridad-de-la-obra-cloacal-en-vel","status":"publish","type":"post","link":"http:\/\/hoycordobaweb.com\/index.php\/2022\/08\/09\/crecen-los-reclamos-por-la-higiene-y-seguridad-de-la-obra-cloacal-en-vel\/","title":{"rendered":"Crecen los reclamos por la higiene y seguridad de la obra cloacal en VEL"},"content":{"rendered":"<div class=\"boldgrid-section\">\n<div class=\"container\">\n<div class=\"row\">\n<div class=\"col-md-12 col-xs-12 col-sm-12\">\n<p>La obra de red cloacal en el barrio genera una ola de reclamos vinculados a la higiene y a la seguridad.<\/p>\n<p>La obra ha provocado reiteradas roturas de ca\u00f1os de la red de agua potable y de gas, lo que ha dejado a los vecinos algunos d\u00edas sin esos servicios hasta su reparaci\u00f3n.<\/p>\n<p>Uno de los sectores reclamados es la falta de ejecuci\u00f3n en la esquina de Carmelo Ibarra y Arani. &#8220;Hace m\u00e1s de una semana que est\u00e1 as\u00ed y nunca terminan de arreglarla\u201d, dicen los vecinos.<\/p>\n<p>La publicaci\u00f3n de la problem\u00e1tica genera comentarios en el Facebook de Las D\u00e9cima sobre el estado del barrio.<\/p>\n<p><a href=\"https:\/\/www.facebook.com\/luisa.garay.7923?comment_id=Y29tbWVudDoxOTcxMzQ4NDIzMDY0OTQyXzEwODMzMDM3MDU2NDc0NjA%3D&amp;__cft__%5b0%5d=AZWDtVSsOctSIaRVdAkUrFj3v70l0EABpfIO8RUW-JNaYbG00sVuAywkLv9kcrJlAnZQRhbtlYQp-OK5pxaFjBRmEjCyi4y4xnbTIDTNTi7aUgTEoC9Qh58xrziX1ROdc4_SKXRaiWR3N4gYOmPBHK2X6dGw1lvu_B_M3ikrFRJHmrHS7CO7eDQYkhC6YkltF2ju1K4SMb62Cgd2bYpqduSU&amp;__tn__=R*F\">Luisa Garay<\/a> dice: \u201cVerdaderamente empiezan algo y no lo terminan m\u00e1s es un verdadero desastre esa esquina\u201d.<\/p>\n<p class=\"\"><a href=\"https:\/\/www.facebook.com\/franco.nunez.1428?comment_id=Y29tbWVudDoxOTcxMzQ4NDIzMDY0OTQyXzM2MDEwNzkwNjMyOTY1Nw%3D%3D&amp;__cft__%5b0%5d=AZWDtVSsOctSIaRVdAkUrFj3v70l0EABpfIO8RUW-JNaYbG00sVuAywkLv9kcrJlAnZQRhbtlYQp-OK5pxaFjBRmEjCyi4y4xnbTIDTNTi7aUgTEoC9Qh58xrziX1ROdc4_SKXRaiWR3N4gYOmPBHK2X6dGw1lvu_B_M3ikrFRJHmrHS7CO7eDQYkhC6YkltF2ju1K4SMb62Cgd2bYpqduSU&amp;__tn__=R*F\">Franco Nu\u00f1ez<\/a> comenta: \u201cHace m\u00e1s de una semana que est\u00e1 as\u00ed yo vivo en la otra cuadra y tambi\u00e9n es un desastre\u201d.<\/p>\n<p><a href=\"https:\/\/www.facebook.com\/silvia.ceballos.77?comment_id=Y29tbWVudDoxOTcxMzQ4NDIzMDY0OTQyXzEyNDMxMDc0NTY1MjAzNzE%3D&amp;__cft__%5b0%5d=AZWDtVSsOctSIaRVdAkUrFj3v70l0EABpfIO8RUW-JNaYbG00sVuAywkLv9kcrJlAnZQRhbtlYQp-OK5pxaFjBRmEjCyi4y4xnbTIDTNTi7aUgTEoC9Qh58xrziX1ROdc4_SKXRaiWR3N4gYOmPBHK2X6dGw1lvu_B_M3ikrFRJHmrHS7CO7eDQYkhC6YkltF2ju1K4SMb62Cgd2bYpqduSU&amp;__tn__=R*F\">Silvia Ceballos<\/a> dice: \u201cRompieron las calles del barrio y dejaron echo un desastre\u201d.<\/p>\n<p><a href=\"https:\/\/www.facebook.com\/cristian.silvera.1428?comment_id=Y29tbWVudDoxOTcxMzQ4NDIzMDY0OTQyXzU3NDE4NjE4NDQxOTI3Mw%3D%3D&amp;__cft__%5b0%5d=AZWDtVSsOctSIaRVdAkUrFj3v70l0EABpfIO8RUW-JNaYbG00sVuAywkLv9kcrJlAnZQRhbtlYQp-OK5pxaFjBRmEjCyi4y4xnbTIDTNTi7aUgTEoC9Qh58xrziX1ROdc4_SKXRaiWR3N4gYOmPBHK2X6dGw1lvu_B_M3ikrFRJHmrHS7CO7eDQYkhC6YkltF2ju1K4SMb62Cgd2bYpqduSU&amp;__tn__=R*F\">Cristian Silvera<\/a> apunta: \u201cTodo el barrio est\u00e1 igual\u201d. Silvia Ceballos agrega: \u201cTodo lo que rompieron en las calles del barrio y dejaron hecho un desastre\u201d.<\/p>\n<p><a href=\"https:\/\/www.facebook.com\/yanina.deligorria?comment_id=Y29tbWVudDoxOTcxMzQ4NDIzMDY0OTQyXzU4OTUwMzkxOTM1NzAwMQ%3D%3D&amp;__cft__%5b0%5d=AZWDtVSsOctSIaRVdAkUrFj3v70l0EABpfIO8RUW-JNaYbG00sVuAywkLv9kcrJlAnZQRhbtlYQp-OK5pxaFjBRmEjCyi4y4xnbTIDTNTi7aUgTEoC9Qh58xrziX1ROdc4_SKXRaiWR3N4gYOmPBHK2X6dGw1lvu_B_M3ikrFRJHmrHS7CO7eDQYkhC6YkltF2ju1K4SMb62Cgd2bYpqduSU&amp;__tn__=R*F\">Yanina de Ligorria<\/a> se\u00f1ala que \u201ces una verg\u00fcenza, hacen una parte dejan as\u00ed nom\u00e1s. Todo echo un desastre\u201d, afirma.<\/p>\n<p><a href=\"https:\/\/www.facebook.com\/silvia.arias.391420?comment_id=Y29tbWVudDoxOTcxMzQ4NDIzMDY0OTQyXzExMDQ1Nzk2MDA0ODA2Nzk%3D&amp;__cft__%5b0%5d=AZWDtVSsOctSIaRVdAkUrFj3v70l0EABpfIO8RUW-JNaYbG00sVuAywkLv9kcrJlAnZQRhbtlYQp-OK5pxaFjBRmEjCyi4y4xnbTIDTNTi7aUgTEoC9Qh58xrziX1ROdc4_SKXRaiWR3N4gYOmPBHK2X6dGw1lvu_B_M3ikrFRJHmrHS7CO7eDQYkhC6YkltF2ju1K4SMb62Cgd2bYpqduSU&amp;__tn__=R*F\">Silvia Arias<\/a> indica: \u201cPor qu\u00e9 no vienen a la calle Matucana entre Carmelo Ibarra y Defensa, un desastre, nos toc\u00f3 la peor empresa de cloacas, rompieron hasta el asfalto y seg\u00fan dicen no lo piensan arreglar\u201d. &nbsp;<\/p>\n<p class=\"\"><a href=\"https:\/\/www.facebook.com\/matias.vl.56?comment_id=Y29tbWVudDoxOTcxMzQ4NDIzMDY0OTQyXzc4NTcyMzc5OTQ1NDcwOA%3D%3D&amp;__cft__%5b0%5d=AZWDtVSsOctSIaRVdAkUrFj3v70l0EABpfIO8RUW-JNaYbG00sVuAywkLv9kcrJlAnZQRhbtlYQp-OK5pxaFjBRmEjCyi4y4xnbTIDTNTi7aUgTEoC9Qh58xrziX1ROdc4_SKXRaiWR3N4gYOmPBHK2X6dGw1lvu_B_M3ikrFRJHmrHS7CO7eDQYkhC6YkltF2ju1K4SMb62Cgd2bYpqduSU&amp;__tn__=R*F\">Matias Exequiel<\/a> dice: \u201cLa calle Congreso desde Pumamarca hasta la avenida de Mayo es un desastre! No la terminan m\u00e1s de arreglar! Hace m\u00e1s de 2 semana que est\u00e1 cortado\u201d, se\u00f1ala.<\/p>\n<p class=\"\">\n<div class=\"ubm_banner\"><a href=\"https:\/\/www.cba.gov.ar\" target=\"_blank\" rel=\"dofollow noopener noreferrer\"><img src=\"http:\/\/hoycordobaweb.com\/wp-content\/uploads\/2022\/08\/crecen-los-reclamos-por-la-higiene-y-seguridad-de-la-obra-cloacal-en-vel.gif\" alt=\"\"><\/a><\/div>\n<\/div>\n<\/div>\n<\/div>\n<\/div>\n<p>La entrada <a rel=\"nofollow\" href=\"https:\/\/ladecimaweb.com\/crecen-los-reclamos-por-la-higiene-y-seguridad-de-la-obra-cloacal-en-vel\/\">Crecen los reclamos por la higiene y seguridad de la obra cloacal en VEL<\/a> se public\u00f3 primero en <a rel=\"nofollow\" href=\"https:\/\/ladecimaweb.com\">LaDecima<\/a>.<\/p>\n","protected":false},"excerpt":{"rendered":"<p>La obra de red cloacal en el barrio genera una ola de reclamos vinculados a la higiene y a la seguridad. La obra ha provocado reiteradas roturas de ca\u00f1os de la red de agua potable y de gas, lo que ha dejado a los vecinos algunos d\u00edas sin esos servicios hasta su reparaci\u00f3n. Uno de [&hellip;]<\/p>\n","protected":false},"author":1,"featured_media":46586,"comment_status":"closed","ping_status":"closed","sticky":false,"template":"","format":"standard","meta":[],"categories":[19],"tags":[],"_links":{"self":[{"href":"http:\/\/hoycordobaweb.com\/index.php\/wp-json\/wp\/v2\/posts\/46585"}],"collection":[{"href":"http:\/\/hoycordobaweb.com\/index.php\/wp-json\/wp\/v2\/posts"}],"about":[{"href":"http:\/\/hoycordobaweb.com\/index.php\/wp-json\/wp\/v2\/types\/post"}],"author":[{"embeddable":true,"href":"http:\/\/hoycordobaweb.com\/index.php\/wp-json\/wp\/v2\/users\/1"}],"replies":[{"embeddable":true,"href":"http:\/\/hoycordobaweb.com\/index.php\/wp-json\/wp\/v2\/comments?post=46585"}],"version-history":[{"count":0,"href":"http:\/\/hoycordobaweb.com\/index.php\/wp-json\/wp\/v2\/posts\/46585\/revisions"}],"wp:featuredmedia":[{"embeddable":true,"href":"http:\/\/hoycordobaweb.com\/index.php\/wp-json\/wp\/v2\/media\/46586"}],"wp:attachment":[{"href":"http:\/\/hoycordobaweb.com\/index.php\/wp-json\/wp\/v2\/media?parent=46585"}],"wp:term":[{"taxonomy":"category","embeddable":true,"href":"http:\/\/hoycordobaweb.com\/index.php\/wp-json\/wp\/v2\/categories?post=46585"},{"taxonomy":"post_tag","embeddable":true,"href":"http:\/\/hoycordobaweb.com\/index.php\/wp-json\/wp\/v2\/tags?post=46585"}],"curies":[{"name":"wp","href":"https:\/\/api.w.org\/{rel}","templated":true}]}}